{"id":11825,"date":"2009-07-21T23:19:58","date_gmt":"2009-07-21T20:19:58","guid":{"rendered":"http:\/\/www.korhanyilmaz.com\/?p=11825"},"modified":"2009-07-21T23:19:58","modified_gmt":"2009-07-21T20:19:58","slug":"generallere-suikast-iddiasina-tutuklama","status":"publish","type":"post","link":"http:\/\/www.korhanyilmaz.com\/?p=11825","title":{"rendered":"Generallere suikast iddias\u0131na tutuklama"},"content":{"rendered":"<p style=\"text-align: center;\"><img loading=\"lazy\" decoding=\"async\" class=\"aligncenter size-full wp-image-11826\" src=\"http:\/\/www.korhanyilmaz.com\/wp-content\/uploads\/2009\/07\/TEGMENLER.jpg\" alt=\"\" width=\"307\" height=\"236\" \/><\/p>\n<p style=\"text-align: justify;\">Hafta sonunda g\u00f6zalt\u0131na al\u0131nan G\u00f6lc\u00fck Donanma Komutanl\u0131\u011f\u0131&#8217;nda g\u00f6revli 3 te\u011fmen ile ba\u011flant\u0131da olduklar\u0131 1 sivil, savc\u0131l\u0131k sorgular\u0131n\u0131n ard\u0131ndan tutuklama talebiyle mahkemeye sevkedildi. 3 te\u011fmen mahkeme taraf\u0131ndan tutuklan\u0131rken, sivil olan ki\u015fi ise serbest b\u0131rak\u0131ld\u0131.<\/p>\n<p style=\"text-align: justify;\">\u0130stanbul ve G\u00f6lc\u00fck&#8217;te e\u015f zamanl\u0131 olarak d\u00fczenlenen operasyonda &#8220;TNT kal\u0131plar\u0131 ve uyu\u015fturucu maddelerle g\u00f6zalt\u0131na al\u0131nd\u0131klar\u0131&#8221; \u00f6ne s\u00fcr\u00fclen 3&#8217;\u00fc muvazzaf subay 4 ki\u015fi, tutuklanmalar\u0131 istemiyle mahkemeye sevk edildi.<\/p>\n<p style=\"text-align: justify;\">Be\u015fikta\u015f&#8217;taki \u0130stanbul Adliyesi&#8217;ne getirilen 3 te\u011fmen ile bir sivil, Cumhuriyet Savc\u0131s\u0131 S\u00fcleyman Pehlivan taraf\u0131ndan yakla\u015f\u0131k 8 saat s\u00fcreyle sorguland\u0131.<\/p>\n<p style=\"text-align: justify;\">Bu ki\u015filerden muvazzaf subaylar &#8220;\u00f6rg\u00fct \u00fcyeli\u011fi&#8221;, sivil \u015f\u00fcpheli ise &#8220;uyu\u015fturucu ticareti yapmak&#8221; su\u00e7undan tutuklanmalar\u0131 istemiyle n\u00f6bet\u00e7i mahkemeye sevk edildi. <!--more--><\/p>\n<p style=\"text-align: justify;\">Mahkeme 3 muvazzaf subay tutuklanmas\u0131na, sivil \u015f\u00fcphelinin ise serbest b\u0131rak\u0131lmas\u0131na karar verdi.<\/p>\n<p style=\"text-align: justify;\">Tutuklanan 3 muvazzaf subay\u0131n\u0131n avukat\u0131 Mehmet Aytekin, m\u00fcvekkillerinin &#8220;silahl\u0131 ter\u00f6r \u00f6rg\u00fct\u00fcne \u00fcye olmakla su\u00e7land\u0131\u011f\u0131n\u0131&#8221; bildirdi.<\/p>\n<p style=\"text-align: justify;\">Be\u015fikta\u015f&#8217;taki \u0130stanbul Adliyesi \u00f6n\u00fcnde gazetecilerin sorular\u0131n\u0131 yan\u0131tlayan Aytekin, muvazzaf subaylar\u0131n mahkemede avukat olmadan sorguland\u0131klar\u0131n\u0131, avukat talep etmelerine ra\u011fmen talepleri dikkate al\u0131nmadan tutuklanmalar\u0131na karar verildi\u011fini ileri s\u00fcrd\u00fc.<\/p>\n<p style=\"text-align: justify;\">Subaylar\u0131n adliyedeki i\u015flemlerinin avukatlar\u0131 beklenmeden yap\u0131ld\u0131\u011f\u0131n\u0131 \u00f6ne s\u00fcren Aytekin, &#8220;M\u00fcvekkillerim &#8216;silahl\u0131 ter\u00f6r \u00f6rg\u00fct\u00fcne \u00fcye olmak&#8217; su\u00e7undan tutukland\u0131lar. Subaylar avukatlar\u0131 olmad\u0131\u011f\u0131 i\u00e7in mahkemede ifade vermeyi reddettiler&#8221; diye konu\u015ftu.<\/p>\n<p style=\"text-align: justify;\">Aytekin, polisin yapt\u0131\u011f\u0131 arama s\u0131ras\u0131nda CMK&#8217;ya ayk\u0131r\u0131 davran\u0131ld\u0131\u011f\u0131n\u0131 ileri s\u00fcrerek, 3 subay\u0131n birlikte kald\u0131klar\u0131 G\u00f6lc\u00fck&#8217;teki evlerindeki bilgisayarlar\u0131na da el konuldu\u011funu kaydetti.<\/p>\n<p style=\"text-align: justify;\">Bu arada, mahkeme taraf\u0131ndan tutuklanan 3 muvazzaf subay\u0131n, Hasdal Askeri Cezaevi&#8217;ne g\u00f6nderildi\u011fi belirtildi.<\/p>\n<p style=\"text-align: justify;\"><span style=\"color: #888888;\"><em>CNN T\u00dcRK<\/em><\/span><\/p>\n","protected":false},"excerpt":{"rendered":"<p style=\"text-align: center;\">\n<p style=\"text-align: justify;\">Hafta sonunda g\u00f6zalt\u0131na al\u0131nan G\u00f6lc\u00fck Donanma Komutanl\u0131\u011f\u0131&#8217;nda g\u00f6revli 3 te\u011fmen ile ba\u011flant\u0131da olduklar\u0131 1 sivil, savc\u0131l\u0131k sorgular\u0131n\u0131n ard\u0131ndan tutuklama talebiyle mahkemeye sevkedildi. 3 te\u011fmen mahkeme taraf\u0131ndan tutuklan\u0131rken, sivil olan ki\u015fi ise serbest b\u0131rak\u0131ld\u0131.<\/p>\n<p style=\"text-align: justify;\">\u0130stanbul ve G\u00f6lc\u00fck&#8217;te e\u015f zamanl\u0131 olarak d\u00fczenlenen operasyonda &#8220;TNT kal\u0131plar\u0131 ve uyu\u015fturucu maddelerle g\u00f6zalt\u0131na al\u0131nd\u0131klar\u0131&#8221; <\/p>\n","protected":false},"author":1,"featured_media":0,"comment_status":"open","ping_status":"closed","sticky":false,"template":"","format":"standard","meta":{"footnotes":""},"categories":[105],"tags":[],"class_list":["post-11825","post","type-post","status-publish","format-standard","hentry","category-gundem","odd"],"_links":{"self":[{"href":"http:\/\/www.korhanyilmaz.com\/index.php?rest_route=\/wp\/v2\/posts\/11825","targetHints":{"allow":["GET"]}}],"collection":[{"href":"http:\/\/www.korhanyilmaz.com\/index.php?rest_route=\/wp\/v2\/posts"}],"about":[{"href":"http:\/\/www.korhanyilmaz.com\/index.php?rest_route=\/wp\/v2\/types\/post"}],"author":[{"embeddable":true,"href":"http:\/\/www.korhanyilmaz.com\/index.php?rest_route=\/wp\/v2\/users\/1"}],"replies":[{"embeddable":true,"href":"http:\/\/www.korhanyilmaz.com\/index.php?rest_route=%2Fwp%2Fv2%2Fcomments&post=11825"}],"version-history":[{"count":0,"href":"http:\/\/www.korhanyilmaz.com\/index.php?rest_route=\/wp\/v2\/posts\/11825\/revisions"}],"wp:attachment":[{"href":"http:\/\/www.korhanyilmaz.com\/index.php?rest_route=%2Fwp%2Fv2%2Fmedia&parent=11825"}],"wp:term":[{"taxonomy":"category","embeddable":true,"href":"http:\/\/www.korhanyilmaz.com\/index.php?rest_route=%2Fwp%2Fv2%2Fcategories&post=11825"},{"taxonomy":"post_tag","embeddable":true,"href":"http:\/\/www.korhanyilmaz.com\/index.php?rest_route=%2Fwp%2Fv2%2Ftags&post=11825"}],"curies":[{"name":"wp","href":"https:\/\/api.w.org\/{rel}","templated":true}]}}