{"id":11814,"date":"2009-07-21T11:25:00","date_gmt":"2009-07-21T08:25:00","guid":{"rendered":"http:\/\/www.korhanyilmaz.com\/?p=11814"},"modified":"2009-07-21T11:25:00","modified_gmt":"2009-07-21T08:25:00","slug":"turkiye%e2%80%99nin-gelecegi-sekilleniyor","status":"publish","type":"post","link":"http:\/\/www.korhanyilmaz.com\/?p=11814","title":{"rendered":"T\u00fcrkiye\u2019nin gelece\u011fi \u015fekilleniyor"},"content":{"rendered":"<p style=\"text-align: center;\"><img loading=\"lazy\" decoding=\"async\" class=\"aligncenter size-full wp-image-11815\" src=\"http:\/\/www.korhanyilmaz.com\/wp-content\/uploads\/2009\/07\/220720090044444099244.jpg\" alt=\"\" width=\"329\" height=\"210\" \/><\/p>\n<p style=\"text-align: justify;\">Ergenekon davas\u0131 d\u00fcnya bas\u0131n\u0131nda da geni\u015f yank\u0131 buluyor. \u0130\u015fte d\u00fcnk\u00fc baz\u0131 yorumlar&#8230;<\/p>\n<p style=\"text-align: justify;\"><strong>THE INDEPENDENT (\u0130ngiltere):<\/strong><\/p>\n<p style=\"text-align: justify;\">Davay\u0131 \u201cT\u00fcrkiye\u2019yi yeniden tan\u0131mlayacak olan dava\u201d diye niteleyen gazete \u015fu ifadeleri kulland\u0131: \u201c142 san\u0131kl\u0131 hukuk s\u00fcrecine alk\u0131\u015f tutup tutmamak, T\u00fcrkiye\u2019ye ve AKP h\u00fck\u00fcmetine nas\u0131l bakt\u0131\u011f\u0131n\u0131za ba\u011fl\u0131. Modern bir devlet olabilmesi i\u00e7in darbelerle dolu askeri ge\u00e7mi\u015finden kendini kopartmas\u0131 \u015fart bir T\u00fcrkiye mi var g\u00f6z\u00fcn\u00fcz\u00fcn \u00f6n\u00fcnde, yoksa laik anayasas\u0131 dinci bir h\u00fck\u00fcmet taraf\u0131ndan alt \u00fcst edilecek diye endi\u015fe duydu\u011funuz bir T\u00fcrkiye mi? Bir\u00e7oklar\u0131 i\u00e7in Ergenekon san\u0131klar\u0131n\u0131n ba\u015far\u0131l\u0131 bi\u00e7imde yarg\u0131lanmas\u0131, askeri iktidar\u0131n demokratik devlet \u00f6n\u00fcnde boyun e\u011fmesi olarak alk\u0131\u015f bulacak. Aralar\u0131nda Bat\u0131 yanl\u0131s\u0131 liberallerin de bulundu\u011fu ba\u015fkalar\u0131 i\u00e7inse ordu, b\u00fct\u00fcn hatalar\u0131na kar\u015f\u0131n, laik anayasan\u0131n bek\u00e7isi durumunda. Bu kesim Ergenekon davas\u0131n\u0131, T\u00fcrkiye\u2019yi sinsice \u0130slamla\u015ft\u0131rmaya \u00e7al\u0131\u015fanlar\u0131n muhaliflerini tasfiye giri\u015fimi olarak g\u00f6r\u00fcyor. Umuluyor ki AKP\u2019nin dini emelleri laik kar\u015f\u0131tlar\u0131n\u0131n sand\u0131\u011f\u0131 gibi \u00e7\u0131kmas\u0131n. \u00c7\u00fcnk\u00fc bir \u015fey kesin, T\u00fcrkiye ordunun siyasete m\u00fcdahele etmesinden fazlas\u0131yla \u00e7ekti. Ger\u00e7ek anlam\u0131yla modern bir devlet olacaksa, ikisi aras\u0131ndaki ayr\u0131m\u0131 a\u00e7\u0131k ve mutlak bi\u00e7imde yapmal\u0131.\u201d<!--more--><\/p>\n<p style=\"text-align: justify;\"><strong>THE TIMES (\u0130ngiltere): <\/strong><\/p>\n<p style=\"text-align: justify;\">\u201cHur\u015fit Tolon ve \u015eener Eruygur, modern T\u00fcrkiye\u2019nin tarihinde san\u0131k sandalyesine oturan en \u00fcst d\u00fczey askerler oldu. 1996 y\u0131l\u0131nda meydana gelen Susurluk Olay\u0131\u2019nda oldu\u011fu gibi T\u00fcrkiye\u2019de hukuk bundan \u00f6nce de \u201dDerin Devlet\u201ce kar\u015f\u0131 ad\u0131mlar att\u0131. Ancak ilerleme sa\u011flanamad\u0131. Bu sefer de Ergenekon\u2019da bir yere var\u0131lamamas\u0131ndan endi\u015fe edenler var. Eruygur ve Tolon\u2019un \u00f6nce bir askeri hastaneye kald\u0131r\u0131l\u0131p daha sonra serbest b\u0131rak\u0131lmalar\u0131 bir s\u00fcredir kafalarda soru i\u015faretleri yaratt\u0131. Davan\u0131n arkas\u0131nda bir siyasi irade var. Eskiden \u2018belgeleri kaybeden\u2019 T\u00fcrk savc\u0131lar\u0131, davay\u0131 sonu\u00e7land\u0131rmaya kararl\u0131 g\u00f6r\u00fcn\u00fcyor.<\/p>\n<p style=\"text-align: justify;\"><strong>TAGESZE\u0130TUNG (Almanya): <\/strong><\/p>\n<p style=\"text-align: justify;\">\u201dErdo\u011fan iktidarda kald\u0131k\u00e7a, y\u00f6netim daha otokrat bir hal al\u0131yor. Ordu g\u00fcc\u00fcn\u00fc kaybederken 1980 darbesiyle elde edilen antidemokratik y\u00f6netim ara\u00e7lar\u0131 ortadan kald\u0131r\u0131lm\u0131yor, kendi \u00e7\u0131karlar\u0131 do\u011frultusunda \u015fekillendiriliyor. Bas\u0131n bask\u0131 alt\u0131na sokulurken, din rakiplere g\u00f6zda\u011f\u0131 vermede kullan\u0131l\u0131yor. \u015eu s\u0131ra T\u00fcrkiye\u2019de \u00f6zg\u00fcrl\u00fckler geni\u015fliyor ancak bunun kal\u0131c\u0131 ve istikrarl\u0131 bir hal almas\u0131 i\u00e7in sivil muhalefetin olu\u015fmas\u0131 gerekiyor. Bu sivil muhalefet \u015fimdiye kadar ordunun AKP iktidar\u0131 kar\u015f\u0131nda \u00fcstlendi\u011fi rol\u00fc, yeni ve demokratik \u00e7er\u00e7evede devralmal\u0131. Bu toplumsal muhalefet hen\u00fcz o kadar zay\u0131f ki, Erdo\u011fan padi\u015fah edas\u0131yla neredeyse hi\u00e7 \u00e7ekinmmeden istedi\u011fini yap\u0131yor.\u201c<\/p>\n<p style=\"text-align: justify;\"><span style=\"color: #888888;\"><em>Kaynak : Vatan<\/em><\/span><\/p>\n","protected":false},"excerpt":{"rendered":"<p style=\"text-align: center;\">\n<p style=\"text-align: justify;\">Ergenekon davas\u0131 d\u00fcnya bas\u0131n\u0131nda da geni\u015f yank\u0131 buluyor. \u0130\u015fte d\u00fcnk\u00fc baz\u0131 yorumlar&#8230;<\/p>\n<p style=\"text-align: justify;\">THE INDEPENDENT (\u0130ngiltere):<\/p>\n<p style=\"text-align: justify;\">Davay\u0131 \u201cT\u00fcrkiye\u2019yi yeniden tan\u0131mlayacak olan dava\u201d diye niteleyen gazete \u015fu ifadeleri kulland\u0131: \u201c142 san\u0131kl\u0131 hukuk s\u00fcrecine alk\u0131\u015f tutup tutmamak, T\u00fcrkiye\u2019ye ve AKP h\u00fck\u00fcmetine nas\u0131l bakt\u0131\u011f\u0131n\u0131za ba\u011fl\u0131. Modern bir devlet olabilmesi i\u00e7in <\/p>\n","protected":false},"author":1,"featured_media":0,"comment_status":"open","ping_status":"closed","sticky":false,"template":"","format":"standard","meta":{"footnotes":""},"categories":[3,105],"tags":[],"class_list":["post-11814","post","type-post","status-publish","format-standard","hentry","category-dunya","category-gundem","odd"],"_links":{"self":[{"href":"http:\/\/www.korhanyilmaz.com\/index.php?rest_route=\/wp\/v2\/posts\/11814","targetHints":{"allow":["GET"]}}],"collection":[{"href":"http:\/\/www.korhanyilmaz.com\/index.php?rest_route=\/wp\/v2\/posts"}],"about":[{"href":"http:\/\/www.korhanyilmaz.com\/index.php?rest_route=\/wp\/v2\/types\/post"}],"author":[{"embeddable":true,"href":"http:\/\/www.korhanyilmaz.com\/index.php?rest_route=\/wp\/v2\/users\/1"}],"replies":[{"embeddable":true,"href":"http:\/\/www.korhanyilmaz.com\/index.php?rest_route=%2Fwp%2Fv2%2Fcomments&post=11814"}],"version-history":[{"count":0,"href":"http:\/\/www.korhanyilmaz.com\/index.php?rest_route=\/wp\/v2\/posts\/11814\/revisions"}],"wp:attachment":[{"href":"http:\/\/www.korhanyilmaz.com\/index.php?rest_route=%2Fwp%2Fv2%2Fmedia&parent=11814"}],"wp:term":[{"taxonomy":"category","embeddable":true,"href":"http:\/\/www.korhanyilmaz.com\/index.php?rest_route=%2Fwp%2Fv2%2Fcategories&post=11814"},{"taxonomy":"post_tag","embeddable":true,"href":"http:\/\/www.korhanyilmaz.com\/index.php?rest_route=%2Fwp%2Fv2%2Ftags&post=11814"}],"curies":[{"name":"wp","href":"https:\/\/api.w.org\/{rel}","templated":true}]}}