{"id":11798,"date":"2009-07-20T12:45:39","date_gmt":"2009-07-20T09:45:39","guid":{"rendered":"http:\/\/www.korhanyilmaz.com\/?p=11798"},"modified":"2009-07-20T12:45:39","modified_gmt":"2009-07-20T09:45:39","slug":"durusmaya-damga-vuran-diyaloglar","status":"publish","type":"post","link":"http:\/\/www.korhanyilmaz.com\/?p=11798","title":{"rendered":"Duru\u015fmaya damga vuran diyaloglar"},"content":{"rendered":"<p><img loading=\"lazy\" decoding=\"async\" class=\"alignleft size-full wp-image-11799\" style=\"margin-left: 10px; margin-right: 10px;\" src=\"http:\/\/www.korhanyilmaz.com\/wp-content\/uploads\/2009\/07\/tuncay-ozkan-gozaltina-alindi_o.jpg\" alt=\"\" width=\"200\" height=\"200\" \/><\/p>\n<p style=\"text-align: justify;\"><strong><em>AKP iktidar\u0131n\u0131n gitmesi i\u00e7in her\u015feyi yapar\u0131m. <\/em><\/strong><\/p>\n<p style=\"text-align: justify;\">\u0130kinci &#8220;Ergenekon&#8221; davas\u0131 kapsam\u0131nda tutuklu yarg\u0131lanan san\u0131k Tuncay \u00d6zkan, &#8220;Ben AKP iktidar\u0131n\u0131n gitmesi i\u00e7in her \u015feyi yapar\u0131m. Ben muhalifim. Erdo\u011fan iktidar\u0131n\u0131n, Tuncay \u00d6zkan veya ba\u015fkalar\u0131n\u0131 susturmak i\u00e7in a\u011fz\u0131na bant \u00e7ekmesine, T\u00fcrkiye&#8217;yi \u00e7\u00f6le \u00e7evirmesine izin vermeyin&#8221; dedi.<\/p>\n<p style=\"text-align: justify;\">\u0130stanbul 13. A\u011f\u0131r Ceza Mahkemesinde tutuklu san\u0131klardan gazeteci Tuncay \u00d6zkan, duru\u015fmada s\u00f6z alarak Mahkeme Ba\u015fkan\u0131 K\u00f6ksal \u015eeng\u00fcn&#8217;e &#8220;Aram\u0131zda bir husumet var m\u0131 Say\u0131n Ba\u015fkan\u0131m&#8221; diye sordu.<\/p>\n<p style=\"text-align: justify;\">\u015eeng\u00fcn&#8217;\u00fcn &#8220;mahkemenin kimseye husumeti olamaz&#8221; demesi \u00fczerine \u00d6zkan, &#8220;O zaman usulle ilgili bir \u015fey s\u00f6ylemek istiyorum. San\u0131klarla ilgili her g\u00fcn yay\u0131nlar yap\u0131l\u0131yor. K\u0131z\u0131mla annemle konu\u015fmalar\u0131m iddianamede yer al\u0131yor. Bana ve avukat\u0131ma dahi verilmeyen savunmam ertesi g\u00fcn bas\u0131nda yer al\u0131yor&#8221; diye konu\u015ftu.<\/p>\n<p style=\"text-align: justify;\">Bu konuyla ilgili mahkemenin neden bir \u015fey yapmad\u0131\u011f\u0131n\u0131 soran \u00d6zkan&#8217;a, \u015eeng\u00fcn, mahkemenin bu konuda ilgili yerlere ba\u015fvurdu\u011funu s\u00f6yledi.\u015eeng\u00fcn&#8217;\u00fcn san\u0131k ve m\u00fcdafilerin baz\u0131 konu\u015fmalar\u0131n\u0131 alk\u0131\u015flayan izleyicileri uyarmas\u0131n\u0131 da ele\u015ftiren \u00d6zkan, &#8220;Bu televizyon kanallar\u0131n\u0131n ki\u015filik haklar\u0131m\u0131za hakaret etmesine izin veriyorsan\u0131z, neden izin veriyorsunuz. Ama buradaki insanlara k\u0131z\u0131yorsunuz. Bu insanlar bize de\u011fil, vatana, ahde vefaya, Mustafa Kemal&#8217;e a\u015fklar\u0131n\u0131 anlatmaya geldiler. Bu insanlara k\u0131z\u0131yorsunuz. Ben politik nedenle tutukluyum. Ben ter\u00f6rist de\u011filim, ben Mustafa Kemal&#8217;in askeriyim&#8221; \u015feklinde konu\u015ftu. <!--more--><\/p>\n<p style=\"text-align: justify;\">\u00d6zkan&#8217;\u0131n bu s\u00f6zlerinin de baz\u0131 izleyiciler taraf\u0131ndan alk\u0131\u015flanmas\u0131 \u00fczerine Mahkeme Ba\u015fkan\u0131 \u015eeng\u00fcn, jandarmalar\u0131 \u00e7a\u011f\u0131rd\u0131.<\/p>\n<p style=\"text-align: justify;\">Bunun \u00fczerine \u00d6zkan, &#8220;Bunu yaparsan\u0131z ger\u00e7ekten tarafgir olmu\u015f olursunuz. Bunu yapmay\u0131n Ba\u015fkan&#8221; dedi.<\/p>\n<p style=\"text-align: justify;\">Bu s\u0131rada baz\u0131 izleyiciler salondan d\u0131\u015far\u0131 \u00e7\u0131kt\u0131. \u00d6zkan&#8217;\u0131n y\u00fcksek sesle konu\u015fmaya devam etmesi \u00fczerine \u015eeng\u00fcn, \u00d6zkan&#8217;\u0131 birka\u00e7 defa &#8221; sakin olun&#8221; diyerek uyard\u0131.<\/p>\n<p style=\"text-align: justify;\">\u00d6zkan, ne su\u00e7 i\u015fledi\u011fini halen bilmedi\u011fini belirterek, &#8220;Ne su\u00e7 i\u015flemi\u015fim s\u00f6ylenmesini istiyorum. Ben AKP iktidar\u0131n\u0131n gitmesi i\u00e7in her \u015feyi yapar\u0131m. Ben muhalifim. Erdo\u011fan iktidar\u0131n\u0131n, Tuncay \u00d6zkan veya ba\u015fkalar\u0131n\u0131 susturmak i\u00e7in a\u011fz\u0131na bant \u00e7ekmesine, T\u00fcrkiye&#8217;yi \u00e7\u00f6le \u00e7evirmesine izin vermeyin&#8221; diye konu\u015ftu.<\/p>\n<p style=\"text-align: justify;\">Tuncay \u00d6zkan&#8217;\u0131n avukatlar\u0131ndan Selami Menev\u015fe de s\u00f6z alarak konu\u015fma yapmak istedi.Mahkeme Ba\u015fkan\u0131 \u015eeng\u00fcn, Menev\u015fe&#8217;yi aya\u011fa kalkarak konu\u015fmas\u0131 i\u00e7in uyard\u0131.<\/p>\n<p style=\"text-align: justify;\">Avukatlar\u0131n konu\u015fmalar\u0131n\u0131n ayakta yapmas\u0131 y\u00f6n\u00fcnde bir kural olmad\u0131\u011f\u0131n\u0131 s\u00f6yleyen Menev\u015fe, \u015eeng\u00fcn&#8217;\u00fcn aya\u011fa kalkmas\u0131 y\u00f6n\u00fcnde birka\u00e7 kez uyarmas\u0131 \u00fczerine devam edemeyece\u011fini belirterek, konu\u015fma yapmaktan vazge\u00e7ti.<\/p>\n<p style=\"text-align: justify;\">Tutuksuz san\u0131k Hur\u015fit Tolon&#8217;un avukat\u0131 K\u00f6ksal Bayraktar da \u00fcye hakim Sedat Sami Ha\u015f\u0131lo\u011flu&#8217;nun dinsel ama\u00e7lar g\u00fcden d\u00f6rt ayr\u0131 aile vakf\u0131yla yak\u0131n ba\u011flant\u0131 i\u00e7inde bulundu\u011funu \u00f6ne s\u00fcrerek, &#8220;Say\u0131n yarg\u0131\u00e7 sahip oldu\u011fu aile \u00f6zellikleri ve \u00fcyesi bulundu\u011fu d\u00f6rt ayr\u0131 vak\u0131f nedeniyle objektif davranamaz.<\/p>\n<p style=\"text-align: justify;\">\u00c7ekilmesi gerekir. E\u011fer g\u00f6revinden \u00e7ekilmezse biz kendisini reddetmek mecburiyetinde kal\u0131r\u0131z&#8221; diye konu\u015ftu.<\/p>\n<p style=\"text-align: justify;\">San\u0131klardan Durmu\u015f Ali \u00d6zo\u011flu&#8217;nun avukat\u0131 Cavit Suve\u015f de salonda bulunan kameralardan birinin mahkeme heyetine d\u00f6n\u00fck oldu\u011funu ve mahkeme heyetinin ald\u0131\u011f\u0131 notlar\u0131 bile kaydedebilecek potansiyelde oldu\u011funu savunarak, bunun dahi mahkeme heyetine bask\u0131 anlam\u0131na geldi\u011fini ileri s\u00fcrd\u00fc.Bunun \u00fczerine bunun do\u011fru olmad\u0131\u011f\u0131n\u0131 s\u00f6yleyen Mahkeme Ba\u015fkan\u0131 \u015eeng\u00fcn,g\u00f6revliden s\u00f6z konusu kameray\u0131 mahkeme heyetine \u00e7evirerek bunu g\u00f6stermesini istedi.<\/p>\n<p style=\"text-align: justify;\">G\u00f6revlinin kameray\u0131 \u00e7evirmesiyle mahkeme heyetinin masas\u0131 ve \u00f6nlerindeki bilgisayarlar g\u00f6r\u00fcnt\u00fclendi.<\/p>\n<p style=\"text-align: justify;\">San\u0131klardan Osman G\u00fcrb\u00fcz&#8217;\u00fcn avukat\u0131 Erdem Olgun da soru\u015fturma esnas\u0131nda g\u00f6rev yapm\u0131\u015f olmas\u0131 nedeniyle \u00fcye Hakim Ha\u015f\u0131lo\u011flu&#8217;nun kovu\u015fturma esnas\u0131nda g\u00f6rev yapamayaca\u011f\u0131n\u0131 s\u00f6yledi. Atat\u00fcrk resimli bir kravat takt\u0131\u011f\u0131 dikkati \u00e7eken avukat Olgun,Ha\u015f\u0131lo\u011flu&#8217;nun g\u00f6revden \u00e7ekilmesi gerekti\u011fini savundu.<\/p>\n<p style=\"text-align: justify;\">Bu arada, eski bakanlardan Ya\u015far Okuyan&#8217;\u0131n da izleyiciler b\u00f6l\u00fcm\u00fcnde duru\u015fmay\u0131 izledi\u011fi g\u00f6zlendi.<\/p>\n<p style=\"text-align: justify;\"><strong><em>PROFOSYONEL SU\u00c7LUYUM <\/em><\/strong><\/p>\n<p style=\"text-align: justify;\">\u0130kinci &#8220;Ergenekon&#8221; davas\u0131n\u0131n \u00f6\u011fleden \u00f6nceki b\u00f6l\u00fcm\u00fcnde, tutuklu ve tutuksuz toplam 48 san\u0131\u011f\u0131n kimlik tespiti yap\u0131ld\u0131.<\/p>\n<p style=\"text-align: justify;\">\u0130stanbul 13. A\u011f\u0131r Ceza Mahkemesince Silivri Ceza ve \u0130nfaz Kurumlar\u0131 Yerle\u015fkesi&#8217;nde g\u00f6r\u00fclen davan\u0131n ilk duru\u015fmas\u0131nda kimlik tespiti yap\u0131lan tutuksuz san\u0131k Tanju G\u00fcvendiren, emekli albay oldu\u011funu belirterek, ayl\u0131k gelirinin de 14 bin TL oldu\u011funu s\u00f6yledi.<\/p>\n<p style=\"text-align: justify;\">Tutuklu san\u0131klardan Tuncay \u00d6zkan da kimlik tespiti s\u0131ras\u0131nda Mahkeme Heyeti Ba\u015fkan\u0131 K\u00f6ksal \u015eeng\u00fcn&#8217;\u00fcn ikametgah adresini sormas\u0131 \u00fczerine, ikametgah\u0131n\u0131n Silivri Cezaevi oldu\u011funu ifade etti.<\/p>\n<p style=\"text-align: justify;\">\u00dcniversite mezunu oldu\u011funu belirten \u00d6zkan, Yeni Parti Genel Ba\u015fkan\u0131 oldu\u011funu ve gazetecilik yapt\u0131\u011f\u0131n\u0131 bildirdi.<\/p>\n<p style=\"text-align: justify;\">Bu s\u0131rada duru\u015fma salonunun izleyici b\u00f6l\u00fcm\u00fcnde oturan baz\u0131 ki\u015filer, \u00d6zkan&#8217;\u0131 alk\u0131\u015flad\u0131. Ba\u015fkan \u015eeng\u00fcn de, &#8220;Buras\u0131 duru\u015fma salonu, hepinizi d\u0131\u015far\u0131 att\u0131r\u0131r\u0131m&#8221; diyerek uyar\u0131da bulundu. \u00d6zkan da &#8220;10 ayd\u0131r g\u00f6remedikleri bir insan i\u00e7in m\u00fcsamaha g\u00f6sterin efendim&#8221; dedi. Ba\u015fkan \u015eeng\u00fcn ise duru\u015fma salonunda alk\u0131\u015fa izin vermeyece\u011fini s\u00f6yledi. Tuncay \u00d6zkan, soru \u00fczerine kitaplar\u0131yla birlikte ayl\u0131k gelirinin 4 bin TL oldu\u011funu belirtti.<\/p>\n<p style=\"text-align: justify;\">Tutuklu san\u0131klardan Adil Serdar Sa\u00e7an da Polis Akademisi mezunu oldu\u011funu ve Hukuk Fak\u00fcltesi&#8217;ni bitirdi\u011fini ifade etti.<\/p>\n<p style=\"text-align: justify;\">Ba\u015fkan \u015eeng\u00fcn&#8217;\u00fcn ayl\u0131k gelirini sordu\u011fu Sa\u00e7an, &#8220;Buraya gelmeden \u00f6nce avukatt\u0131m. Fiilen avukatl\u0131k yapm\u0131yorum. Polislikten at\u0131ld\u0131m. Mesle\u011fe geri d\u00f6nd\u00fcm, ama ba\u015flamadan tutukland\u0131m. Gelirim yok, emekli de\u011filim&#8221; dedi.<\/p>\n<p style=\"text-align: justify;\"><strong><em>-&#8220;ERGENEKON EMEKL\u0130S\u0130Y\u0130M&#8221;- <\/em><\/strong><\/p>\n<p style=\"text-align: justify;\">Tutuklu san\u0131klardan G\u00fcrb\u00fcz \u00c7apan da Ba\u015fkan \u015eeng\u00fcn&#8217;\u00fcn mesle\u011fini sormas\u0131 \u00fczerine \u015f\u00f6yle konu\u015ftu:<\/p>\n<p style=\"text-align: justify;\">&#8220;Doktorum. Ben su\u00e7 i\u015flerim. T\u00fcrkiye&#8217;de ne kadar su\u00e7 varsa ben i\u015flerim. Daha \u00f6nce Dev-Yol san\u0131\u011f\u0131 olarak yarg\u0131land\u0131m. Ergenekon \u00e7\u0131kar, oraya san\u0131k yaparlar. Mafya diye yarg\u0131land\u0131m. Profesyonel su\u00e7luyum. 10 y\u0131ld\u0131r mahkemelerdeyim. B\u00fct\u00fcn gelirimi avukatlar\u0131mla beraber payla\u015f\u0131yoruz. Benzin istasyonum ve kiradaki m\u00fclklerimle beraber ayl\u0131k 20 bin TL gelirim var.&#8221; Mahkeme Heyeti Ba\u015fkan\u0131 K\u00f6ksal \u015eeng\u00fcn&#8217;\u00fcn sosyal g\u00fcvencesini sormas\u0131 \u00fczerine \u00c7apan, \u00f6nce &#8220;Ergenekon emeklisiyim&#8221;, daha sonra da &#8220;Pardon&#8221; diyerek &#8220;devlet emeklisi&#8221; oldu\u011funu s\u00f6yledi. Ya\u015fl\u0131 ve hasta oldu\u011funu belirten \u00c7apan, devlet ne zaman \u00e7a\u011f\u0131r\u0131rsa geldi\u011fini ama tutukland\u0131\u011f\u0131n\u0131 ifade etti.<\/p>\n<p style=\"text-align: justify;\">Tutuksuz san\u0131klardan Mesut \u00d6zcan da kalp cerrah\u0131 oldu\u011funu belirterek, ayl\u0131k gelirinin 20 bin TL oldu\u011funu bildirdi.<\/p>\n<p style=\"text-align: justify;\">Yine 21 y\u0131ll\u0131k gazeteci oldu\u011funu belirten tutuksuz san\u0131k Adnan Bulut ise dava nedeniyle i\u015fsiz kald\u0131\u011f\u0131n\u0131 belirtti.<\/p>\n<p style=\"text-align: justify;\">Tutuksuz san\u0131klardan Mahir Akkar da Ba\u015fkan \u015eeng\u00fcn&#8217;\u00fcn mesle\u011fini sormas\u0131 \u00fczerine &#8220;Savc\u0131lar bana iddianamede baz\u0131 meslekler tayin etmi\u015fler. Onlar\u0131 m\u0131<\/p>\n<p style=\"text-align: justify;\">s\u00f6yleyeyim?&#8221; dedi. Ma\u011fdur oldu\u011funu ifade eden Akkar, alt kom\u015fusuyla yapt\u0131\u011f\u0131 konu\u015fmalar\u0131n iddianamede yer ald\u0131\u011f\u0131n\u0131, bas\u0131n k\u00f6kenli oldu\u011funu, ancak dava nedeniyle \u00e7al\u0131\u015famad\u0131\u011f\u0131n\u0131, babas\u0131n\u0131 kaybetmesinin ard\u0131ndan &#8220;Ergenekon&#8221;da san\u0131k olarak yer ald\u0131\u011f\u0131n\u0131 dile getirdi.<\/p>\n<p style=\"text-align: justify;\">Tutuksuz san\u0131klardan Fatma Sibel Y\u00fcksek de n\u00fcfusa kay\u0131tl\u0131 oldu\u011fu yeri elindeki not ka\u011f\u0131d\u0131ndan okuyarak, evlendi\u011fini s\u00f6yledi.<\/p>\n<p style=\"text-align: justify;\">Tutuklu san\u0131klardan Osman G\u00fcrb\u00fcz de \u00e7ay bah\u00e7esi i\u015fletti\u011fini, kira geliriyle birlikte ayl\u0131k kazanc\u0131n\u0131n 3 bin TL oldu\u011funu belirtti.<\/p>\n<p style=\"text-align: justify;\">Yine tutuksuz san\u0131klardan Erta\u00e7 Giray da avukatl\u0131k yapt\u0131\u011f\u0131n\u0131 ve ayl\u0131k gelirinin 5 bin 500 TL oldu\u011funu kaydederken, tutuklu san\u0131klardan Durmu\u015f Ali \u00d6zo\u011flu ise kirada oturdu\u011funu ifade etti.<\/p>\n<p style=\"text-align: justify;\">\u00d6zo\u011flu, &#8220;Bir y\u0131ld\u0131r rehin olarak tutuluyorum. Kiraya zam gelmi\u015ftir.Yazar\u0131m, yay\u0131nevim var. Ayl\u0131k gelirim 2 bin TL&#8221; dedi.<\/p>\n<p style=\"text-align: justify;\">Tutuklu san\u0131klardan Kemal Ayd\u0131n da K\u0131z\u0131lay Genel Merkezi&#8217;nden ba\u015fm\u00fcfetti\u015f olarak emekli oldu\u011funu, tutuklu san\u0131k Neriman Ayd\u0131n ise bu dava nedeniyle bankac\u0131l\u0131k mesle\u011finden emekliye ayr\u0131ld\u0131\u011f\u0131n\u0131 dile getirdi.<\/p>\n<p style=\"text-align: justify;\">Tutuklu san\u0131k Mehmet Ali \u00c7elebi, muvazzaf subay, tutuksuz san\u0131k \u00d6nder Ko\u00e7 muvazzaf subay, tutuksuz san\u0131k Noyan \u00c7al\u0131ku\u015fu TSK&#8217;da g\u00f6revli asker oldu\u011funu belirtti.<\/p>\n<p style=\"text-align: justify;\">Tutuksuz san\u0131k Hasan H\u00fcseyin U\u00e7ar da muvazzaf subay oldu\u011funu ve Siirt&#8217;e tayininin \u00e7\u0131kt\u0131\u011f\u0131n\u0131 s\u00f6yledi.<\/p>\n<p style=\"text-align: justify;\">Tutuksuz san\u0131k Ya\u015far Tozkoparan da Kara Harp Okulu \u00f6\u011frencisi oldu\u011funu ifade ederken, \u00f6\u011frenci oldu\u011funu belirten tutuksuz san\u0131k Do\u011fukan Yorulmaz ise ayl\u0131k gelirinin de Kredi ve Yurtlar Kurumu&#8217;ndan ald\u0131\u011f\u0131 180 TL oldu\u011funu bildirdi.<\/p>\n<p style=\"text-align: justify;\">Tutuksuz san\u0131k Erc\u00fcment Oval\u0131 da Karadeniz Teknik \u00dcniversitesi&#8217;nde \u00f6\u011fretim \u00fcyesi oldu\u011funu ve ayl\u0131k gelirinin 18 bin TL oldu\u011funu anlatt\u0131.<\/p>\n<p style=\"text-align: justify;\"><span style=\"color: #888888;\"><em>Kaynak : Vatan<\/em><\/span><\/p>\n","protected":false},"excerpt":{"rendered":"<\/p>\n<p style=\"text-align: justify;\">AKP iktidar\u0131n\u0131n gitmesi i\u00e7in her\u015feyi yapar\u0131m. <\/p>\n<p style=\"text-align: justify;\">\u0130kinci &#8220;Ergenekon&#8221; davas\u0131 kapsam\u0131nda tutuklu yarg\u0131lanan san\u0131k Tuncay \u00d6zkan, &#8220;Ben AKP iktidar\u0131n\u0131n gitmesi i\u00e7in her \u015feyi yapar\u0131m. Ben muhalifim. Erdo\u011fan iktidar\u0131n\u0131n, Tuncay \u00d6zkan veya ba\u015fkalar\u0131n\u0131 susturmak i\u00e7in a\u011fz\u0131na bant \u00e7ekmesine, T\u00fcrkiye&#8217;yi \u00e7\u00f6le \u00e7evirmesine izin vermeyin&#8221; dedi.<\/p>\n<p style=\"text-align: justify;\">\u0130stanbul 13. A\u011f\u0131r Ceza Mahkemesinde <\/p>\n","protected":false},"author":1,"featured_media":0,"comment_status":"open","ping_status":"closed","sticky":false,"template":"","format":"standard","meta":{"footnotes":""},"categories":[105],"tags":[],"class_list":["post-11798","post","type-post","status-publish","format-standard","hentry","category-gundem","odd"],"_links":{"self":[{"href":"http:\/\/www.korhanyilmaz.com\/index.php?rest_route=\/wp\/v2\/posts\/11798","targetHints":{"allow":["GET"]}}],"collection":[{"href":"http:\/\/www.korhanyilmaz.com\/index.php?rest_route=\/wp\/v2\/posts"}],"about":[{"href":"http:\/\/www.korhanyilmaz.com\/index.php?rest_route=\/wp\/v2\/types\/post"}],"author":[{"embeddable":true,"href":"http:\/\/www.korhanyilmaz.com\/index.php?rest_route=\/wp\/v2\/users\/1"}],"replies":[{"embeddable":true,"href":"http:\/\/www.korhanyilmaz.com\/index.php?rest_route=%2Fwp%2Fv2%2Fcomments&post=11798"}],"version-history":[{"count":0,"href":"http:\/\/www.korhanyilmaz.com\/index.php?rest_route=\/wp\/v2\/posts\/11798\/revisions"}],"wp:attachment":[{"href":"http:\/\/www.korhanyilmaz.com\/index.php?rest_route=%2Fwp%2Fv2%2Fmedia&parent=11798"}],"wp:term":[{"taxonomy":"category","embeddable":true,"href":"http:\/\/www.korhanyilmaz.com\/index.php?rest_route=%2Fwp%2Fv2%2Fcategories&post=11798"},{"taxonomy":"post_tag","embeddable":true,"href":"http:\/\/www.korhanyilmaz.com\/index.php?rest_route=%2Fwp%2Fv2%2Ftags&post=11798"}],"curies":[{"name":"wp","href":"https:\/\/api.w.org\/{rel}","templated":true}]}}