{"id":11794,"date":"2009-07-20T13:55:29","date_gmt":"2009-07-20T10:55:29","guid":{"rendered":"http:\/\/www.korhanyilmaz.com\/?p=11794"},"modified":"2009-07-20T13:55:29","modified_gmt":"2009-07-20T10:55:29","slug":"adalet-bakanligi-ve-gul-ismet-ablakin-olumunu-seyretti","status":"publish","type":"post","link":"http:\/\/www.korhanyilmaz.com\/?p=11794","title":{"rendered":"Adalet Bakanl\u0131\u011f\u0131 ve G\u00fcl , \u0130smet Ablak&#039;\u0131n \u00d6l\u00fcm\u00fcn\u00fc Seyretti&#8230;"},"content":{"rendered":"<p style=\"text-align: center;\"><img loading=\"lazy\" decoding=\"async\" class=\"size-full wp-image-11795 aligncenter\" src=\"http:\/\/www.korhanyilmaz.com\/wp-content\/uploads\/2009\/07\/actuel_1248088217.jpg\" alt=\"\" width=\"324\" height=\"214\" \/><\/p>\n<p style=\"text-align: justify;\">Cezaevinde cilt kanserine yakalanan \u0130smet Ablak (40), hayat\u0131n\u0131 yitirdi. Ablak\u2019\u0131n ailesi, G\u00fcl ve b\u00fct\u00fcn yetkililerden, Ablak\u2019\u0131n insani ko\u015fullarda tedavi g\u00f6rmesine izin verilmesini istemi\u015fti<\/p>\n<p style=\"text-align: justify;\"><strong>SAVCI \u0130Z\u0130N VERMED\u0130<\/strong><\/p>\n<p style=\"text-align: justify;\">Cezaevinde kansere yakalanan \u0130smet Ablak&#8217;\u0131n ablas\u0131 H\u00fcng\u00fcl Ablak, 15 y\u0131ld\u0131r cezaevinde bulunan abisinin 3 y\u0131ld\u0131r hastaneye sevkinin yap\u0131lmad\u0131\u011f\u0131n\u0131 belirterek, uzun u\u011fra\u015flardan sonra abisinin penceresi olmayan havas\u0131z bir hastane odas\u0131na sevkinin yap\u0131ld\u0131\u011f\u0131n\u0131 a\u00e7\u0131klam\u0131\u015ft\u0131. H\u00fcng\u00fcl ge\u00e7en hafta, doktorlar\u0131n daha uygun bir odaya al\u0131nmas\u0131n\u0131 s\u00f6ylemesine ra\u011fmen yetkililerin izin vermedi\u011fini ve abisinin \u00f6l\u00fcme terk edildi\u011fini s\u00f6ylemi\u015fti.<br \/>\n<!--more--><br \/>\n<strong>BO\u011eULUYORUM DEM\u0130\u015eT\u0130<\/strong>\n<\/p>\n<p style=\"text-align: justify;\">\u0130smet Ablak\u2019\u0131n karde\u015fi \u0130slam Ablak da, a\u011fabeyinin kendisine \u201cBurada bo\u011fuluyorum, nefes alam\u0131yorum. Ne olursa olsun beni buradan g\u00f6t\u00fcr\u00fcn\u201d dedi\u011fini anlatm\u0131\u015ft\u0131. \u0130slam Ablak daha \u00f6nceki bir demecinde \u201cBu sabah yan\u0131na gittim. Psikolojisi \u00e7ok bozuktu. Ko\u011fu\u015f bodrum katta, havaland\u0131rmas\u0131 yok. G\u00fcne\u015f g\u00f6rm\u00fcyor. Gece-g\u00fcnd\u00fcz fark edilmiyor. Bize hastanenin ba\u015fka mahk\u00fbm ko\u011fu\u015fu olmad\u0131\u011f\u0131 i\u00e7in tedavisinin bu ko\u011fu\u015fta devam edece\u011fini s\u00f6yl\u00fcyorlar\u201d demi\u015fti. \u00bb 8 &#8216; DE<\/p>\n<p style=\"text-align: justify;\">ERZURUM H Tipi Cezaevi&#8217;nde iken cilt kanserine yakalanan 40 ya\u015f\u0131ndaki \u0130smet Ablak tedavi g\u00f6rd\u00fc\u011f\u00fc hastanede ya\u015fam\u0131n\u0131 yitirdi.<br \/>\n&#8220;PKK \u00fcyesi oldu\u011fu&#8221; iddias\u0131yla 1994 y\u0131l\u0131nda tutuklanarak, m\u00fcebbet hapis cezas\u0131 verilen ve kald\u0131\u011f\u0131 Erzurum H Tipi Cezaevi&#8217;nde cilt kanserine yakalanan \u0130smet Ablak, d\u00fcn gece ya\u015fam\u0131n\u0131 yitirdi.<br \/>\nAilesinin Adalet Bakanl\u0131\u011f\u0131 ve Cumhurba\u015fkanl\u0131\u011f\u0131&#8217;na yapt\u0131\u011f\u0131 ba\u015fvurulara ra\u011fmen serbest b\u0131rak\u0131lmayan Ablak, durumunun fenala\u015fmas\u0131 \u00fczerine 37 g\u00fcn \u00f6nce Erzurum Ara\u015ft\u0131rma Hastanesi&#8217;ne sevk edilmi\u015fti. Ablak, hastanenin morgunun yan\u0131nda bulunan bodrum kat\u0131nda askerlerin g\u00f6zetiminde tedavi g\u00f6r\u00fcyordu.<br \/>\n3 y\u0131l \u00f6nce kansere yakalanan \u0130smet Ablak&#8217;\u0131n ablas\u0131 H\u00fcng\u00fcl Ablak, 15 y\u0131ld\u0131r cezaevinde bulunan abisinin 3 y\u0131ld\u0131r hastaneye sevkinin yap\u0131lmad\u0131\u011f\u0131n\u0131 belirterek, abisinin penceresi olmayan havas\u0131z odada tutuldu\u011funu, doktorlar\u0131n daha uygun bir odaya al\u0131nmas\u0131n\u0131 s\u00f6ylemesine ra\u011fmen askerlerin izin vermedi\u011fini ve abisinin \u00f6l\u00fcme terk edildi\u011fini s\u00f6ylemi\u015fti.<br \/>\nAbisinin bireysel ihtiya\u00e7lar\u0131n\u0131 kar\u015f\u0131layamaz durumda olmas\u0131na ra\u011fmen tahliye edilmedi\u011fini vurgulayan Ablak, yetkili kurumlara \u00e7a\u011fr\u0131 yaparak, karde\u015finin serbest b\u0131rak\u0131lmas\u0131n\u0131 istemi\u015fti.\n<\/p>\n<p style=\"text-align: justify;\"><strong>K\u00d6Y\u00dcNDE TOPRA\u011eA VER\u0130LD\u0130<\/strong><\/p>\n<p style=\"text-align: justify;\">\u0130smet Ablak&#8217;\u0131n cenazesi, I\u011fd\u0131r&#8217;\u0131n Yukar\u0131 Alican K\u00f6y\u00fc&#8217;nde topra\u011fa verildi. Cenaze t\u00f6renine I\u011fd\u0131r Belediye Ba\u015fkan\u0131 M. Nuri G\u00fcne\u015f, DTP I\u011fd\u0131r \u0130l Ba\u015fkan\u0131 Ahmet Barbaros ve il y\u00f6neticileri, \u0130l Genel ve belediye meclis \u00fcyeleri ile yakla\u015f\u0131k 600 ki\u015fi kat\u0131ld\u0131. S\u0131k s\u0131k &#8220;\u015eeh\u00eed namirin&#8221;, &#8220;\u0130smet yolda\u015f \u00f6l\u00fcms\u00fczd\u00fcr&#8221; sloganlar\u0131n\u0131n at\u0131ld\u0131\u011f\u0131 cenaze t\u00f6reninden sonra kitle kurulan taziye \u00e7ad\u0131r\u0131n\u0131 ziyaret ederek Ablak&#8217;\u0131n ailesine ba\u015fsa\u011fl\u0131\u011f\u0131 diledi.<br \/>\nSon g\u00fcnlerinde g\u00fcne\u015f g\u00f6rmedi&#8230;<br \/>\nTEDAV\u0130S\u0130 Erzurum\u2019da g\u00f6r\u00fclen Ablak\u2019a her g\u00fcn d\u00f6rt \u00fcnite kan verilmesi gerekiyordu Ablak i\u00e7in her g\u00fcn bir ki\u015fi kilometrelerce yolu kat edip Erzurum\u2019a gelerek kan veriyordu. Ablak\u2019\u0131n tutuldu\u011fu ko\u011fu\u015f, hastanenin morguna biti\u015fikti. Yak\u0131nlar\u0131 Ablak\u2019\u0131n yemek yemekte zorland\u0131\u011f\u0131n\u0131 ve oturup kalkarken bile \u00e7ok ac\u0131 \u00e7ekti\u011fini belirtmi\u015fti.<br \/>\nKarde\u015fi \u0130slam Ablak, a\u011fabeyinin kendisine \u201cBurada bo\u011fuluyorum, nefes alam\u0131yorum. Ne olursa olsun beni buradan g\u00f6t\u00fcr\u00fcn\u201d dedi\u011fini anlatm\u0131\u015ft\u0131. \u0130slam Ablak daha \u00f6nceki bir demecinde \u201cBu sabah yan\u0131na gittim. Psikolojisi \u00e7ok bozuktu. Ko\u011fu\u015f bodrum katta, havaland\u0131rmas\u0131 yok. G\u00fcne\u015f g\u00f6rm\u00fcyor. Gece-g\u00fcnd\u00fcz fark edilmiyor. Bize hastanenin ba\u015fka mahk\u00fbm ko\u011fu\u015fu olmad\u0131\u011f\u0131 i\u00e7in tedavisinin bu ko\u011fu\u015fta devam edece\u011fini s\u00f6yl\u00fcyorlar\u201d demi\u015fti.\n<\/p>\n<p style=\"text-align: justify;\"><em><span style=\"color: #888888;\">Kaynak : BirG\u00fcn<\/span><\/em><\/p>\n","protected":false},"excerpt":{"rendered":"<p style=\"text-align: center;\">\n<p style=\"text-align: justify;\">Cezaevinde cilt kanserine yakalanan \u0130smet Ablak (40), hayat\u0131n\u0131 yitirdi. Ablak\u2019\u0131n ailesi, G\u00fcl ve b\u00fct\u00fcn yetkililerden, Ablak\u2019\u0131n insani ko\u015fullarda tedavi g\u00f6rmesine izin verilmesini istemi\u015fti<\/p>\n<p style=\"text-align: justify;\">SAVCI \u0130Z\u0130N VERMED\u0130<\/p>\n<p style=\"text-align: justify;\">Cezaevinde kansere yakalanan \u0130smet Ablak&#8217;\u0131n ablas\u0131 H\u00fcng\u00fcl Ablak, 15 y\u0131ld\u0131r cezaevinde bulunan abisinin 3 y\u0131ld\u0131r hastaneye sevkinin yap\u0131lmad\u0131\u011f\u0131n\u0131 belirterek, uzun <\/p>\n","protected":false},"author":1,"featured_media":0,"comment_status":"open","ping_status":"closed","sticky":false,"template":"","format":"standard","meta":{"footnotes":""},"categories":[105],"tags":[],"class_list":["post-11794","post","type-post","status-publish","format-standard","hentry","category-gundem","odd"],"_links":{"self":[{"href":"http:\/\/www.korhanyilmaz.com\/index.php?rest_route=\/wp\/v2\/posts\/11794","targetHints":{"allow":["GET"]}}],"collection":[{"href":"http:\/\/www.korhanyilmaz.com\/index.php?rest_route=\/wp\/v2\/posts"}],"about":[{"href":"http:\/\/www.korhanyilmaz.com\/index.php?rest_route=\/wp\/v2\/types\/post"}],"author":[{"embeddable":true,"href":"http:\/\/www.korhanyilmaz.com\/index.php?rest_route=\/wp\/v2\/users\/1"}],"replies":[{"embeddable":true,"href":"http:\/\/www.korhanyilmaz.com\/index.php?rest_route=%2Fwp%2Fv2%2Fcomments&post=11794"}],"version-history":[{"count":0,"href":"http:\/\/www.korhanyilmaz.com\/index.php?rest_route=\/wp\/v2\/posts\/11794\/revisions"}],"wp:attachment":[{"href":"http:\/\/www.korhanyilmaz.com\/index.php?rest_route=%2Fwp%2Fv2%2Fmedia&parent=11794"}],"wp:term":[{"taxonomy":"category","embeddable":true,"href":"http:\/\/www.korhanyilmaz.com\/index.php?rest_route=%2Fwp%2Fv2%2Fcategories&post=11794"},{"taxonomy":"post_tag","embeddable":true,"href":"http:\/\/www.korhanyilmaz.com\/index.php?rest_route=%2Fwp%2Fv2%2Ftags&post=11794"}],"curies":[{"name":"wp","href":"https:\/\/api.w.org\/{rel}","templated":true}]}}