{"id":11790,"date":"2009-07-11T09:20:17","date_gmt":"2009-07-11T06:20:17","guid":{"rendered":"http:\/\/www.korhanyilmaz.com\/?p=11790"},"modified":"2009-07-11T09:20:17","modified_gmt":"2009-07-11T06:20:17","slug":"o-koltukta-oturmayin-artik","status":"publish","type":"post","link":"http:\/\/www.korhanyilmaz.com\/?p=11790","title":{"rendered":"O koltukta oturmay\u0131n art\u0131k"},"content":{"rendered":"<div id=\"attachment_11653\" style=\"width: 112px\" class=\"wp-caption alignleft\"><img loading=\"lazy\" decoding=\"async\" aria-describedby=\"caption-attachment-11653\" class=\"size-full wp-image-11653\" title=\"Can Atakl\u0131\" src=\"http:\/\/www.korhanyilmaz.com\/wp-content\/uploads\/2009\/07\/142.jpg\" alt=\"Can Atakl\u0131\" width=\"102\" height=\"102\" \/><p id=\"caption-attachment-11653\" class=\"wp-caption-text\">Can Atakl\u0131<\/p><\/div>\n<p style=\"text-align: justify;\">Sanayi Bakan\u0131 Nihat Erg\u00fcn h\u00fck\u00fcmetin yeni bakanlar\u0131ndan. Daha \u00f6nce AKP Genel Ba\u015fkan Yard\u0131mc\u0131s\u0131 olarak televizyonlarda g\u00f6r\u00fcyorduk.<\/p>\n<p style=\"text-align: justify;\">Biliyorsunuz AKP\u2019den herkes ekranlara \u00e7\u0131kam\u0131yor. Parti g\u00f6r\u00fc\u015f\u00fcn\u00fc savunsa bile Genel Ba\u015fkan Tayyip Erdo\u011fan\u2019\u0131n izin vermedi\u011fi hi\u00e7bir milletvekili b\u0131rak\u0131n ekranlara \u00e7\u0131kmay\u0131, bir sivil toplum \u00f6rg\u00fct\u00fcnde konu\u015fma bile yapam\u0131yor.<\/p>\n<p style=\"text-align: justify;\">Parti demokrasisinden ve y\u00f6netimin demokrasiye \u00e7ok ba\u011fl\u0131 olmas\u0131ndan kaynaklan\u0131yor bu herhalde.<\/p>\n<p style=\"text-align: justify;\">Bu notlar\u0131 yazmam\u0131n nedeni \u015fu; demek ki Tayyip Erdo\u011fan Nihat Erg\u00fcn\u2019\u00fc be\u011feniyor, daha \u00f6nemlisi bir \u201ckazaya u\u011framayaca\u011f\u0131n\u0131\u201d biliyor, izin verilenin d\u0131\u015f\u0131nda bir tek c\u00fcmle bile sarfetmeyece\u011fine inan\u0131yordu.<\/p>\n<p style=\"text-align: justify;\">Sonunda kendisini bakan da yapt\u0131. \u00dcstelik i\u015f d\u00fcnyas\u0131 ile \u00e7ok yak\u0131ndan ilgili bir bakanl\u0131k olan Sanayi Bakanl\u0131\u011f\u0131 koltu\u011funa oturdu Nihat Erg\u00fcn.<\/p>\n<p style=\"text-align: justify;\">Sanayi Bakan\u0131 \u00c7in\u2019in Uygur T\u00fcrkleri\u2019ne y\u00f6nelik vah\u015fi sald\u0131r\u0131lar\u0131 \u00fczerine heyecanlan\u0131p hangi bakanl\u0131kta oldu\u011funu unutarak \u201c\u00c7in mallar\u0131na boykot uygulayal\u0131m\u201d deyiverdi. <!--more--><\/p>\n<p style=\"text-align: justify;\">\u00c7ok da alk\u0131\u015f ald\u0131. B\u00fcy\u00fck ihtimalle kendisini alk\u0131\u015flayanlar\u0131n b\u00fcy\u00fck \u00e7o\u011funlu\u011fu da hammaddelerini \u00c7in\u2019den al\u0131yorlard\u0131. A\u00e7\u0131l\u0131\u015fta u\u00e7urulan balonlar da \u00c7in mal\u0131yd\u0131. Ama olsun, maksat bakan\u0131 alk\u0131\u015flamak.<\/p>\n<p style=\"text-align: justify;\">Derken Ankara\u2019dan sanayi Bakanl\u0131\u011f\u0131\u2019n\u0131n bir dan\u0131\u015fman a\u00e7\u0131klama yapt\u0131. \u201cSay\u0131n bakan\u0131n s\u00f6yledikleri kendisini ba\u011flar, bakanl\u0131\u011f\u0131m\u0131z\u0131n veya h\u00fck\u00fcmetimizin b\u00f6yle bir g\u00f6r\u00fc\u015f\u00fc yok.\u201d<\/p>\n<p style=\"text-align: justify;\">T\u00fcrk\u00e7esi \u015fudur; \u201cBu ki\u015fi Sanayi Bakan\u0131 de\u011fildir, orada s\u00fcs diye oturmaktad\u0131r. Kendisine bu t\u00fcr s\u00f6zler s\u00f6ylemesi i\u00e7in herhangi bir yetki verilmemi\u015ftir.\u201d<\/p>\n<p style=\"text-align: justify;\">Nihat Erg\u00fcn\u2019\u00fcn s\u00f6zleri elbette iyi d\u00fc\u015f\u00fcn\u00fclmemi\u015f bir g\u00f6r\u00fc\u015f\u00fcn yans\u0131mas\u0131d\u0131r. Ama demek ki AKP\u2019de \u00f6yle bir parti i\u00e7i disiplin var ki, en tepe y\u00f6netimin ho\u015funa gitmeyen bir \u015fey oldu\u011funda kimsenin g\u00f6z\u00fcn\u00fcn ya\u015f\u0131na bile bak\u0131lm\u0131yor.<\/p>\n<p style=\"text-align: justify;\">Bakan olmas\u0131n\u0131n, gururunun rencide edilmesinin bir \u00f6nemi yok.<\/p>\n<p style=\"text-align: justify;\">\u015eimdi kamuoyunun \u015funu merakla beklemesi gerek; \u201cBa\u015f\u0131nda oldu\u011fu bakanl\u0131k taraf\u0131ndan an\u0131nda yalanlanan, k\u0131rd\u0131\u011f\u0131 pot nedeniyle hakarete u\u011frayan Nihat Erg\u00fcn istifa edecek mi?\u201d<\/p>\n<p style=\"text-align: justify;\">Bana g\u00f6re bakan o koltukta bir g\u00fcn bile oturamaz art\u0131k. Onun bakan olmad\u0131\u011f\u0131 c\u00fcmle \u00e2lem taraf\u0131ndan \u00f6\u011frenildi.<\/p>\n<p style=\"text-align: justify;\">*****<\/p>\n<p style=\"text-align: justify;\"><strong><em>DEN\u0130ZTEM\u0130Z GECES\u0130NE \u0130K\u0130 GAZETEC\u0130 DAMGA VURDU<\/em><\/strong><\/p>\n<p style=\"text-align: justify;\">Denizlerimizin temizli\u011fi i\u00e7in kamuoyu duyarl\u0131l\u0131\u011f\u0131 yaratmak amac\u0131yla15 y\u0131l \u00f6nce kurulan Turmepa- Deniztemiz Derne\u011fi\u2019nin kutlama gecesi yap\u0131ld\u0131 \u00e7ar\u015famba g\u00fcn\u00fc.<\/p>\n<p style=\"text-align: justify;\">Rahmi Ko\u00e7 kuruculu\u011funu yap\u0131p 7 y\u0131l ba\u015f\u0131nda kald\u0131ktan sonra Onursal Ba\u015fkan olmu\u015f ve g\u00f6revi E\u015fref Cerraho\u011flu\u2019na devretmi\u015fti. Cerraho\u011flu da 7 y\u0131l ba\u015fkanl\u0131k yapt\u0131ktan sonra bayra\u011f\u0131 Tezcan Yaramanc\u0131 alm\u0131\u015ft\u0131.<\/p>\n<p style=\"text-align: justify;\">15. y\u0131l kutlama gecesinin en ilgin\u00e7 olay\u0131 Onursal Ba\u015fkan Rahmi Ko\u00e7\u2019la birlikte E\u015fref Cerraho\u011flu ve Tezcan Yaramanc\u0131\u2019n\u0131n sahneye konan koltuklara oturup televizyonlar\u0131n ba\u015far\u0131l\u0131 sunucusu Saba T\u00fcmer\u2019in sorular\u0131na cevap vermeleriydi.<\/p>\n<p style=\"text-align: justify;\">Saba T\u00fcmer t\u0131pk\u0131 her gece televizyonda yapt\u0131\u011f\u0131 gibi konuklar\u0131na sorular sordu, \u00fcnl\u00fc kahkalar\u0131n\u0131 att\u0131. Rahmi Ko\u00e7 ise m\u00fcthi\u015f formundayd\u0131 ve yapt\u0131\u011f\u0131 esprilerle b\u00fcy\u00fck alk\u0131\u015f toplad\u0131.<\/p>\n<p style=\"text-align: justify;\">Gecenin sonunda y\u0131llar\u0131n ba\u015far\u0131l\u0131 magazin gazetecisi R\u0131za Eri\u015f\u2019in, geceden foto\u011fraflar\u0131 da i\u00e7eren \u201cJet Sosyete\u201d gazetesinin da\u011f\u0131t\u0131lmas\u0131yd\u0131.<\/p>\n<p style=\"text-align: justify;\">Birka\u00e7 saat i\u00e7inde gazete haz\u0131rlayan Eri\u015f b\u00fcy\u00fck s\u00fckse yapt\u0131. Bu arada ben de yeni \u00f6\u011frendim. Magazin d\u00fcnyas\u0131n\u0131n en efendi isimlerinden R\u0131za Eri\u015f me\u011fer 5 ayd\u0131r, i\u00e7inde sansasyon, dedikodu ve \u201cge\u00e7irme\u201d haberleri olmayan bu gazeteyi yay\u0131nl\u0131yormu\u015f. Gazetede sadece g\u00fczel haber ve foto\u011fraflar var. R\u0131za Eri\u015f\u2019i \u00f6zlemi\u015fim, \u00e7ok kutlad\u0131m.<\/p>\n<p style=\"text-align: justify;\">Gecenin s\u00fcrprizi ise davetiyelerdeki numaralara g\u00f6re \u00e7ekili\u015f yap\u0131lmas\u0131yd\u0131. B\u00fcy\u00fck \u00f6d\u00fcl olan en yeni model Fiat otomobil T\u00dcS\u0130AD \u00fcyesi Aldo Kaslowski\u2019ye \u00e7\u0131kt\u0131. \u00dcnl\u00fc sanayici \u201cgaliba\u201d arabay\u0131 derne\u011fe hediye etti.<\/p>\n<p style=\"text-align: justify;\">*****<\/p>\n<p style=\"text-align: justify;\"><strong><em>EEEE\u2019S\u0130, K\u0130RLET\u0130YORSUNUZ ETRAFI \u0130\u015eTE<\/em><\/strong><\/p>\n<p style=\"text-align: justify;\">Televizyonlarda \u00e7ok keyifle izledi\u011fimiz bir reklam var. Hani adam kap\u0131ya geliyor elindeki \u00e7ekirdek torbas\u0131ndan \u00e7itlerken kad\u0131na \u201cBen senin kocan\u0131m\u201d diyor. Kad\u0131n \u201ceee\u201d deyince adam \u201ceeeesi, d\u00f6nd\u00fcm i\u015fte\u201d diye ba\u015fl\u0131yor anlatmaya. Sonra kar\u015f\u0131l\u0131kl\u0131 \u00e7itlemeye ba\u015fl\u0131yorlar, anlat\u0131yorlar da anlat\u0131yorlar. \u00d6nlerinde bir \u00e7ekirdek kabu\u011fu da\u011f\u0131 olu\u015fuyor.<\/p>\n<p style=\"text-align: justify;\">\u00c7ekirdek yemek ger\u00e7ekten hastal\u0131k gibidir. Bir ba\u015flad\u0131n\u0131z m\u0131 bitiremezsiniz, yersiniz de yersiniz.<\/p>\n<p style=\"text-align: justify;\">Ama kabuklar\u0131n\u0131 yerlere atarsan\u0131z olmaz.<\/p>\n<p style=\"text-align: justify;\">Ve ne yaz\u0131k ki bizim halk\u0131m\u0131z da sokakta \u00e7ekirdek \u00e7itlemesini \u00e7ok seviyor, lakin kabuklar\u0131n\u0131 da ille yere at\u0131yor.<\/p>\n<p style=\"text-align: justify;\">\u0130stanbul\u2019un her taraf\u0131nda belediyelerin koydu\u011fu banklar var. Ge\u00e7in onlar\u0131n birinin \u00f6n\u00fcnden, etraf\u0131nda mutlaka \u00e7ekirdek kabuklar\u0131na rastlayacaks\u0131n\u0131z.<\/p>\n<p style=\"text-align: justify;\">Millet oturuyor banka, elinde bir torba \u00e7ekirdek, \u00e7itliyor yere at\u0131yor.<\/p>\n<p style=\"text-align: justify;\">\u00c7\u00fcnk\u00fc oras\u0131 sokak, oras\u0131 onun de\u011fil, istedi\u011fi gibi kirletebilir.<\/p>\n<p style=\"text-align: justify;\">\u015eimdi, bu g\u00fczel reklam\u0131 yapan firmadan bir ricam var. Hepimizi g\u00fcld\u00fcren reklam\u0131n g\u00f6r\u00fcn\u00fcr bir yerine l\u00fctfen \u201ckabuklar\u0131n\u0131 sokaklara atmay\u0131n\u201d uyar\u0131s\u0131 koyun. Ya da bir reklam\u0131 da ayn\u0131 konsept i\u00e7inde b\u00f6yle \u00e7ekin.<\/p>\n<p style=\"text-align: justify;\">Hem b\u00f6yle yapman\u0131z ayn\u0131 zamanda sosyal sorumluluk gere\u011fidir. Kamuoyundan da b\u00fcy\u00fck sempati kazanaca\u011f\u0131n\u0131z\u0131 s\u00f6yleyebilirim.<\/p>\n<p style=\"text-align: justify;\">Bu halk y\u0131llarca \u201c\u00e7i\u00e7ekleri koparmay\u0131n\u0131z\u201d uyar\u0131lar\u0131na kulak asmad\u0131, ama \u015fimdi kimse parklardan \u00e7i\u00e7ek kopartm\u0131yor. Belki bu sayede birka\u00e7 y\u0131l sonra \u00e7ekirdek kabuklar\u0131n\u0131 da oturdu\u011fumuz banklar\u0131n etraf\u0131na atmamay\u0131 \u00f6\u011freniriz.<\/p>\n<p style=\"text-align: justify;\">*****<\/p>\n<p style=\"text-align: justify;\"><strong><em>\u00d6\u011eLE YEME\u011e\u0130<\/em><\/strong><\/p>\n<p style=\"text-align: justify;\">Y\u0131ld\u0131r\u0131m Tuna\u2019dan; \u015eantiyede g\u00f6rev yapan mimar \u00f6\u011fle paydosunda evinden getirdi\u011fi yemek sepetini a\u00e7\u0131p i\u00e7ine bak\u0131nca yerinden z\u0131playarak birden \u201cOf..Off!\u201d diye ba\u011f\u0131rm\u0131\u015f..<\/p>\n<p style=\"text-align: justify;\">\u201cNe oldu?\u201d diye d\u00f6n\u00fcp sormu\u015f arkada\u015f\u0131, \u201cYahu\u201d demi\u015f mimar, \u201cKar\u0131m y\u0131llardan beri bana \u00f6\u011flen yemeklerim i\u00e7in ekmek aras\u0131na bir dilim beyaz peynir s\u0131k\u0131\u015ft\u0131r\u0131p sepetime t\u0131kar.. D\u00fcn gece (Yeter art\u0131k, biraz yarat\u0131c\u0131 ol. Farkl\u0131 bir \u015fey haz\u0131rla) dedim. Bu g\u00fcn ne koymu\u015f biliyor musun? Hindistan cevizi ve bir de \u00e7eki\u00e7!\u201d<\/p>\n<p style=\"text-align: justify;\">*****<\/p>\n<p style=\"text-align: justify;\"><strong><em>Y\u0130NE HAR\u00c7LAR<\/em><\/strong><\/p>\n<p style=\"text-align: justify;\">\u00d6\u011frencilerin \u00fcniversite har\u00e7lar\u0131 ile ilgili tepkileri hi\u00e7 bitmiyor. D\u00fcn arayan bir \u00f6\u011frenci \u201cBizi \u00f6zel \u00fcniversitelere y\u00f6nlendiriyorlar\u201d dedi. \u201cNiye?\u201d diye sordum. \u201cBu har\u00e7larla, \u00f6zel \u00fcniversitelerde burslu okuyan \u00f6\u011frenciler daha avantajl\u0131 hale geliyor&#8230; Bu durumda burs bulursam devlet \u00fcniversitesi yerine \u00f6zel \u00fcniversitede okumak bana daha cazip gelir.\u201d<\/p>\n<p style=\"text-align: justify;\"><span style=\"color: #3366ff;\"><em><strong>Can Atakl\u0131<\/strong><\/em><\/span><\/p>\n<p style=\"text-align: justify;\"><span style=\"color: #808080;\"><em><span style=\"background-color: #ffffff;\">Yazara Ula\u015fmak \u0130\u00e7in :<a href=\"mailto:catakli@gazetevatan.com\"> catakli@gazetevatan.com<\/a><\/span><\/em><\/span><\/p>\n","protected":false},"excerpt":{"rendered":"<p id=\"caption-attachment-11653\" class=\"wp-caption-text\">Can Atakl\u0131<\/p>\n<p style=\"text-align: justify;\">Sanayi Bakan\u0131 Nihat Erg\u00fcn h\u00fck\u00fcmetin yeni bakanlar\u0131ndan. Daha \u00f6nce AKP Genel Ba\u015fkan Yard\u0131mc\u0131s\u0131 olarak televizyonlarda g\u00f6r\u00fcyorduk.<\/p>\n<p style=\"text-align: justify;\">Biliyorsunuz AKP\u2019den herkes ekranlara \u00e7\u0131kam\u0131yor. Parti g\u00f6r\u00fc\u015f\u00fcn\u00fc savunsa bile Genel Ba\u015fkan Tayyip Erdo\u011fan\u2019\u0131n izin vermedi\u011fi hi\u00e7bir milletvekili b\u0131rak\u0131n ekranlara \u00e7\u0131kmay\u0131, bir sivil toplum \u00f6rg\u00fct\u00fcnde konu\u015fma bile yapam\u0131yor.<\/p>\n<p style=\"text-align: justify;\">Parti demokrasisinden <\/p>\n","protected":false},"author":1,"featured_media":0,"comment_status":"open","ping_status":"closed","sticky":false,"template":"","format":"standard","meta":{"footnotes":""},"categories":[16],"tags":[],"class_list":["post-11790","post","type-post","status-publish","format-standard","hentry","category-kose-yazilari","odd"],"_links":{"self":[{"href":"http:\/\/www.korhanyilmaz.com\/index.php?rest_route=\/wp\/v2\/posts\/11790","targetHints":{"allow":["GET"]}}],"collection":[{"href":"http:\/\/www.korhanyilmaz.com\/index.php?rest_route=\/wp\/v2\/posts"}],"about":[{"href":"http:\/\/www.korhanyilmaz.com\/index.php?rest_route=\/wp\/v2\/types\/post"}],"author":[{"embeddable":true,"href":"http:\/\/www.korhanyilmaz.com\/index.php?rest_route=\/wp\/v2\/users\/1"}],"replies":[{"embeddable":true,"href":"http:\/\/www.korhanyilmaz.com\/index.php?rest_route=%2Fwp%2Fv2%2Fcomments&post=11790"}],"version-history":[{"count":0,"href":"http:\/\/www.korhanyilmaz.com\/index.php?rest_route=\/wp\/v2\/posts\/11790\/revisions"}],"wp:attachment":[{"href":"http:\/\/www.korhanyilmaz.com\/index.php?rest_route=%2Fwp%2Fv2%2Fmedia&parent=11790"}],"wp:term":[{"taxonomy":"category","embeddable":true,"href":"http:\/\/www.korhanyilmaz.com\/index.php?rest_route=%2Fwp%2Fv2%2Fcategories&post=11790"},{"taxonomy":"post_tag","embeddable":true,"href":"http:\/\/www.korhanyilmaz.com\/index.php?rest_route=%2Fwp%2Fv2%2Ftags&post=11790"}],"curies":[{"name":"wp","href":"https:\/\/api.w.org\/{rel}","templated":true}]}}