{"id":11785,"date":"2009-07-20T10:06:21","date_gmt":"2009-07-20T07:06:21","guid":{"rendered":"http:\/\/www.korhanyilmaz.com\/?p=11785"},"modified":"2009-07-20T10:06:21","modified_gmt":"2009-07-20T07:06:21","slug":"benim-savcima-dokunmayin-baskasina-guvenemem","status":"publish","type":"post","link":"http:\/\/www.korhanyilmaz.com\/?p=11785","title":{"rendered":"Benim savc\u0131ma dokunmay\u0131n, ba\u015fkas\u0131na g\u00fcvenemem"},"content":{"rendered":"<div id=\"attachment_11653\" style=\"width: 112px\" class=\"wp-caption alignleft\"><img loading=\"lazy\" decoding=\"async\" aria-describedby=\"caption-attachment-11653\" class=\"size-full wp-image-11653\" title=\"Can Atakl\u0131\" src=\"http:\/\/www.korhanyilmaz.com\/wp-content\/uploads\/2009\/07\/142.jpg\" alt=\"Can Atakl\u0131\" width=\"102\" height=\"102\" \/><p id=\"caption-attachment-11653\" class=\"wp-caption-text\">Can Atakl\u0131<\/p><\/div>\n<p style=\"text-align: justify;\">Sevgili okurlar; AKP ve yanda\u015flar\u0131n\u0131n T\u00fcrkiye\u2019yi d\u00f6n\u00fc\u015ft\u00fcrme \u00e7abalar\u0131 yaz s\u0131ca\u011f\u0131 bile dinlemiyor. \u0130ktidar, hedefine giden yolda demokrasi, hukuk ve ahlaki de\u011ferleri hi\u00e7e sayarak, vura k\u0131ra, d\u00f6ke sa\u00e7a y\u00fcr\u00fcyor. \u00dcstelik Ba\u015fbakan, \u201cbunlar\u0131n bir \u015fey olmad\u0131\u011f\u0131n\u0131, \u00f6n\u00fcm\u00fczdeki g\u00fcnlerde konu\u015faca\u011f\u0131n\u0131\u201d s\u00f6yl\u00fcyor. AKP ve yanda\u015flar\u0131n\u0131n \u015fu anda se\u00e7tikleri hedef yarg\u0131 ve yarg\u0131n\u0131n ba\u011f\u0131ms\u0131zl\u0131\u011f\u0131.<\/p>\n<p style=\"text-align: justify;\"><em><strong>Yine yakaland\u0131lar<\/strong><\/em><\/p>\n<p style=\"text-align: justify;\">Demokrasi ve hukuk konusunda her t\u00fcrl\u00fc yalana ve \u00e7ifte standarda bel ba\u011flamaktan \u00e7ekinmeyen AKP ve yanda\u015flar\u0131 ge\u00e7en hafta adeta su\u00e7\u00fcst\u00fc yakalanm\u0131\u015ft\u0131. Sivil savc\u0131n\u0131n talebi \u00fczerine yine sivil mahkeme taraf\u0131ndan tutuklanan albay olay\u0131n\u0131 \u201czafer \u00e7\u0131\u011fl\u0131klar\u0131\u201d ile kutlayan ve sivil yarg\u0131y\u0131 \u201ckutsal\u201d ilan eden AKP ve yanda\u015flar\u0131, ayn\u0131 karar\u0131n yine sivil mahkeme taraf\u0131ndan bozulmas\u0131 \u00fczerine ger\u00e7ek y\u00fcz\u00fcn\u00fc g\u00f6stermi\u015f ve yarg\u0131ya a\u011f\u0131r hakaretlerde bulunmu\u015flard\u0131. Ayn\u0131 kesim bu hafta da Ergenekon davas\u0131 nedeniyle yine \u201citiraf\u201d ederken yakaland\u0131. <!--more--><\/p>\n<p style=\"text-align: justify;\"><strong><em>Atama kararnamesi<\/em><\/strong><\/p>\n<p style=\"text-align: justify;\">Ge\u00e7en haftan\u0131n \u00f6nemli geli\u015fmelerinden biri H\u00e2kimler ve Savc\u0131lar Y\u00fcksek Kurulu\u2019nun yaz atamalar\u0131n\u0131 h\u00e2l\u00e2 yapamam\u0131\u015f olmas\u0131yd\u0131. AKP ve yanda\u015flar\u0131na g\u00f6re \u201cbaz\u0131 \u00e7evreler\u201d Ergenekon savc\u0131lar\u0131yla h\u00e2kimlerini de\u011fi\u015ftirmek istiyordu. AKP medyas\u0131 ayn\u0131 anda, ayn\u0131 c\u00fcmleler ve ayn\u0131 ba\u015fl\u0131klarla yarg\u0131ya kar\u015f\u0131 m\u00fcthi\u015f bir sindirme harek\u00e2t\u0131na ba\u015flad\u0131. \u0130ddiaya g\u00f6re h\u00fck\u00fcmet Ergenekon ve Diyarbak\u0131r\u2019da baz\u0131 \u00f6nemli olaylara bakan mahkemenin h\u00e2kim ve savc\u0131lar\u0131n\u0131n de\u011fi\u015fmesine kar\u015f\u0131yd\u0131. Ama \u201cErgenekoncular\u201d buralarda operasyonlar yapmak istiyorlard\u0131.<\/p>\n<p style=\"text-align: justify;\"><strong><em>Ergenekon hakl\u0131 m\u0131?<\/em><br \/>\n<\/strong>\n<\/p>\n<p style=\"text-align: justify;\">Bug\u00fcn ikinci iddianamesinin duru\u015fmalar\u0131n\u0131n ba\u015flayaca\u011f\u0131 Ergenekon davas\u0131n\u0131n hukuka ve hakkaniyete pek uymad\u0131\u011f\u0131n\u0131n en g\u00fczel kan\u0131t\u0131 AKP ve yanda\u015flar\u0131n\u0131n son birka\u00e7 g\u00fcnd\u00fcr \u00e7\u0131kard\u0131klar\u0131 yaygarad\u0131r. Ne diyor iktidar ve yanl\u0131lar\u0131 \u201cErgenekon savc\u0131lar\u0131 de\u011fi\u015ftirilmek isteniyor, h\u00e2kimleri ba\u015fka yerlere atanmak isteniyor.\u201d Oysa iktidar ve yanda\u015flar\u0131 d\u0131\u015f\u0131nda kimse hangi h\u00e2kim ve savc\u0131lar\u0131n atanmak istendi\u011fini bilmiyor. Dinci medya tek yanl\u0131 olarak bir yay\u0131n yap\u0131yor herkes de bunun arkas\u0131n\u0131 izliyor. Ama merak edip HSYK \u00fcyelerine soru soran yok.<\/p>\n<p style=\"text-align: justify;\"><em><strong>Deyin ki de\u011fi\u015ftiler<\/strong><\/em><\/p>\n<p style=\"text-align: justify;\">Olmas\u0131 pek iyi de\u011fil belki ama, deyin ki Ergenekon savc\u0131lar\u0131 ve h\u00e2kimlerinden baz\u0131lar\u0131 de\u011fi\u015fti. Peki ne olur o zaman? Yeni gelenler \u201csu\u00e7lular\u0131 bilerek ve isteyerek serbest mi b\u0131rak\u0131r?\u201d Sivil yarg\u0131 ba\u011f\u0131ms\u0131z ve tarafs\u0131z de\u011fil mi? E\u011fer ortada sabit bir su\u00e7 varsa, h\u00e2kim ve savc\u0131 \u015fu ki\u015fi olmu\u015f, bu ki\u015fi olmu\u015f ne fark eder? Etmemesi gerek.<\/p>\n<p style=\"text-align: justify;\"><strong><em>Oyun ortaya \u00e7\u0131k\u0131yor<\/em><\/strong><\/p>\n<p style=\"text-align: justify;\">Ama iktidar ve yanda\u015flar\u0131n\u0131n tela\u015f\u0131na bak\u0131nca Ergenekon davas\u0131 konusundaki ku\u015fkular\u0131n ger\u00e7ek oldu\u011fu izlenimi g\u00fc\u00e7leniyor. AKP ve yanda\u015flar\u0131 \u201ckorku ve tela\u015f\u201d i\u00e7inde asl\u0131nda \u015funu itiraf ediyorlar: \u201cBu dava bu h\u00e2kim ve savc\u0131larla y\u00fcr\u00fcyebilir ancak. E\u011fer bunlar de\u011fi\u015firse iddianamedeki hukuksuzluklar, haks\u0131z yere su\u00e7lananlar, eziyet \u00e7ektirilenler bir bir ortaya \u00e7\u0131kar, bug\u00fcne kadar ustal\u0131kla getirdi\u011fimiz plan bozulur, hedefe giden yolumuz t\u0131kan\u0131r.\u201d Savc\u0131 ve h\u00e2kimlerin de\u011fi\u015fmesi ihtimaline bu kadar g\u00fcr\u00fclt\u00fc \u00e7\u0131kar\u0131l\u0131rsa akl\u0131n\u0131za ba\u015fka bir \u015fey gelir mi?<\/p>\n<p style=\"text-align: justify;\"><strong><em>Bir \u015fey fark etmez<\/em><\/strong><\/p>\n<p style=\"text-align: justify;\">Oysa e\u011fer Ergenekon ger\u00e7ekten bir ter\u00f6r \u00f6rg\u00fct\u00fcyse, san\u0131klar T\u00fcrkiye\u2019de darbe yapmak ve buna haz\u0131rl\u0131k i\u00e7in de ter\u00f6r olaylar\u0131 yaratmak istiyorlarsa, bu savc\u0131 ve h\u00e2kimler gider ba\u015fkalar\u0131 gelir sonu\u00e7 de\u011fi\u015fmez. Diyelim ki silah zoruyla bir bakkal\u0131 soymaya kalkarken yakalanan bir ki\u015fiyi yarg\u0131l\u0131yorsunuz. Mahkemenin h\u00e2kimi dava s\u0131ras\u0131nda bir \u015fekilde ayr\u0131ld\u0131. Yerine gelecek h\u00e2kim soyguna kalk\u0131\u015fan ki\u015fiye ba\u015fka ceza m\u0131 verecek? Anla\u015f\u0131ld\u0131\u011f\u0131 kadar\u0131yla iktidar ve yanda\u015flar\u0131 h\u00e2kim ve savc\u0131lar\u0131n de\u011fi\u015fmesi ihtimaline kar\u015f\u0131 deh\u015fet bir korku i\u00e7indeler. Bu arada bir daha tekrarlayay\u0131m, \u015fu a\u015famada b\u00f6yle bir de\u011fi\u015fiklik yanl\u0131\u015f olur.<\/p>\n<p style=\"text-align: justify;\"><strong><em>Bir de komik eylem <\/em><\/strong><\/p>\n<p style=\"text-align: justify;\">Bu olayla ilgili son bir not. AKP\u2019nin gen\u00e7lik kollar\u0131 gibi \u00e7al\u0131\u015fan Gen\u00e7 bilmem neler diye bir \u00f6rg\u00fct var. Belli ki iktidar \u00f6ylesine bir tela\u015fa kap\u0131lm\u0131\u015f ki bu gen\u00e7 bilmem neler \u201csavc\u0131ma dokunma\u201d sloganlar\u0131yla y\u00fcr\u00fcm\u00fc\u015fler. Bunlar hukukun \u00fcst\u00fcnl\u00fc\u011f\u00fcne \u00e7ok sayg\u0131l\u0131 olduklar\u0131ndan Ergenekon davas\u0131n\u0131 sadece bu savc\u0131lar\u0131n y\u00fcr\u00fctebilece\u011fine inan\u0131yor. Ya da davan\u0131n ancak bu savc\u0131lar sayesinde ayn\u0131 adaletsizlikle y\u00fcr\u00fct\u00fclece\u011fini biliyorlar. Sahtek\u00e2rl\u0131k ve ahlaks\u0131zl\u0131k diz boyu olunca T\u00fcrkiye bu komiklikleri g\u00f6rmezden geliyor.<\/p>\n<p style=\"text-align: justify;\"><em><strong>Katsay\u0131 meselesi<\/strong><\/em><\/p>\n<p style=\"text-align: justify;\">Ge\u00e7en haftan\u0131n \u00f6nemli geli\u015fmelerinden biri de Y\u00d6K Ba\u015fkan\u0131\u2019n\u0131n art\u0131k hi\u00e7bir engel tan\u0131madan e\u011fitimi de genel siyasi hedef do\u011frultusunda d\u00f6n\u00fc\u015ft\u00fcrme \u00e7abalar\u0131 i\u00e7in kollar\u0131 s\u0131vamas\u0131 oldu. \u00d6nce din e\u011fitimini tarikatlar\u0131n vermesini isteyen Y\u00d6K Ba\u015fkan\u0131 katsay\u0131 konusunun da \u00f6n\u00fcm\u00fczdeki y\u0131l \u00e7\u00f6z\u00fclm\u00fc\u015f olaca\u011f\u0131n\u0131 s\u00f6yledi. Katsay\u0131 sorunu dedi\u011fi imam hatip liselerinden mezun olanlara b\u00fct\u00fcn \u00fcniversitelerin a\u00e7\u0131lmas\u0131 demek. \u0130ktidar\u0131n emrindeki Y\u00d6K Ba\u015fkan\u0131 bir yandan kurumun b\u00fct\u00fcn yap\u0131s\u0131n\u0131 de\u011fi\u015ftirirken \u00f6te yandan \u00fcniversite e\u011fitimine de d\u00fczeltilmesi \u00e7ok g\u00fc\u00e7 hasarlar verme c\u00fcreti i\u00e7inde y\u00fcr\u00fcyor.<\/p>\n<p style=\"text-align: justify;\"><strong><em>Yalan ve sahtek\u00e2rl\u0131k<\/em><\/strong><\/p>\n<p style=\"text-align: justify;\">\u0130mam hatip liselerinden mezun olanlara t\u00fcm \u00fcniversitelerin yolunun a\u00e7\u0131lmas\u0131 bu iktidar i\u00e7in \u00e7ok \u00f6nemli. \u00c7\u00fcnk\u00fc \u201carka bah\u00e7emiz\u201d dedikleri imam hatiplerle kendi ideolojilerinin ve insan kaynaklar\u0131n\u0131n alt yap\u0131s\u0131n\u0131 kuruyorlar. \u0130simlerinin \u00f6n\u00fcnde \u201cprofes\u00f6r\u201d unvan\u0131 olan baz\u0131 s\u00f6zde ayd\u0131nlar ise b\u00fcy\u00fck bir aymazl\u0131k i\u00e7inde katsay\u0131 konusunu bir \u201ce\u015fitlik\u201d ilkesi olarak g\u00f6r\u00fcp g\u00f6stermeye \u00e7al\u0131\u015f\u0131yor. Oysa katsay\u0131 konusunun ve imam hatiplere y\u00f6nelik giri\u015fimlerin e\u015fitlikle hi\u00e7bir ilgisi yok. Bunun alt\u0131nda b\u00fcy\u00fck bir sahtek\u00e2rl\u0131k var.<\/p>\n<p style=\"text-align: justify;\"><strong><em>\u00d6zg\u00fcrl\u00fck neredeymi\u015f?<\/em><\/strong><\/p>\n<p style=\"text-align: justify;\">Halk\u0131 art\u0131k iyice aptal yerine koyanlar \u201cEfendim, meslek lisesine giden bir \u00f6\u011frenciyi nas\u0131l olur da \u00fcniversite yolundan al\u0131koyars\u0131n\u0131z\u201d diyorlar. Bu kendini ak\u0131ll\u0131 sanan yanda\u015flar, konunun sadece imam hatiplileri ilgilendirme\u011fini ve konunun asl\u0131nda t\u00fcm meslek liselerinin sorunu oldu\u011fu yalan\u0131n\u0131 s\u00f6yl\u00fcyorlar. Ahlak\u0131 m\u00fczede bile saklamaktan korkan zihniyet, meslek liselerinden mezun olanlar\u0131n \u00fcniversiteye giremedikleri yalan\u0131n\u0131 yay\u0131yorlar. D\u00fc\u015f\u00fcnmekten ziyade biat etmeye daha yak\u0131n hale getirilen halk\u0131m\u0131z da, cahilli\u011fi nedeniyle bu yalana kan\u0131yor.<\/p>\n<p style=\"text-align: justify;\"><strong><em>Yalan\u0131n b\u00fcy\u00fc\u011f\u00fc<\/em><\/strong><\/p>\n<p style=\"text-align: justify;\">Oysa herhangi bir meslek lisesinden mezun olan her \u00f6\u011frenci diledi\u011fi \u00fcniversiteye gidebiliyor. Fark \u015furada. Bu \u00f6\u011frenciler \u00f6ncelikle e\u011fitimini g\u00f6rd\u00fckleri bilimlerin y\u00fcksek b\u00f6l\u00fcm\u00fcne y\u00f6nlendiriliyor. Ama elbette \u00f6zg\u00fcr bir \u00fclkede motor sanat\u0131n\u0131 \u00f6\u011frenen bir \u00f6\u011frenci hukuk ya da t\u0131p fak\u00fcltesine de gidebilir. \u0130\u015fte b\u00f6yle bir arzusu olursa, ald\u0131\u011f\u0131 puanla ilgili bir katsay\u0131 uygulamas\u0131 yap\u0131l\u0131yor. Bunun temel amac\u0131 da \u00f6\u011frenciler aras\u0131ndaki e\u015fitli\u011fin sa\u011flanmas\u0131. Elinde bir mesle\u011fi olan \u00f6\u011frenci ile normal liseden mezun olup elinde hi\u00e7bir meslek olmayan \u00f6\u011frenci ayn\u0131 olmamal\u0131. \u0130\u015fte katsay\u0131 bu e\u015fitsizli\u011fi gidermeyi ama\u00e7l\u0131yor.<\/p>\n<p style=\"text-align: justify;\"><strong><em>\u0130mam hatibin i\u015flevi<\/em><\/strong><\/p>\n<p style=\"text-align: justify;\">Buna kar\u015f\u0131, iktidar imam hatip mezunlar\u0131ndan ba\u015fka bir i\u015flev bekliyor. \u0130ktidar dini e\u011fitim alm\u0131\u015f, bu arada normal lise m\u00fcfredat\u0131n\u0131 da g\u00f6rm\u00fc\u015f, b\u00f6ylelikle gen\u00e7 ya\u015fta \u201ce\u011filmi\u015f a\u011fa\u00e7lar\u0131\u201d kendi ideolojisi do\u011frultusunda devletin \u00f6nemli birimlerine yerle\u015ftirmek istiyor. AKP ve bu zihniyetin a\u011fababalar\u0131 bu politikay\u0131 y\u0131llard\u0131r s\u00fcrd\u00fcr\u00fcyorlar. \u015eu anda imam hatip k\u00f6kenli \u00e7ok say\u0131da h\u00e2kim, savc\u0131, kaymakam, emniyet mensubu devletin \u00f6nemli k\u00f6\u015felerinde oturuyor. \u0130ktidar art\u0131k geldi\u011fi noktay\u0131 da a\u015fmak ve konuyu tamamen kendi kontrol\u00fcnde tutmak istiyor.<\/p>\n<p style=\"text-align: justify;\"><strong><em>1973\u2019te ba\u015flam\u0131\u015ft\u0131<\/em><\/strong><\/p>\n<p style=\"text-align: justify;\">Son bir bilgi de vermek istiyorum. \u0130mam hatiplerin belli bir i\u015flevle T\u00fcrkiye\u2019nin d\u00f6n\u00fc\u015ft\u00fcr\u00fclmesi i\u00e7in kullan\u0131lmas\u0131 plan\u0131n\u0131n ge\u00e7mi\u015fi 35 y\u0131l \u00f6ncesine gidiyor. 1973\u2019te Ecevit\u2019in kurdu\u011fu CHP-MSP iktidar\u0131, imam hatiplerin \u00f6n\u00fcn\u00fc a\u00e7an karara imza atm\u0131\u015ft\u0131. Ecevit o g\u00fcnlerin ko\u015fullar\u0131nda bu sinsi plan\u0131n y\u0131llar sonra T\u00fcrkiye\u2019ye getirece\u011fi zarar\u0131 anlayamam\u0131\u015f ve \u201cs\u00f6zde hakkaniyet\u201d ad\u0131na imam hatiplerin \u00f6n\u00fcn\u00fc a\u00e7m\u0131\u015ft\u0131. O tarihten itibaren 20 y\u0131l boyunca imam hatip mezunlar\u0131 \u00f6ncelikle Siyasal Bilgiler ve Hukuk Fak\u00fcltesine y\u00f6nlendirildi. Sonu\u00e7 bug\u00fcn ortada i\u015fte.<\/p>\n<p style=\"text-align: justify;\"><strong><em>Say\u0131sal veriler <\/em><\/strong><\/p>\n<p style=\"text-align: justify;\">Bu arada AKP yanda\u015flar\u0131 baz\u0131 say\u0131sal verilere dayanarak imam hatip konusunun abart\u0131ld\u0131\u011f\u0131n\u0131 ileri s\u00fcr\u00fcyorlar. Bu y\u0131l s\u0131nava giren imam hatip mezunlar\u0131n\u0131n 12 bin oldu\u011funu bunun genel toplamda bir anlam\u0131 olmad\u0131\u011f\u0131n\u0131 s\u00f6yl\u00fcyorlar. Hi\u00e7 de \u00f6yle de\u011fil. 12 bin ki\u015finin 5 bini devletin \u00f6nemli noktalar\u0131na getirildi\u011finde ne olaca\u011f\u0131n\u0131 herkesin d\u00fc\u015f\u00fcnmesi gerek.<\/p>\n<p style=\"text-align: justify;\">Hepinize iyi haftalar dilerim.<\/p>\n<p style=\"text-align: justify;\"><span style=\"color: #3366ff;\"><em><strong>Can Atakl\u0131<\/strong><\/em><\/span><\/p>\n<p style=\"text-align: justify;\"><em>Yazara Ula\u015fmak \u0130\u00e7in :<\/em> <a href=\"mailto:catakli@gazetevatan.com\">catakli@gazetevatan.com<\/a><\/p>\n","protected":false},"excerpt":{"rendered":"<p id=\"caption-attachment-11653\" class=\"wp-caption-text\">Can Atakl\u0131<\/p>\n<p style=\"text-align: justify;\">Sevgili okurlar; AKP ve yanda\u015flar\u0131n\u0131n T\u00fcrkiye\u2019yi d\u00f6n\u00fc\u015ft\u00fcrme \u00e7abalar\u0131 yaz s\u0131ca\u011f\u0131 bile dinlemiyor. \u0130ktidar, hedefine giden yolda demokrasi, hukuk ve ahlaki de\u011ferleri hi\u00e7e sayarak, vura k\u0131ra, d\u00f6ke sa\u00e7a y\u00fcr\u00fcyor. \u00dcstelik Ba\u015fbakan, \u201cbunlar\u0131n bir \u015fey olmad\u0131\u011f\u0131n\u0131, \u00f6n\u00fcm\u00fczdeki g\u00fcnlerde konu\u015faca\u011f\u0131n\u0131\u201d s\u00f6yl\u00fcyor. AKP ve yanda\u015flar\u0131n\u0131n \u015fu anda se\u00e7tikleri hedef yarg\u0131 ve yarg\u0131n\u0131n ba\u011f\u0131ms\u0131zl\u0131\u011f\u0131.<\/p>\n","protected":false},"author":1,"featured_media":0,"comment_status":"open","ping_status":"closed","sticky":false,"template":"","format":"standard","meta":{"footnotes":""},"categories":[16],"tags":[],"class_list":["post-11785","post","type-post","status-publish","format-standard","hentry","category-kose-yazilari","odd"],"_links":{"self":[{"href":"http:\/\/www.korhanyilmaz.com\/index.php?rest_route=\/wp\/v2\/posts\/11785","targetHints":{"allow":["GET"]}}],"collection":[{"href":"http:\/\/www.korhanyilmaz.com\/index.php?rest_route=\/wp\/v2\/posts"}],"about":[{"href":"http:\/\/www.korhanyilmaz.com\/index.php?rest_route=\/wp\/v2\/types\/post"}],"author":[{"embeddable":true,"href":"http:\/\/www.korhanyilmaz.com\/index.php?rest_route=\/wp\/v2\/users\/1"}],"replies":[{"embeddable":true,"href":"http:\/\/www.korhanyilmaz.com\/index.php?rest_route=%2Fwp%2Fv2%2Fcomments&post=11785"}],"version-history":[{"count":0,"href":"http:\/\/www.korhanyilmaz.com\/index.php?rest_route=\/wp\/v2\/posts\/11785\/revisions"}],"wp:attachment":[{"href":"http:\/\/www.korhanyilmaz.com\/index.php?rest_route=%2Fwp%2Fv2%2Fmedia&parent=11785"}],"wp:term":[{"taxonomy":"category","embeddable":true,"href":"http:\/\/www.korhanyilmaz.com\/index.php?rest_route=%2Fwp%2Fv2%2Fcategories&post=11785"},{"taxonomy":"post_tag","embeddable":true,"href":"http:\/\/www.korhanyilmaz.com\/index.php?rest_route=%2Fwp%2Fv2%2Ftags&post=11785"}],"curies":[{"name":"wp","href":"https:\/\/api.w.org\/{rel}","templated":true}]}}