{"id":11778,"date":"2009-07-20T14:50:39","date_gmt":"2009-07-20T11:50:39","guid":{"rendered":"http:\/\/www.korhanyilmaz.com\/?p=11778"},"modified":"2009-07-20T14:50:39","modified_gmt":"2009-07-20T11:50:39","slug":"3-iddianame-1454-sayfa","status":"publish","type":"post","link":"http:\/\/www.korhanyilmaz.com\/?p=11778","title":{"rendered":"3. iddianame 1454 sayfa"},"content":{"rendered":"<p style=\"text-align: justify;\"><img loading=\"lazy\" decoding=\"async\" class=\"alignleft size-full wp-image-11779\" style=\"margin-left: 10px; margin-right: 10px;\" src=\"http:\/\/www.korhanyilmaz.com\/wp-content\/uploads\/2009\/07\/ergenekon-m\u00fchimmat-1.grid-3x3.jpg\" alt=\"\" width=\"138\" height=\"195\" \/>Rekt\u00f6rler ve \u0130brahim \u015eahin&#8217;in yer ald\u0131\u011f\u0131 Ergenekon davas\u0131n\u0131n 3. iddianamesinde kaz\u0131larda ele ge\u00e7irilen silahlar ve m\u00fchimmat tek tek say\u0131ld\u0131.<\/p>\n<p style=\"text-align: justify;\">\u0130STANBUL &#8211; Ergenekon soru\u015fturmas\u0131nda haz\u0131rlanan 3. iddianame davaya bakan \u0130stanbul 13. A\u011f\u0131r Ceza Mahkemesi&#8217;ne sunuldu. Mahkeme, 1454 sayfal\u0131k iddianameyi 15 g\u00fcnde inceleyerek kabul edecek veya savc\u0131l\u0131\u011fa geri g\u00f6nderecek.<\/p>\n<p style=\"text-align: justify;\">\u0130ddianame 52 \u015f\u00fcpheliyi kaps\u0131yor, bunlardan 37&#8217;si hala tutuklu bulunuyor.<\/p>\n<p style=\"text-align: justify;\">\u0130ddianame daha \u00f6nceki iddianamelerden teknik olarak ayr\u0131l\u0131yor, iddianamede uzunca bir liste bulunuyor. El konulan silah ve m\u00fchimmat\u0131n ayr\u0131nt\u0131l\u0131 olarak yer ald\u0131.<\/p>\n<p style=\"text-align: justify;\">\u00d6zellikle kaz\u0131larda bulunan cephanelikler tek tek s\u0131raland\u0131: 175 tabanca, 8020 tabanca mermisi,  52 uzun namlulu silah, 46 bin 242 uzun namlulu silah \u00e7ekirde\u011fi, 250 el bombas\u0131, 424 patlay\u0131c\u0131 madde, 13 sis bombas\u0131na iddianamede yer verildi.<\/p>\n<p style=\"text-align: justify;\">\u0130ddianamede Ba\u015fkent \u00dcniversitesi Rekt\u00f6r\u00fc Prof. Dr. Mehmet Haberal, \u0130n\u00f6n\u00fc \u00dcniversitesi eski rekt\u00f6r\u00fc Prof. Fatih Hilmio\u011flu, 19 May\u0131s \u00dcniversitesi eski rekt\u00f6r\u00fc Prof. Ferit Bernay, Uluda\u011f \u00dcniversitesi eski rekt\u00f6r\u00fc Prof. Mustafa Yurtkuran ve Giresun \u00dcniversitesi eski rekt\u00f6r\u00fc Prof. Osman Metin \u00d6zt\u00fcrk&#8217;\u00fcn iddianamede yer almas\u0131 bekleniyor.<!--more--><\/p>\n<p style=\"text-align: justify;\">Ayr\u0131ca iddianamenin \u0130stanbul Poyrazk\u00f6y, Ankara G\u00f6lba\u015f\u0131 ve Zir Vadisi&#8217;ndeki kaz\u0131lar\u0131 da i\u00e7erdi\u011fi belirtiliyor. Eski \u00d6zel Harekat Dairesi Ba\u015fkanvekili \u0130brahim \u015eahin, iddianamenin ba\u015f akt\u00f6r\u00fc konumunda.<\/p>\n<p style=\"text-align: justify;\">Eski Yarg\u0131tay Ba\u015fsavc\u0131s\u0131 Sabih Kanado\u011flu&#8217;nun iddianamede yer al\u0131p almad\u0131\u011f\u0131 konusunda Ba\u015fsavc\u0131l\u0131k yan\u0131t vermedi.<\/p>\n<p style=\"text-align: justify;\">Mahkeme heyeti, iddianameyle ilgili karar\u0131n\u0131 4 A\u011fustos tarihine kadar a\u00e7\u0131klayacak.<\/p>\n<p style=\"text-align: justify;\"><strong><em>\u0130stanbul Cumhuriyet Ba\u015fsavc\u0131l\u0131\u011f\u0131nca yap\u0131lan yaz\u0131l\u0131 a\u00e7\u0131klamada, iddianameyle ilgili \u015fu teknik bilgilere yer verildi.<\/em><\/strong><\/p>\n<p style=\"text-align: justify;\">&#8221;1454 sayfadan ibaret iddianame ile 52 \u015f\u00fcpheli hakk\u0131nda dava a\u00e7\u0131lm\u0131\u015f olup, bunlar\u0131n 37&#8217;si halen tutuklu olup, tutuklamalar 10 Ocak 2009 ile 17 Nisan 2009 tarihleri aras\u0131nda ger\u00e7ekle\u015fmi\u015ftir. \u015e\u00fcphelilerden tutuklanan 4 ki\u015fi daha sonra tahliye olmu\u015f, 11 \u015f\u00fcpheli de hi\u00e7 tutuklanmam\u0131\u015ft\u0131r. \u0130ddianamenin giri\u015f b\u00f6l\u00fcm\u00fcnde \u00f6rg\u00fct \u00e7er\u00e7evesinde daha \u00f6nce yap\u0131lan soru\u015fturmalar ve a\u00e7\u0131lan davalar \u00f6zetlenmi\u015f, \u00f6rg\u00fct\u00fcn ger\u00e7ekle\u015ftirmeyi planlad\u0131\u011f\u0131 eylemler, ger\u00e7ekle\u015ftirdi\u011fi eylemler, suikast planlar\u0131 ve el konulan silahlar anlat\u0131lm\u0131\u015ft\u0131r.&#8221;<\/p>\n<p style=\"text-align: justify;\">\u0130ddianamenin ikinci b\u00f6l\u00fcm\u00fcnde \u015f\u00fcphelilerin bireysel durumlar\u0131n\u0131n da anlat\u0131ld\u0131\u011f\u0131 belirtilen a\u00e7\u0131klamada, isnat edilen su\u00e7lar ve uygulanmas\u0131 talep edilen yasa maddelerine de yer verildi\u011fi bildirildi.<\/p>\n<p style=\"text-align: justify;\">Her \u015f\u00fcpheli i\u00e7in &#8221;arama ve el koyma i\u015flemlerinde bulunan delillerin anlat\u0131m\u0131, el konulan delillerin incelenmesi (inceleme tutanaklar\u0131, bilirki\u015fi ve ekspertiz raporlar\u0131&#8230;), teknik takip i\u015flemleri (ileti\u015fimin dinlenmesi ve tespiti, gizli izleme&#8230;), tan\u0131k ifadeleri, di\u011fer delillerin anlat\u0131lmas\u0131, \u015f\u00fcphelilerin emniyet ve savc\u0131l\u0131k ifadeleri ile hakim huzurundaki sorgusu, hukuki durumun anlat\u0131m\u0131, netice ve talep&#8221; konular\u0131n\u0131n ele al\u0131nd\u0131\u011f\u0131 vurgulanan a\u00e7\u0131klamada, \u015f\u00f6yle devam edildi:<\/p>\n<p style=\"text-align: justify;\">&#8221;\u0130ddianamede her \u015f\u00fcpheli, a\u015fa\u011f\u0131da yaz\u0131l\u0131 su\u00e7lardan biri, birka\u00e7\u0131 veya bir \u00e7o\u011fu ile su\u00e7land\u0131r\u0131lm\u0131\u015f ve su\u00e7a uyan kanun maddelerinin uygulanmas\u0131 talep edilmi\u015ftir.<\/p>\n<p style=\"text-align: justify;\">&#8216;Silahl\u0131 ter\u00f6r \u00f6rg\u00fct\u00fc kurma veya y\u00f6netme&#8217;, &#8216;T\u00fcrkiye B\u00fcy\u00fck Millet Meclisi&#8217;ni ortadan kald\u0131rmaya veya g\u00f6revini yapmas\u0131n\u0131 engellemeye te\u015febb\u00fcs etme&#8217;, &#8216;T\u00fcrkiye Cumhuriyeti h\u00fck\u00fcmetini ortadan kald\u0131rmaya veya g\u00f6revini engellemeye te\u015febb\u00fcs etme&#8217;, &#8216;Hukuka ayk\u0131r\u0131 olarak ki\u015fisel verileri kaydetmek&#8217;, &#8216;Devletin g\u00fcvenli\u011fine ili\u015fkin gizli belgeleri temin etme&#8217;, &#8216;A\u00e7\u0131klanmas\u0131 yasaklanan gizli bilgileri temin etme&#8217;, &#8216;Say\u0131 ve nitelik bak\u0131m\u0131ndan vahim olan silah veya mermilerin sat\u0131n al\u0131nmas\u0131, ta\u015f\u0131nmas\u0131, bulundurulmas\u0131&#8217;, &#8216;Tehlikeli maddeleri izinsiz olarak bulundurma&#8217;, &#8216;\u00d6zel hayata ili\u015fkin g\u00f6r\u00fcnt\u00fc ve sesleri if\u015fa etmek&#8217;, &#8216;Devletin g\u00fcvenli\u011fine ili\u015fkin gizli belgeleri temin etme, amac\u0131 d\u0131\u015f\u0131nda kullanma, hile ile \u00e7alma&#8217;.&#8221;<\/p>\n<p style=\"text-align: justify;\">&#8221;Ergenekon silahl\u0131 ter\u00f6r \u00f6rg\u00fct\u00fc \u00e7er\u00e7evesinde farkl\u0131 zamanlarda ele ge\u00e7irilen delillere g\u00f6re yeni soru\u015fturmalar ba\u015flat\u0131lm\u0131\u015f, ikmal edilenlerle ilgili mukteza tayin edilmi\u015f, ikmal edilemeyenlere devam edilmi\u015f olup; \u00fc\u00e7\u00fcnc\u00fc iddianamenin tanziminden sonra da her biri ayr\u0131 numaraya kay\u0131tl\u0131 derdest soru\u015fturmalar mevcut bulunmaktad\u0131r.<\/p>\n<p style=\"text-align: justify;\">Soru\u015fturmalar \u00f6zel yetkili Cumhuriyet Ba\u015fsavc\u0131vekilinin gerekti\u011finde soru\u015fturma i\u015flemlerine bizzat kat\u0131l\u0131m\u0131yla ve genel olarak g\u00f6zetim ve koordinesinde g\u00f6revlendirdi\u011fi Cumhuriyet Savc\u0131lar\u0131nca y\u00fcr\u00fct\u00fclmekte, arama, el koyma kararlar\u0131n\u0131n yerine getirilmesi, ifade alma gibi yo\u011fun i\u015flemlerin devam\u0131 s\u00fcresince Cumhuriyet Savc\u0131s\u0131 say\u0131s\u0131 ge\u00e7ici olarak art\u0131r\u0131lmaktad\u0131r.<\/p>\n<p style=\"text-align: justify;\">Yasalar gere\u011fince soru\u015fturma evresinde arama, el koyma, tutuklama gibi soru\u015fturma i\u015flemleri mahkemelerce verilen kararlar \u00e7er\u00e7evesinde uygulanmakta olup, bu t\u00fcr kararlara itiraz edildi\u011finde a\u011f\u0131r ceza mahkemesi heyetince incelenmekte ve sonu\u00e7land\u0131r\u0131lmaktad\u0131r.<\/p>\n<p style=\"text-align: justify;\">Soru\u015fturma evresinde g\u00f6rev yapan hakimler ve mahkemeler n\u00f6bet sistemine g\u00f6re \u00e7al\u0131\u015ft\u0131klar\u0131ndan bir ba\u015fkan ve en az 3 \u00fcyesi bulunan 6 adet \u00f6zel yetkili a\u011f\u0131r ceza mahkemesi tek hakimle veya mahkeme olarak soru\u015fturma i\u015flemlerinde muhtelif tarihlerde kararlar vermi\u015f olup, bu \u015fekilde soru\u015fturmalar\u0131n muhtelif evrelerinde \u00e7ok say\u0131da Cumhuriyet Savc\u0131s\u0131 g\u00f6rev yapm\u0131\u015f olup, \u00f6zel yetkili a\u011f\u0131r ceza mahkemeleri ve hakimlerinin b\u00fct\u00fcne yak\u0131n\u0131 da bu soru\u015fturmaya ili\u015fkin kararlar vermi\u015flerdir.&#8221;<\/p>\n<p style=\"text-align: justify;\">A\u00e7\u0131klamada, yasalara g\u00f6re soru\u015fturman\u0131n i\u00e7eri\u011finin a\u00e7\u0131klanamayaca\u011f\u0131na da vurgu yap\u0131larak, \u015f\u00f6yle devam edildi:<\/p>\n<p style=\"text-align: justify;\">&#8221;Yasalara g\u00f6re, soru\u015fturman\u0131n i\u00e7eri\u011fi a\u00e7\u0131klanamaz ve yay\u0131nlanamaz. Bir olayla ilgili olarak ba\u015flat\u0131lan soru\u015fturma veya kovu\u015fturma kesin h\u00fck\u00fcmle sonu\u00e7lan\u0131ncaya kadar savc\u0131, hakim, mahkeme, bilirki\u015fi veya tan\u0131klar\u0131 etkilemek amac\u0131yla alenen s\u00f6zl\u00fc veya yaz\u0131l\u0131 beyanda bulunulamaz. Yarg\u0131n\u0131n her t\u00fcrl\u00fc etkiden uzak ve kendi mecras\u0131 i\u00e7inde g\u00f6revini yerine getirebilmesi i\u00e7in b\u00fct\u00fcn ki\u015fi ve kurumlar\u0131n, bas\u0131n ve yay\u0131n organlar\u0131n yasalar\u0131n \u00e7izdi\u011fi \u00e7er\u00e7eve i\u00e7inde kalarak konuya hassasiyetle yakla\u015fmalar\u0131 gerekmektedir.<\/p>\n<p style=\"text-align: justify;\">Yasalar gere\u011fince iddianame mahkemece kabul edinceye kadar, soru\u015fturma i\u00e7eri\u011fiyle ilgili bu a\u015famada ayr\u0131nt\u0131l\u0131 bilgi verilmesine imkan bulunmamakta ve gizlilik kural\u0131 devam etmektedir.&#8221;<\/p>\n<p style=\"text-align: justify;\"><span style=\"color: #808080;\">NTVMSNBC<\/span><\/p>\n","protected":false},"excerpt":{"rendered":"<p style=\"text-align: justify;\">Rekt\u00f6rler ve \u0130brahim \u015eahin&#8217;in yer ald\u0131\u011f\u0131 Ergenekon davas\u0131n\u0131n 3. iddianamesinde kaz\u0131larda ele ge\u00e7irilen silahlar ve m\u00fchimmat tek tek say\u0131ld\u0131.<\/p>\n<p style=\"text-align: justify;\">\u0130STANBUL &#8211; Ergenekon soru\u015fturmas\u0131nda haz\u0131rlanan 3. iddianame davaya bakan \u0130stanbul 13. A\u011f\u0131r Ceza Mahkemesi&#8217;ne sunuldu. Mahkeme, 1454 sayfal\u0131k iddianameyi 15 g\u00fcnde inceleyerek kabul edecek veya savc\u0131l\u0131\u011fa geri g\u00f6nderecek.<\/p>\n<p style=\"text-align: justify;\">\u0130ddianame 52 <\/p>\n","protected":false},"author":1,"featured_media":0,"comment_status":"open","ping_status":"closed","sticky":false,"template":"","format":"standard","meta":{"footnotes":""},"categories":[105],"tags":[],"class_list":["post-11778","post","type-post","status-publish","format-standard","hentry","category-gundem","odd"],"_links":{"self":[{"href":"http:\/\/www.korhanyilmaz.com\/index.php?rest_route=\/wp\/v2\/posts\/11778","targetHints":{"allow":["GET"]}}],"collection":[{"href":"http:\/\/www.korhanyilmaz.com\/index.php?rest_route=\/wp\/v2\/posts"}],"about":[{"href":"http:\/\/www.korhanyilmaz.com\/index.php?rest_route=\/wp\/v2\/types\/post"}],"author":[{"embeddable":true,"href":"http:\/\/www.korhanyilmaz.com\/index.php?rest_route=\/wp\/v2\/users\/1"}],"replies":[{"embeddable":true,"href":"http:\/\/www.korhanyilmaz.com\/index.php?rest_route=%2Fwp%2Fv2%2Fcomments&post=11778"}],"version-history":[{"count":0,"href":"http:\/\/www.korhanyilmaz.com\/index.php?rest_route=\/wp\/v2\/posts\/11778\/revisions"}],"wp:attachment":[{"href":"http:\/\/www.korhanyilmaz.com\/index.php?rest_route=%2Fwp%2Fv2%2Fmedia&parent=11778"}],"wp:term":[{"taxonomy":"category","embeddable":true,"href":"http:\/\/www.korhanyilmaz.com\/index.php?rest_route=%2Fwp%2Fv2%2Fcategories&post=11778"},{"taxonomy":"post_tag","embeddable":true,"href":"http:\/\/www.korhanyilmaz.com\/index.php?rest_route=%2Fwp%2Fv2%2Ftags&post=11778"}],"curies":[{"name":"wp","href":"https:\/\/api.w.org\/{rel}","templated":true}]}}