{"id":11775,"date":"2009-07-20T14:36:22","date_gmt":"2009-07-20T11:36:22","guid":{"rendered":"http:\/\/www.korhanyilmaz.com\/?p=11775"},"modified":"2009-07-20T14:36:22","modified_gmt":"2009-07-20T11:36:22","slug":"11775","status":"publish","type":"post","link":"http:\/\/www.korhanyilmaz.com\/?p=11775","title":{"rendered":"G\u00fcl&#039;den Adli T\u0131p&#039;a denetleme talimat\u0131"},"content":{"rendered":"<p style=\"text-align: center;\"><img loading=\"lazy\" decoding=\"async\" class=\"aligncenter size-full wp-image-11774\" src=\"http:\/\/www.korhanyilmaz.com\/wp-content\/uploads\/2009\/07\/ADL\u0130TIP.jpg\" alt=\"\" width=\"269\" height=\"207\" \/><\/p>\n<p style=\"text-align: justify;\">Cumhurba\u015fkan\u0131 Abdullah G\u00fcl, Devlet Denetleme Kurulu&#8217;na, Adli T\u0131p Kurumu&#8217;nu denetleme talimat\u0131 verdi. Kurul, son 3 y\u0131l i\u00e7indeki geli\u015fmeleri denetleyecek.<\/p>\n<p style=\"text-align: justify;\">Cumhurba\u015fkanl\u0131\u011f\u0131 Bas\u0131n Merkezi&#8217;nden, Abdullah G\u00fcl&#8217;\u00fcn &#8220;Son g\u00fcnlerde bas\u0131n-yay\u0131n organlar\u0131nda Adli T\u0131p Kurumu ile ilgili \u00e7e\u015fitli iddialar\u0131n s\u0131kl\u0131kla g\u00fcndeme getirilmesi \u00fczerine, Devlet Denetleme Kurulu&#8217;na; Adli T\u0131p Kurumu&#8217;nun 2007, 2008 ve 2009 faaliyet ve i\u015flemlerinin mevzuata uygun bi\u00e7imde yerine getirilip getirilmedi\u011finin denetlenmesi talimat\u0131 verdi\u011fi&#8221; bildirildi. <!--more--><\/p>\n<p style=\"text-align: justify;\"><em><strong>A\u00e7\u0131klamada ayr\u0131ca \u015f\u00f6yle denildi: <\/strong><\/em><\/p>\n<p style=\"text-align: justify;\">&#8220;Say\u0131n Cumhurba\u015fkan\u0131m\u0131z ayr\u0131ca, Adli T\u0131p Kurumu hizmetlerinin etkin ve verimli bir \u015fekilde y\u00fcr\u00fct\u00fclmesinin ve geli\u015ftirilmesinin sa\u011flanmas\u0131 amac\u0131yla s\u00f6z konusu Kurumun; mevzuat, te\u015fkilat, personel, ama\u00e7, ara\u00e7, gere\u00e7 ve metodlar y\u00f6n\u00fcnden de de\u011ferlendirmeye tabi tutulmas\u0131 i\u00e7in Devlet Denetleme Kurulu&#8217;nu g\u00f6revlendirmi\u015flerdir. Bilindi\u011fi \u00fczere, 2443 say\u0131l\u0131 Kanun ile kurulan Devlet Denetleme Kurulu; T\u00fcrkiye Cumhuriyeti Anayasas\u0131nda belirlenen denetim, ara\u015ft\u0131rma ve inceleme faaliyetlerini y\u00fcr\u00fctmektedir.&#8221;<\/p>\n<p style=\"text-align: justify;\">M\u00fcnevver Karabulut cinayetinde Adli T\u0131p Kurumu&#8217;nun ak\u0131l almaz bir ihmali ortaya \u00e7\u0131km\u0131\u015f; Karabulut&#8217;un i\u00e7 \u00e7ama\u015f\u0131r\u0131nda bulunan spermin, Adli T\u0131p&#8217;taki &#8220;teknik hata&#8221; sonucu ayn\u0131 g\u00fcn otopsisi yap\u0131lan bir ba\u015fka cesetten bula\u015ft\u0131\u011f\u0131 anla\u015f\u0131lm\u0131\u015ft\u0131.<\/p>\n<p style=\"text-align: justify;\"><span style=\"color: #888888;\"><em>CNN T\u00dcRK<\/em><\/span><\/p>\n","protected":false},"excerpt":{"rendered":"<p style=\"text-align: center;\">\n<p style=\"text-align: justify;\">Cumhurba\u015fkan\u0131 Abdullah G\u00fcl, Devlet Denetleme Kurulu&#8217;na, Adli T\u0131p Kurumu&#8217;nu denetleme talimat\u0131 verdi. Kurul, son 3 y\u0131l i\u00e7indeki geli\u015fmeleri denetleyecek.<\/p>\n<p style=\"text-align: justify;\">Cumhurba\u015fkanl\u0131\u011f\u0131 Bas\u0131n Merkezi&#8217;nden, Abdullah G\u00fcl&#8217;\u00fcn &#8220;Son g\u00fcnlerde bas\u0131n-yay\u0131n organlar\u0131nda Adli T\u0131p Kurumu ile ilgili \u00e7e\u015fitli iddialar\u0131n s\u0131kl\u0131kla g\u00fcndeme getirilmesi \u00fczerine, Devlet Denetleme Kurulu&#8217;na; Adli T\u0131p Kurumu&#8217;nun 2007, 2008 ve <\/p>\n","protected":false},"author":1,"featured_media":0,"comment_status":"open","ping_status":"closed","sticky":false,"template":"","format":"standard","meta":{"footnotes":""},"categories":[105],"tags":[],"class_list":["post-11775","post","type-post","status-publish","format-standard","hentry","category-gundem","odd"],"_links":{"self":[{"href":"http:\/\/www.korhanyilmaz.com\/index.php?rest_route=\/wp\/v2\/posts\/11775","targetHints":{"allow":["GET"]}}],"collection":[{"href":"http:\/\/www.korhanyilmaz.com\/index.php?rest_route=\/wp\/v2\/posts"}],"about":[{"href":"http:\/\/www.korhanyilmaz.com\/index.php?rest_route=\/wp\/v2\/types\/post"}],"author":[{"embeddable":true,"href":"http:\/\/www.korhanyilmaz.com\/index.php?rest_route=\/wp\/v2\/users\/1"}],"replies":[{"embeddable":true,"href":"http:\/\/www.korhanyilmaz.com\/index.php?rest_route=%2Fwp%2Fv2%2Fcomments&post=11775"}],"version-history":[{"count":0,"href":"http:\/\/www.korhanyilmaz.com\/index.php?rest_route=\/wp\/v2\/posts\/11775\/revisions"}],"wp:attachment":[{"href":"http:\/\/www.korhanyilmaz.com\/index.php?rest_route=%2Fwp%2Fv2%2Fmedia&parent=11775"}],"wp:term":[{"taxonomy":"category","embeddable":true,"href":"http:\/\/www.korhanyilmaz.com\/index.php?rest_route=%2Fwp%2Fv2%2Fcategories&post=11775"},{"taxonomy":"post_tag","embeddable":true,"href":"http:\/\/www.korhanyilmaz.com\/index.php?rest_route=%2Fwp%2Fv2%2Ftags&post=11775"}],"curies":[{"name":"wp","href":"https:\/\/api.w.org\/{rel}","templated":true}]}}