{"id":11763,"date":"2009-07-20T11:52:57","date_gmt":"2009-07-20T08:52:57","guid":{"rendered":"http:\/\/www.korhanyilmaz.com\/?p=11763"},"modified":"2009-07-20T11:52:57","modified_gmt":"2009-07-20T08:52:57","slug":"ft-ergenekon-davasini-mercek-altina-aldi","status":"publish","type":"post","link":"http:\/\/www.korhanyilmaz.com\/?p=11763","title":{"rendered":"FT, Ergenekon davas\u0131n\u0131 mercek alt\u0131na ald\u0131"},"content":{"rendered":"<p><img loading=\"lazy\" decoding=\"async\" class=\"aligncenter size-full wp-image-11764\" src=\"http:\/\/www.korhanyilmaz.com\/wp-content\/uploads\/2009\/07\/ERGENEKON1.jpg\" alt=\"\" width=\"292\" height=\"186\" \/><\/p>\n<p style=\"text-align: justify;\">Ergenekon&#8217;da ikinci dava, T\u00fcrkiye&#8217;nin oldu\u011fu kadar d\u00fcnya bas\u0131n\u0131nda da g\u00fcndeminde. \u0130ngiliz Financial Times gazetesi, &#8220;Ergenekon&#8221; ad\u0131n\u0131n, T\u00fcrkiye&#8217;nin darbe ve komplo k\u00fclt\u00fcr\u00fcyle e\u015fanlaml\u0131 oldu\u011funu vurgulad\u0131. Davan\u0131n, T\u00fcrkiye&#8217;nin de\u011fi\u015fen siyasi k\u00fclt\u00fcr\u00fc i\u00e7in \u00e7ok ciddi bir s\u0131nav oldu\u011fu de\u011ferlendirmesinde bulundu.<\/p>\n<p style=\"text-align: justify;\">&#8220;Ergenekon s\u00f6zc\u00fc\u011f\u00fc, T\u00fcrkiye&#8217;de komplo, derin devlet ve darbe k\u00fclt\u00fcr\u00fcyle e\u015fanlaml\u0131.&#8221; Tespit, \u0130ngiliz The Financial Times gazetesinden.<\/p>\n<p style=\"text-align: justify;\">Gazete, Ergenekon&#8217;da ikinci dava s\u00fcreci ba\u015flarken darbe planlar\u0131n\u0131 ve T\u00fcrk siyasetinde ordunun rol\u00fcn\u00fc sorguluyor.<\/p>\n<p style=\"text-align: justify;\">Financial Times&#8217;a g\u00f6re, Ergenekon soru\u015fturmas\u0131 T\u00fcrkiye&#8217;de de\u011fi\u015fen siyasi k\u00fclt\u00fcr\u00fcn verdi\u011fi \u00e7ok ciddi bir s\u0131nav. <!--more--><\/p>\n<p style=\"text-align: justify;\"><strong><em>Y\u00fcr\u00fct\u00fclme bi\u00e7imine ele\u015ftiri<\/em><\/strong><\/p>\n<p style=\"text-align: justify;\">Gazeteye g\u00f6re Ergenekon, T\u00fcrkiye&#8217;nin derin devlet k\u00fclt\u00fcr\u00fc ile bir t\u00fcr hesapla\u015fmas\u0131 olsa da, davan\u0131n y\u00fcr\u00fct\u00fclme bi\u00e7imi me\u015fruiyeti konusunda \u015f\u00fcphe yarat\u0131yor.<\/p>\n<p style=\"text-align: justify;\">Bu da, \u00fclkede laikler ve dindar muhafazakarlar aras\u0131nda var olan gerilimi daha da art\u0131r\u0131yor. \u00c7\u00fcnk\u00fc laik \u00e7evreler, soru\u015fturmay\u0131 AKP muhaliflerine y\u00f6nelik bir cad\u0131 av\u0131 olarak alg\u0131l\u0131yor.<\/p>\n<p style=\"text-align: justify;\">Gazete, Ergenekon soru\u015fturmas\u0131 ve G\u00fcneydo\u011fu&#8217;daki faili me\u00e7hul cinayetler aras\u0131ndaki olas\u0131 ba\u011flant\u0131ya da dikkat \u00e7ekerek Diyarbak\u0131rl\u0131 avukat Tahir El\u00e7i&#8217;nin g\u00f6r\u00fc\u015f\u00fcne yer veriyor.<\/p>\n<p style=\"text-align: justify;\">El\u00e7i&#8217;ye g\u00f6re, soru\u015fturma s\u00fcrecinde sadece AKP muhaliflerinin pe\u015finden gidildi\u011fi intibas\u0131 hakim. El\u00e7i, &#8220;1990&#8217;larda G\u00fcneydo\u011fu Anadolu&#8217;da i\u015flenen faili me\u00e7hul cinayetler soru\u015fturma kapsam\u0131na al\u0131ns\u0131n&#8221; diyor ve ekliyor: &#8220;Cin art\u0131k \u015fi\u015feden \u00e7\u0131kt\u0131. Beklenti T\u00fcrkiye&#8217;deki darbe ve komplo k\u00fclt\u00fcr\u00fcn\u00fcn art\u0131k sona ermesi.&#8221;<\/p>\n<p style=\"text-align: justify;\"><span style=\"color: #888888;\"><em>CNN T\u00dcRK<\/em><\/span><\/p>\n","protected":false},"excerpt":{"rendered":"<\/p>\n<p style=\"text-align: justify;\">Ergenekon&#8217;da ikinci dava, T\u00fcrkiye&#8217;nin oldu\u011fu kadar d\u00fcnya bas\u0131n\u0131nda da g\u00fcndeminde. \u0130ngiliz Financial Times gazetesi, &#8220;Ergenekon&#8221; ad\u0131n\u0131n, T\u00fcrkiye&#8217;nin darbe ve komplo k\u00fclt\u00fcr\u00fcyle e\u015fanlaml\u0131 oldu\u011funu vurgulad\u0131. Davan\u0131n, T\u00fcrkiye&#8217;nin de\u011fi\u015fen siyasi k\u00fclt\u00fcr\u00fc i\u00e7in \u00e7ok ciddi bir s\u0131nav oldu\u011fu de\u011ferlendirmesinde bulundu.<\/p>\n<p style=\"text-align: justify;\">&#8220;Ergenekon s\u00f6zc\u00fc\u011f\u00fc, T\u00fcrkiye&#8217;de komplo, derin devlet ve darbe k\u00fclt\u00fcr\u00fcyle e\u015fanlaml\u0131.&#8221; Tespit, \u0130ngiliz The <\/p>\n","protected":false},"author":1,"featured_media":0,"comment_status":"open","ping_status":"closed","sticky":false,"template":"","format":"standard","meta":{"footnotes":""},"categories":[105],"tags":[],"class_list":["post-11763","post","type-post","status-publish","format-standard","hentry","category-gundem","odd"],"_links":{"self":[{"href":"http:\/\/www.korhanyilmaz.com\/index.php?rest_route=\/wp\/v2\/posts\/11763","targetHints":{"allow":["GET"]}}],"collection":[{"href":"http:\/\/www.korhanyilmaz.com\/index.php?rest_route=\/wp\/v2\/posts"}],"about":[{"href":"http:\/\/www.korhanyilmaz.com\/index.php?rest_route=\/wp\/v2\/types\/post"}],"author":[{"embeddable":true,"href":"http:\/\/www.korhanyilmaz.com\/index.php?rest_route=\/wp\/v2\/users\/1"}],"replies":[{"embeddable":true,"href":"http:\/\/www.korhanyilmaz.com\/index.php?rest_route=%2Fwp%2Fv2%2Fcomments&post=11763"}],"version-history":[{"count":0,"href":"http:\/\/www.korhanyilmaz.com\/index.php?rest_route=\/wp\/v2\/posts\/11763\/revisions"}],"wp:attachment":[{"href":"http:\/\/www.korhanyilmaz.com\/index.php?rest_route=%2Fwp%2Fv2%2Fmedia&parent=11763"}],"wp:term":[{"taxonomy":"category","embeddable":true,"href":"http:\/\/www.korhanyilmaz.com\/index.php?rest_route=%2Fwp%2Fv2%2Fcategories&post=11763"},{"taxonomy":"post_tag","embeddable":true,"href":"http:\/\/www.korhanyilmaz.com\/index.php?rest_route=%2Fwp%2Fv2%2Ftags&post=11763"}],"curies":[{"name":"wp","href":"https:\/\/api.w.org\/{rel}","templated":true}]}}