{"id":11759,"date":"2009-07-20T13:41:18","date_gmt":"2009-07-20T10:41:18","guid":{"rendered":"http:\/\/www.korhanyilmaz.com\/?p=11759"},"modified":"2009-07-20T13:41:18","modified_gmt":"2009-07-20T10:41:18","slug":"hsyk-toplantisina-adalet-bakani-da-katildi","status":"publish","type":"post","link":"http:\/\/www.korhanyilmaz.com\/?p=11759","title":{"rendered":"HSYK toplant\u0131s\u0131na Adalet Bakan\u0131 da kat\u0131ld\u0131"},"content":{"rendered":"<p><img loading=\"lazy\" decoding=\"async\" class=\"aligncenter size-full wp-image-11760\" src=\"http:\/\/www.korhanyilmaz.com\/wp-content\/uploads\/2009\/07\/SADULLAH.jpg\" alt=\"\" width=\"292\" height=\"194\" \/><\/p>\n<p style=\"text-align: justify;\">Hakimler ve Savc\u0131lar Y\u00fcksek Kurulu&#8217;nun (HSYK) Adli ve \u0130dari Yarg\u0131 Yaz Kararname Tasla\u011f\u0131 \u00e7al\u0131\u015fmalar\u0131na Adalet Bakan\u0131 Sadullah Ergin de kat\u0131ld\u0131. HSYK Yaz Kararnamesi&#8217;nin bug\u00fcn a\u00e7\u0131klanmas\u0131 bekleniyor.<\/p>\n<p style=\"text-align: justify;\">HSYK Adli ve \u0130dari Yarg\u0131 Yaz Kararnamesi Tasla\u011f\u0131 ile ilgili \u00e7al\u0131\u015fmalar\u0131n\u0131 Hakimevi&#8217;nde s\u00fcrd\u00fcr\u00fcyor.<\/p>\n<p style=\"text-align: justify;\">Ayn\u0131 zamanda HSYK&#8217;n\u0131n da ba\u015fkan\u0131 olan Adalet Bakan\u0131 Ergin, toplant\u0131dan ayr\u0131ld\u0131.<\/p>\n<p style=\"text-align: justify;\">Ergin&#8217;in, Kurul toplant\u0131s\u0131n\u0131n \u00f6\u011fleden sonraki b\u00f6l\u00fcm\u00fcne de kat\u0131lmas\u0131 bekleniyor.<\/p>\n<p style=\"text-align: justify;\">Adalet Bakanl\u0131\u011f\u0131 Personel Genel M\u00fcd\u00fcrl\u00fc\u011f\u00fcnce haz\u0131rlanan ve Adli ve \u0130dari Yarg\u0131 Yaz Kararname Tasla\u011f\u0131&#8217;na bug\u00fcn son \u015fekli verilerek kararnamenin kamuoyuna a\u00e7\u0131klanmas\u0131 \u00f6ng\u00f6r\u00fcl\u00fcyor.<\/p>\n<p style=\"text-align: justify;\"><span style=\"color: #888888;\">CNN T\u00dcRK<\/span><\/p>\n","protected":false},"excerpt":{"rendered":"<\/p>\n<p style=\"text-align: justify;\">Hakimler ve Savc\u0131lar Y\u00fcksek Kurulu&#8217;nun (HSYK) Adli ve \u0130dari Yarg\u0131 Yaz Kararname Tasla\u011f\u0131 \u00e7al\u0131\u015fmalar\u0131na Adalet Bakan\u0131 Sadullah Ergin de kat\u0131ld\u0131. HSYK Yaz Kararnamesi&#8217;nin bug\u00fcn a\u00e7\u0131klanmas\u0131 bekleniyor.<\/p>\n<p style=\"text-align: justify;\">HSYK Adli ve \u0130dari Yarg\u0131 Yaz Kararnamesi Tasla\u011f\u0131 ile ilgili \u00e7al\u0131\u015fmalar\u0131n\u0131 Hakimevi&#8217;nde s\u00fcrd\u00fcr\u00fcyor.<\/p>\n<p style=\"text-align: justify;\">Ayn\u0131 zamanda HSYK&#8217;n\u0131n da ba\u015fkan\u0131 olan Adalet Bakan\u0131 Ergin, <\/p>\n","protected":false},"author":1,"featured_media":0,"comment_status":"open","ping_status":"closed","sticky":false,"template":"","format":"standard","meta":{"footnotes":""},"categories":[105],"tags":[],"class_list":["post-11759","post","type-post","status-publish","format-standard","hentry","category-gundem","odd"],"_links":{"self":[{"href":"http:\/\/www.korhanyilmaz.com\/index.php?rest_route=\/wp\/v2\/posts\/11759","targetHints":{"allow":["GET"]}}],"collection":[{"href":"http:\/\/www.korhanyilmaz.com\/index.php?rest_route=\/wp\/v2\/posts"}],"about":[{"href":"http:\/\/www.korhanyilmaz.com\/index.php?rest_route=\/wp\/v2\/types\/post"}],"author":[{"embeddable":true,"href":"http:\/\/www.korhanyilmaz.com\/index.php?rest_route=\/wp\/v2\/users\/1"}],"replies":[{"embeddable":true,"href":"http:\/\/www.korhanyilmaz.com\/index.php?rest_route=%2Fwp%2Fv2%2Fcomments&post=11759"}],"version-history":[{"count":0,"href":"http:\/\/www.korhanyilmaz.com\/index.php?rest_route=\/wp\/v2\/posts\/11759\/revisions"}],"wp:attachment":[{"href":"http:\/\/www.korhanyilmaz.com\/index.php?rest_route=%2Fwp%2Fv2%2Fmedia&parent=11759"}],"wp:term":[{"taxonomy":"category","embeddable":true,"href":"http:\/\/www.korhanyilmaz.com\/index.php?rest_route=%2Fwp%2Fv2%2Fcategories&post=11759"},{"taxonomy":"post_tag","embeddable":true,"href":"http:\/\/www.korhanyilmaz.com\/index.php?rest_route=%2Fwp%2Fv2%2Ftags&post=11759"}],"curies":[{"name":"wp","href":"https:\/\/api.w.org\/{rel}","templated":true}]}}