{"id":11732,"date":"2009-07-19T19:48:59","date_gmt":"2009-07-19T16:48:59","guid":{"rendered":"http:\/\/www.korhanyilmaz.com\/?p=11732"},"modified":"2009-07-19T19:48:59","modified_gmt":"2009-07-19T16:48:59","slug":"dagdan-inene-is-olenin-ailesine-para","status":"publish","type":"post","link":"http:\/\/www.korhanyilmaz.com\/?p=11732","title":{"rendered":"Da\u011fdan inene i\u015f, \u00f6lenin ailesine para"},"content":{"rendered":"<div id=\"attachment_11733\" style=\"width: 194px\" class=\"wp-caption alignleft\"><img loading=\"lazy\" decoding=\"async\" aria-describedby=\"caption-attachment-11733\" class=\"size-full wp-image-11733\" style=\"margin-left: 10px; margin-right: 10px;\" title=\"AKP Diyarbak\u0131r Milletvekili \u0130hsan Arslan\" src=\"http:\/\/www.korhanyilmaz.com\/wp-content\/uploads\/2009\/07\/file.ashx6.jpg\" alt=\"\" width=\"184\" height=\"183\" \/><p id=\"caption-attachment-11733\" class=\"wp-caption-text\">AKP Diyarbak\u0131r Milletvekili \u0130hsan Arslan<\/p><\/div>\n<p style=\"text-align: justify;\">&#8220;\u00d6calan muhatap al\u0131nmal\u0131&#8221; a\u00e7\u0131klamas\u0131 nedeniyle hakk\u0131nda soru\u015fturma a\u00e7\u0131lan AKP Diyarbak\u0131r Milletvekili \u0130hsan Arslan&#8217;dan K\u00fcrt sorunu i\u00e7in yeni \u00e7\u00f6z\u00fcm \u00f6nerileri. Arslan&#8217;\u0131n Ak\u015fam gazetesine verdi\u011fi r\u00f6portajda getirdi\u011fi \u00f6neriler aras\u0131nda da\u011fdan inene i\u015f, \u00e7at\u0131\u015fmalarda \u00f6len ter\u00f6ristlerin ailesine yard\u0131m, K\u00fcrt\u00e7e se\u00e7meli ders gibi \u00f6neriler var. Arslan&#8217;a g\u00f6re T\u00fcrkiye \u00e7\u00f6z\u00fcm i\u00e7in kritik s\u00fcre\u00e7te.<\/p>\n<p style=\"text-align: justify;\">&#8220;K\u00fcrt sorunu \u00e7\u00f6z\u00fcm noktas\u0131nda.&#8221; AKP&#8217;nin K\u00fcrt politikalar\u0131nda \u00f6nemli ismi \u0130hsan Arslan&#8217;\u0131n tespiti bu y\u00f6nde. Arslan&#8217;a g\u00f6re Cumhurba\u015fkan\u0131&#8217;n\u0131n &#8220;tarihi f\u0131rsat&#8221; diye tan\u0131mlad\u0131\u011f\u0131 s\u00fcre\u00e7te uzla\u015fma art\u0131k ka\u00e7\u0131n\u0131lmaz.<\/p>\n<p style=\"text-align: justify;\">AKP Diyarbak\u0131r Milletvekili \u0130hsan Arslan, Abdullah \u00d6calan&#8217;\u0131n 15 A\u011fustos&#8217;ta bir a\u00e7\u0131klama yapmas\u0131n\u0131n beklendi\u011fini, h\u00fck\u00fcmetin de \u00d6calan&#8217;dan \u00f6nce davranarak \u00fcst\u00fcnde \u00e7al\u0131\u015ft\u0131\u011f\u0131 yol haritas\u0131n\u0131 a\u00e7\u0131klayaca\u011f\u0131n\u0131 d\u00fc\u015f\u00fcn\u00fcyor. <!--more--><\/p>\n<p style=\"text-align: justify;\">&#8220;H\u00fck\u00fcmet \u00d6calan&#8217;\u0131 muhatap almal\u0131&#8221; diyen Arslan, bunun kamuoyu taraf\u0131ndan bilinmesi gerekmedi\u011fini de belirtiyor. Arslan &#8220;devletin 30 y\u0131ll\u0131k bir duru\u015fu var. A\u00e7\u0131ktan muhatap almak sak\u0131ncal\u0131, tecr\u00fcbeli devlet o yolu bulur. Bence \u015fu anda yap\u0131lmakta olan budur&#8221; diyor.<\/p>\n<p style=\"text-align: justify;\">\u0130mral\u0131&#8217;yla uzla\u015fman\u0131n ard\u0131ndan K\u00fcrt halk\u0131yla uzla\u015fma geliyor. Arslan bu noktada &#8220;K\u00fcrt\u00e7e se\u00e7meli ders, da\u011fdan inene i\u015f, \u00f6lenin ailesine yard\u0131m&#8221; gibi \u00f6neriler getiriyor.<\/p>\n<p style=\"text-align: justify;\">&#8220;Talep edene K\u00fcrt\u00e7e e\u011fitim versek ne olur? Belki kimse talep etmeyecek ama vatanda\u015f o hakka sahip oldu\u011funu bilsin&#8221; \u00f6nerisinde bulunan Arslan, &#8220;ter\u00f6rden zarar g\u00f6renlere devlet yard\u0131m ediyor. K\u00f6y\u00fc bo\u015falt\u0131lanlara da. Her \u00f6lenin ailesine bir defal\u0131k para verilsin. Hatta da\u011fdan ineceklere i\u015f bulmay\u0131 bile d\u00fc\u015f\u00fcnmeliyiz. B\u00fcy\u00fck bar\u0131\u015f plan\u0131 b\u00f6yle olur&#8221; a\u00e7\u0131klamalar\u0131nda bulundu.<\/p>\n<p style=\"text-align: justify;\">AKP&#8217;li Arslan bu ad\u0131mlar\u0131n b\u00fcy\u00fck bar\u0131\u015f plan\u0131 i\u00e7inde at\u0131lmas\u0131 gerekti\u011fini belirtirken &#8220;T\u00fcrkiye&#8217;nin yapaca\u011f\u0131 sadece demokrasisini geli\u015ftirmek, adil  bir y\u00f6netim uygulamak&#8221; diyor.<\/p>\n<p style=\"text-align: justify;\"><span style=\"color: #888888;\">CNN T\u00dcRK<br \/>\n<\/span><\/p>\n","protected":false},"excerpt":{"rendered":"<p id=\"caption-attachment-11733\" class=\"wp-caption-text\">AKP Diyarbak\u0131r Milletvekili \u0130hsan Arslan<\/p>\n<p style=\"text-align: justify;\">&#8220;\u00d6calan muhatap al\u0131nmal\u0131&#8221; a\u00e7\u0131klamas\u0131 nedeniyle hakk\u0131nda soru\u015fturma a\u00e7\u0131lan AKP Diyarbak\u0131r Milletvekili \u0130hsan Arslan&#8217;dan K\u00fcrt sorunu i\u00e7in yeni \u00e7\u00f6z\u00fcm \u00f6nerileri. Arslan&#8217;\u0131n Ak\u015fam gazetesine verdi\u011fi r\u00f6portajda getirdi\u011fi \u00f6neriler aras\u0131nda da\u011fdan inene i\u015f, \u00e7at\u0131\u015fmalarda \u00f6len ter\u00f6ristlerin ailesine yard\u0131m, K\u00fcrt\u00e7e se\u00e7meli ders gibi \u00f6neriler var. Arslan&#8217;a g\u00f6re T\u00fcrkiye \u00e7\u00f6z\u00fcm i\u00e7in <\/p>\n","protected":false},"author":1,"featured_media":0,"comment_status":"open","ping_status":"closed","sticky":false,"template":"","format":"standard","meta":{"footnotes":""},"categories":[105],"tags":[],"class_list":["post-11732","post","type-post","status-publish","format-standard","hentry","category-gundem","odd"],"_links":{"self":[{"href":"http:\/\/www.korhanyilmaz.com\/index.php?rest_route=\/wp\/v2\/posts\/11732","targetHints":{"allow":["GET"]}}],"collection":[{"href":"http:\/\/www.korhanyilmaz.com\/index.php?rest_route=\/wp\/v2\/posts"}],"about":[{"href":"http:\/\/www.korhanyilmaz.com\/index.php?rest_route=\/wp\/v2\/types\/post"}],"author":[{"embeddable":true,"href":"http:\/\/www.korhanyilmaz.com\/index.php?rest_route=\/wp\/v2\/users\/1"}],"replies":[{"embeddable":true,"href":"http:\/\/www.korhanyilmaz.com\/index.php?rest_route=%2Fwp%2Fv2%2Fcomments&post=11732"}],"version-history":[{"count":0,"href":"http:\/\/www.korhanyilmaz.com\/index.php?rest_route=\/wp\/v2\/posts\/11732\/revisions"}],"wp:attachment":[{"href":"http:\/\/www.korhanyilmaz.com\/index.php?rest_route=%2Fwp%2Fv2%2Fmedia&parent=11732"}],"wp:term":[{"taxonomy":"category","embeddable":true,"href":"http:\/\/www.korhanyilmaz.com\/index.php?rest_route=%2Fwp%2Fv2%2Fcategories&post=11732"},{"taxonomy":"post_tag","embeddable":true,"href":"http:\/\/www.korhanyilmaz.com\/index.php?rest_route=%2Fwp%2Fv2%2Ftags&post=11732"}],"curies":[{"name":"wp","href":"https:\/\/api.w.org\/{rel}","templated":true}]}}