{"id":11728,"date":"2009-07-19T15:31:22","date_gmt":"2009-07-19T12:31:22","guid":{"rendered":"http:\/\/www.korhanyilmaz.com\/?p=11728"},"modified":"2009-07-19T15:31:22","modified_gmt":"2009-07-19T12:31:22","slug":"akpde-sancili-secim","status":"publish","type":"post","link":"http:\/\/www.korhanyilmaz.com\/?p=11728","title":{"rendered":"AKP&#039;de sanc\u0131l\u0131 se\u00e7im"},"content":{"rendered":"<p style=\"text-align: center;\"><img loading=\"lazy\" decoding=\"async\" class=\"size-full wp-image-11729 aligncenter\" src=\"http:\/\/www.korhanyilmaz.com\/wp-content\/uploads\/2009\/07\/190720091537398565748.jpg\" alt=\"\" width=\"329\" height=\"210\" \/><\/p>\n<p style=\"text-align: justify;\">AKP, mecliste en b\u00fcy\u00fck partisi olarak 7 y\u0131ld\u0131r s\u00fcrd\u00fcrd\u00fc\u011f\u00fc iktidar\u0131nda belki de ilk kez zorlu bir Meclis Ba\u015fkanl\u0131\u011f\u0131 i\u00e7in bir se\u00e7im yar\u0131\u015f\u0131na girecek.<\/p>\n<p style=\"text-align: justify;\">3 Kas\u0131m 2002 Genel se\u00e7imlerinin ard\u0131ndan tek aday olarak \u00e7\u0131kan AKP Manisa Milletvekili B\u00fclent Ar\u0131n\u00e7, 2 d\u00f6nem Meclis Ba\u015fkanl\u0131\u011f\u0131 yapt\u0131. 22 Temmuz se\u00e7imlerinden sonra DYP k\u00f6kenli Zonguldak Milletvekili K\u00f6ksal Toptan da tek aday olarak g\u00f6sterilerek Meclis Ba\u015fkan\u0131 se\u00e7ildi. Ancak bu d\u00f6nem Meclis Ba\u015fkanl\u0131\u011f\u0131 se\u00e7imi sanc\u0131l\u0131 ge\u00e7ece\u011fe benziyor. AKP\u2019de iki d\u00f6nem milletvekili se\u00e7ilen kabinede g\u00f6rev bekleyen ancak bu beklentileri ger\u00e7ekle\u015femeyen milletvekilleri bu kez Meclis Ba\u015fkanl\u0131\u011f\u0131 i\u00e7in kulis yap\u0131yor.<\/p>\n<p style=\"text-align: justify;\">4 A\u011fustos&#8217;ta Yap\u0131lacak Meclis Ba\u015fkanl\u0131\u011f\u0131 Se\u00e7imi \u0130\u00e7in AKP i\u00e7inde yo\u011fun bir kulis ba\u015flad\u0131. \u00c7ok say\u0131da milletvekili Meclis Ba\u015fkanl\u0131\u011f\u0131 i\u00e7in kapal\u0131 kap\u0131lar ard\u0131nda nab\u0131z yoklamalar\u0131 yaparken, Ba\u015fbakan Recep Tayyip Erdo\u011fan\u2019\u0131n tepkisini \u00e7ekmemek i\u00e7in ise temkinli davran\u0131yorlar.<\/p>\n<p style=\"text-align: justify;\">TBMM Ba\u015fkan\u0131 K\u00f6ksal Toptan, Anayasa Komisyonu Ba\u015fkan\u0131 Burhan Kuzu ve Ankara Milletvekiyi Salih Kapusuz Ba\u015fbakan Recep Tayyip Erdo\u011fan\u2019la g\u00f6r\u00fc\u015ferek Meclis Ba\u015fkanl\u0131\u011f\u0131 i\u00e7in aday olmak istediklerini iletiler. <!--more--><\/p>\n<p style=\"text-align: justify;\">ANKA&#8217;n\u0131n edindi\u011fi bilgilere g\u00f6re, ad\u0131 aday olarak ge\u00e7en ya da adayl\u0131k i\u00e7in nab\u0131z yoklamalar\u0131 yapan milletvekillerinin say\u0131s\u0131 az de\u011fil. 2 D\u00f6nem AKP Grup Ba\u015fkanvekilli\u011fi g\u00f6revinde bulunan ve 22 Temmuz se\u00e7imlerinin ard\u0131ndan, bu g\u00f6revini s\u00fcrd\u00fcrmesini isteyen ve Ba\u015fbakan Erdo\u011fan\u2019 a hay\u0131r yan\u0131t\u0131n\u0131 veren Ankara Milletvekili Salih Kapusuz, aday olaca\u011f\u0131n\u0131 ve \u00e7al\u0131\u015fmalar\u0131na ba\u015flad\u0131\u011f\u0131n\u0131 a\u00e7\u0131klayan tek isim oldu.<\/p>\n<p style=\"text-align: justify;\"><strong>-\u0130BRE K\u0130MDEN YANA?-<\/strong><\/p>\n<p style=\"text-align: justify;\">Yeniden aday g\u00f6sterilmesine kesin g\u00f6z\u00fcyle bak\u0131lan TBMM Ba\u015fkan\u0131 K\u00f6ksal Toptan, Ba\u015fbakan Erdo\u011fan\u2019la yapt\u0131\u011f\u0131 g\u00f6r\u00fc\u015fmenin ard\u0131ndan tatile \u00e7\u0131kt\u0131. AKP kulislerinden Toptan\u2019\u0131n yeniden aday g\u00f6sterilebilece\u011fi g\u00f6r\u00fc\u015fleri a\u011f\u0131rl\u0131k kazan\u0131yor.<\/p>\n<p style=\"text-align: justify;\">AKP i\u00e7inde birka\u00e7 s\u0131k\u0131nt\u0131n\u0131n d\u0131\u015f\u0131nda Toptan\u2019dan memnun olundu\u011fu g\u00f6r\u00fc\u015fleri yap\u0131l\u0131yor. Baz\u0131 konularda muhalefeti ikna eden Toptan\u2019\u0131n, bu d\u00f6nem de Meclis Ba\u015fkanl\u0131\u011f\u0131 yapabilece\u011fi s\u00f6yleniyor.<\/p>\n<p style=\"text-align: justify;\"><strong>-KAPUSUZ \u00c7ALI\u015eMALARINA BA\u015eLADI-<\/strong><\/p>\n<p style=\"text-align: justify;\">Kapusuz aday olmak \u00fczere \u00e7al\u0131\u015fmalara ba\u015flad\u0131\u011f\u0131n\u0131 a\u00e7\u0131klad\u0131. Ba\u015fbakan\u2019la g\u00f6r\u00fc\u015ft\u00fc\u011f\u00fcn\u00fc, ancak ikili g\u00f6r\u00fc\u015fmenin ayr\u0131nt\u0131lar\u0131n\u0131 anlatamayaca\u011f\u0131n\u0131 belirten Kapusuz, &#8220;Adayl\u0131k \u00e7al\u0131\u015fmalar\u0131na ba\u015flad\u0131m&#8221; dedi. Kapusuz, destek istedi\u011fi milletvekillerine, CHP ve MHP milletvekilleriyle temasta oldu\u011funu ve bu partilerden de destek alaca\u011f\u0131n\u0131 savundu.<\/p>\n<p style=\"text-align: justify;\"><strong>-KUZU GRUPTAN UMUTLU-<\/strong><\/p>\n<p style=\"text-align: justify;\">TBMM Anayasa Komisyonu Ba\u015fkan\u0131 ve AKP \u0130stanbul Milletvekili Burhan Kuzu, Macles ba\u015fkanl\u0131\u011f\u0131 i\u00e7in adayl\u0131\u011f\u0131n\u0131 resmen a\u00e7\u0131klamasa da, Ba\u015fbakan Erdo\u011fan\u2019la adayl\u0131k i\u00e7in g\u00f6r\u00fc\u015fenler aras\u0131nda.<\/p>\n<p style=\"text-align: justify;\">Meclis Ba\u015fkanl\u0131\u011f\u0131n\u0131n bir yar\u0131\u015f de\u011fil, tevecc\u00fch oldu\u011funu belirten Kuzu, bu s\u00fcre\u00e7te partiyi s\u0131k\u0131nt\u0131ya sokacak bir hareket i\u00e7erisinde olmayaca\u011f\u0131n\u0131, ancak yeni ba\u015fkan i\u00e7in grupta bir team\u00fcl yoklamas\u0131n\u0131n da daha do\u011fru olaca\u011f\u0131 kanaatinde bulunuyor.<\/p>\n<p style=\"text-align: justify;\">En sa\u011fl\u0131kl\u0131 karar\u0131 verebilmek i\u00e7in, parti grubunun mutlaka g\u00f6r\u00fc\u015flerinin al\u0131nmas\u0131 gerekti\u011fine dikkat \u00e7eken Kuzu, \u201cBu konuda parti grubunun mutlaka g\u00f6r\u00fc\u015f\u00fcn\u00fcn al\u0131nmas\u0131 gerekir diye d\u00fc\u015f\u00fcn\u00fcyorum. En sa\u011fl\u0131kl\u0131, \u015feffaf ve do\u011fru ismin buradan \u00e7\u0131kaca\u011f\u0131 kanaatindeyim. Grubun verece\u011fi karar \u00e7ok \u00f6nemlidir. O \u00e7er\u00e7evede Meclis ba\u015fkan\u0131 olacak ismin belirlenmesinde, bir team\u00fcl yoklamas\u0131n\u0131n yap\u0131lmas\u0131 gerekiyor\u201d diye konu\u015ftu.<\/p>\n<p style=\"text-align: justify;\">Kendisinin aday olmas\u0131 durumunda, AKP Grubu\u2019ndan tam destek alaca\u011f\u0131 inanc\u0131nda oldu\u011funu vurgulayan Kuzu, \u201cBu konuda hi\u00e7 \u015f\u00fcphem yok. Grupta b\u00f6yle bir team\u00fcl yoklamas\u0131 olursa, b\u00fct\u00fcn arkada\u015flar\u0131m\u0131n bana teredd\u00fcts\u00fcz destek verece\u011fini biliyorum. Takdir yine Say\u0131n Ba\u015fbakan\u2019a aittir. Veriler her karara sayg\u0131 duyar\u0131m\u201d dedi.<\/p>\n<p style=\"text-align: justify;\">Partinin kurucu \u00fcyelerinden biri oldu\u011funu s\u00f6yleyen Kuzu, Meclis ba\u015fkanl\u0131\u011f\u0131 se\u00e7im s\u00fcrecinde, partisine zarar verecek hi\u00e7 bir hareket i\u00e7erisinde olmayaca\u011f\u0131n\u0131 dile getirerek, \u201cBen bug\u00fcne kadar partime zarar verecek hi\u00e7bir hareket i\u00e7erisinde olmad\u0131m. Olmam. Bu s\u00fcre\u00e7te de ayn\u0131 hassasiyeti korurum. Benim i\u00e7in bu bir yar\u0131\u015f de\u011fil, bir tevecc\u00fcht\u00fcr\u201d diye konu\u015ftu.<\/p>\n<p style=\"text-align: justify;\"><strong>-\u00c7EL\u0130K SESS\u0130Z \u0130ZL\u0130YOR- <\/strong><\/p>\n<p style=\"text-align: justify;\">Ad\u0131 Meclis Ba\u015fkanl\u0131\u011f\u0131 se\u00e7imlerinden aday olarak ge\u00e7en Milli E\u011fitim eski Bakan\u0131 H\u00fcseyin \u00e7elik ise geli\u015fmeleri sessiz izlerken, yak\u0131n \u00e7evresine Meclis Ba\u015fkan\u0131 olmak istedi\u011fini s\u00f6yledi\u011fi kaydedildi. \u00c7elik\u2019in bu konuda Ba\u015fbakan\u2019a giderek aday olmak istedi\u011fini talep etmeyece\u011fi ancak, Ba\u015fbakan\u2019dan bu teklifi bekledi\u011fi ifade ediliyor. \u00c7elik\u2019te bu konuda partinin nabz\u0131n\u0131 yoklad\u0131\u011f\u0131 belirtiliyor.<\/p>\n<p style=\"text-align: justify;\"><strong>-ERDO\u011eAN\u2019IN S\u00dcPR\u0130Z \u0130SM\u0130- <\/strong><\/p>\n<p style=\"text-align: justify;\">\u00d6te yandan, AKP kulislerinden Ba\u015fbakan Erdo\u011fan\u2019\u0131n, Meclis Ba\u015fkanl\u0131\u011f\u0131 i\u00e7in s\u00fcrpriz bir ismi aday g\u00f6sterece\u011fi dillendiriliyor. Erdo\u011fan\u2019\u0131n, bu d\u00f6nem AKP i\u00e7inde birden fazla aday \u00e7\u0131kmas\u0131n\u0131n \u00f6n\u00fcn\u00fc kesmek ve partiyi s\u0131k\u0131nt\u0131ya sokmamak i\u00e7in her kesin mutab\u0131k kalaca\u011f\u0131 bir ismi aday olarak a\u00e7\u0131klamas\u0131 bekleniyor. AKP kulislerinde o ismin ise Devlet Bakan\u0131 ve Ba\u015fbakan Yard\u0131mc\u0131s\u0131 Cemil \u00c7i\u00e7ek\u2019in olabilece\u011fi ifade ediliyor.<\/p>\n<p style=\"text-align: justify;\"><strong>-BA\u015eBAKAN 24 TEMMUZ\u2019DA GRUBU TOPLUYOR- <\/strong><\/p>\n<p style=\"text-align: justify;\">Ba\u015fbakan Recep Tayyip Erdo\u011fan, 24 Temmuz Cuma g\u00fcn\u00fc grubu toplayarak, AKP Genel Merkezi\u2019nde yapaca\u011f\u0131 toplant\u0131da, yeni Meclis Ba\u015fkanl\u0131k Divan\u0131\u2019n\u0131n olu\u015fumuyla ilgili milletvekillerinin g\u00f6r\u00fc\u015flerini alacak. Meclis \u0130\u00e7t\u00fcz\u00fc\u011f\u00fc\u2019ne g\u00f6re parti gruplar\u0131 Meclis Ba\u015fkanl\u0131\u011f\u0131 i\u00e7in aday g\u00f6steremiyor ve bu konuda grup karar\u0131 al\u0131nm\u0131yor ancak, Erdo\u011fan milletvekillerinin g\u00f6r\u00fc\u015flerini alacak. Erdo\u011fan\u2019\u0131n Grup toplant\u0131s\u0131nda milletvekillerini dinleyecek ancak isim konusunda bilgi vermeyecek. Erdo\u011fan MYK toplad\u0131ktan sonra gerekirse Grubu yeniden toplayacak ve aday olarak g\u00f6sterdi\u011fi isme tam destek vermelerini isteyecek.<\/p>\n<p style=\"text-align: justify;\"><em><span style=\"color: #888888;\">Kaynak : Vatan<\/span><\/em><\/p>\n","protected":false},"excerpt":{"rendered":"<p style=\"text-align: center;\">\n<p style=\"text-align: justify;\">AKP, mecliste en b\u00fcy\u00fck partisi olarak 7 y\u0131ld\u0131r s\u00fcrd\u00fcrd\u00fc\u011f\u00fc iktidar\u0131nda belki de ilk kez zorlu bir Meclis Ba\u015fkanl\u0131\u011f\u0131 i\u00e7in bir se\u00e7im yar\u0131\u015f\u0131na girecek.<\/p>\n<p style=\"text-align: justify;\">3 Kas\u0131m 2002 Genel se\u00e7imlerinin ard\u0131ndan tek aday olarak \u00e7\u0131kan AKP Manisa Milletvekili B\u00fclent Ar\u0131n\u00e7, 2 d\u00f6nem Meclis Ba\u015fkanl\u0131\u011f\u0131 yapt\u0131. 22 Temmuz se\u00e7imlerinden sonra DYP <\/p>\n","protected":false},"author":1,"featured_media":0,"comment_status":"open","ping_status":"closed","sticky":false,"template":"","format":"standard","meta":{"footnotes":""},"categories":[105],"tags":[],"class_list":["post-11728","post","type-post","status-publish","format-standard","hentry","category-gundem","odd"],"_links":{"self":[{"href":"http:\/\/www.korhanyilmaz.com\/index.php?rest_route=\/wp\/v2\/posts\/11728","targetHints":{"allow":["GET"]}}],"collection":[{"href":"http:\/\/www.korhanyilmaz.com\/index.php?rest_route=\/wp\/v2\/posts"}],"about":[{"href":"http:\/\/www.korhanyilmaz.com\/index.php?rest_route=\/wp\/v2\/types\/post"}],"author":[{"embeddable":true,"href":"http:\/\/www.korhanyilmaz.com\/index.php?rest_route=\/wp\/v2\/users\/1"}],"replies":[{"embeddable":true,"href":"http:\/\/www.korhanyilmaz.com\/index.php?rest_route=%2Fwp%2Fv2%2Fcomments&post=11728"}],"version-history":[{"count":0,"href":"http:\/\/www.korhanyilmaz.com\/index.php?rest_route=\/wp\/v2\/posts\/11728\/revisions"}],"wp:attachment":[{"href":"http:\/\/www.korhanyilmaz.com\/index.php?rest_route=%2Fwp%2Fv2%2Fmedia&parent=11728"}],"wp:term":[{"taxonomy":"category","embeddable":true,"href":"http:\/\/www.korhanyilmaz.com\/index.php?rest_route=%2Fwp%2Fv2%2Fcategories&post=11728"},{"taxonomy":"post_tag","embeddable":true,"href":"http:\/\/www.korhanyilmaz.com\/index.php?rest_route=%2Fwp%2Fv2%2Ftags&post=11728"}],"curies":[{"name":"wp","href":"https:\/\/api.w.org\/{rel}","templated":true}]}}