{"id":11715,"date":"2009-07-19T08:43:54","date_gmt":"2009-07-19T05:43:54","guid":{"rendered":"http:\/\/www.korhanyilmaz.com\/?p=11715"},"modified":"2009-07-19T08:43:54","modified_gmt":"2009-07-19T05:43:54","slug":"fazil-say-vatana-konustu","status":"publish","type":"post","link":"http:\/\/www.korhanyilmaz.com\/?p=11715","title":{"rendered":"\u0130dil\u2019le Alperen Ba\u015fkan\u0131\u2019n\u0131n foto\u011fraf\u0131n\u0131 g\u00f6r\u00fcnce g\u00fclmekten koltuktan d\u00fc\u015ft\u00fcm."},"content":{"rendered":"<div id=\"attachment_11716\" style=\"width: 208px\" class=\"wp-caption alignleft\"><a href=\"http:\/\/www.korhanyilmaz.com\/wp-content\/uploads\/2009\/07\/14110_51_1.jpg\"  class=\"lightview\"><img loading=\"lazy\" decoding=\"async\" aria-describedby=\"caption-attachment-11716\" class=\"size-full wp-image-11716\" style=\"margin: 0px 5px;\" title=\"Faz\u0131l Say - Buket A\u015f\u00e7\u0131\" src=\"http:\/\/www.korhanyilmaz.com\/wp-content\/uploads\/2009\/07\/14110_51_1.jpg\" alt=\"Faz\u0131l Say - Buket A\u015f\u00e7\u0131\" width=\"198\" height=\"102\" \/><\/a><p id=\"caption-attachment-11716\" class=\"wp-caption-text\">Faz\u0131l Say - Buket A\u015f\u00e7\u0131<\/p><\/div>\n<p style=\"text-align: justify;\"><strong><em>\u0130dil\u2019le Alperen Ba\u015fkan\u0131\u2019n\u0131n foto\u011fraf\u0131n\u0131 g\u00f6r\u00fcnce g\u00fclmekten koltuktan d\u00fc\u015ft\u00fcm.<\/em><\/strong><\/p>\n<p style=\"text-align: justify;\">Darald\u0131m. Sanatlar\u0131yla sadece bizleri de\u011fil d\u00fcnyay\u0131 etkileyen isimlerle sadece T\u00fcrkiye\u2019nin kaba meselelerini konu\u015fmaktan. Orhan Pamuk\u2019un roman\u0131 \u00e7\u0131kt\u0131\u011f\u0131nda kitab\u0131n\u0131 de\u011fil de hakk\u0131nda s\u00f6ylenenleri yorumlamaktan. \u00d6mr\u00fcnde kitap okumam\u0131\u015f adamlar\u0131n g\u00fcr\u00fclt\u00fcs\u00fcnde sesimi duyuramamaktan&#8230; Darald\u0131m, Faz\u0131l Say gibi bir m\u00fczisyenin laiklik kayg\u0131s\u0131n\u0131n k\u00fc\u00e7\u00fcmsenmesinden. Onunla insano\u011flunun dinmeyen yaln\u0131zl\u0131\u011f\u0131, m\u00fczi\u011fin bu yaln\u0131zl\u0131\u011f\u0131m\u0131zdaki yerini konu\u015fmak yerine Alperen Oca\u011f\u0131\u2019n\u0131n protestosuna saplan\u0131p kalmaktan. Kendisiyle Do\u011fan Kitap\u2019tan \u00e7\u0131kan \u201cYaln\u0131zl\u0131k Kederi\u201d isimli kitab\u0131ndan hareketle y\u0131l\u0131n yar\u0131s\u0131n\u0131 yollarda ge\u00e7iri\u015fine, zorunlu yaln\u0131zl\u0131\u011f\u0131na ve m\u00fczi\u011fine, \u00f6d\u00fcllerine bir t\u00fcrl\u00fc s\u0131ra gelememesinden&#8230;<\/p>\n<p style=\"text-align: justify;\">\u00c7\u00fcnk\u00fc bu r\u00f6portaj \u00f6yle oldu. Zira ben kitab\u0131n kapa\u011f\u0131ndaki harika foto\u011frafa tak\u0131l\u0131p kalm\u0131\u015ft\u0131m. Faz\u0131l Say\u2019\u0131 bir \u00e7\u0131rp\u0131da anlatan bir foto\u011fraft\u0131 bu. Onun sanat\u0131na g\u00f6sterdi\u011fi eme\u011fi, sayg\u0131y\u0131, sadakati, sevgiyi, sabr\u0131 anlatan&#8230; Ne yaz\u0131k ki, daha ne oldu\u011funu anlamadan T\u00fcrkiye ve sorunlar\u0131 yine bir da\u011f gibi \u00e7\u0131kt\u0131 kar\u015f\u0131m\u0131za. Zaten g\u00fcndemde Alperenler\u2019in protestosu varken, \u015fimdi kimin dikkatini \u00e7ekerdi \u201cklasik m\u00fczi\u011fin faydalar\u0131!\u201d Ne yaz\u0131k ki durum bu! Ama galiba, bizim as\u0131l b\u00fcy\u00fck yaln\u0131zl\u0131\u011f\u0131m\u0131z da bu! <!--more--><\/p>\n<p style=\"text-align: justify;\"><strong><em>Halil Berktay ara\u015ft\u0131rmadan yaz\u0131yor 301\u2019e kar\u015f\u0131 ilk imzay\u0131 atan benim <\/em><\/strong><\/p>\n<p style=\"text-align: justify;\">Son y\u0131llarda konserlerinizden \u00e7ok politik \u00e7\u0131k\u0131\u015flar\u0131n\u0131zla g\u00fcndemdesiniz. Bu sizinle ilgili \u00f6nyarg\u0131lar m\u0131 do\u011furdu? \u00c7\u00fcnk\u00fc kitab\u0131n\u0131zda k\u0131z\u0131n\u0131z Kumru\u2019ya yazd\u0131\u011f\u0131n\u0131z mektuplarda \u201cBen s\u00f6yledikleri gibi biri de\u011filim\u201d deme ihtiyac\u0131 duyuyorsunuz.<\/p>\n<p style=\"text-align: justify;\">Bu mektuplar birer belge niteli\u011finde. Onlar\u0131 yazarak ve kitaba koyarak kendimi aklamaya \u00e7al\u0131\u015fmad\u0131m. \u00c7\u00fcnk\u00fc bilin\u00e7sizce, ara\u015ft\u0131rmadan ve yanl\u0131\u015f verilerle hakk\u0131mda yaz\u0131lan yaz\u0131lar\u0131n say\u0131s\u0131 her ge\u00e7en g\u00fcn daha da art\u0131yor. \u00d6zellikle internet ortam\u0131nda&#8230; Mesela Taraf Gazetesi\u2019nden Halil Berktay diyor ki, \u201c\u0130slamc\u0131l\u0131\u011f\u0131n artmas\u0131ndan endi\u015fe duyan Faz\u0131l Say, 301. madde konusunda hi\u00e7bir hassasiyet g\u00f6sterememi\u015ftir.\u201d Bu tamamen yanl\u0131\u015f bir bilgi! \u00c7\u00fcnk\u00fc 301. maddenin de\u011fi\u015ftirilmesi i\u00e7in haz\u0131rlanan bildiriye ilk imzay\u0131 atan benim. Orhan Pamuk da \u015fahidimdir \u00e7\u00fcnk\u00fc o g\u00fcn yan\u0131mdayd\u0131. Oral \u00c7al\u0131\u015flar da vard\u0131. Halil Berktay Orhan Pamuk\u2019un dostu. Orhan Pamuk 301. maddeden yarg\u0131land\u0131\u011f\u0131 g\u00fcn \u00e7\u0131k\u0131\u015fta k\u0131z\u0131 R\u00fcya ile benim CRR\u2019deki konserime gelmi\u015fti. Orhan, k\u0131z\u0131 R\u00fcya, ben ve benim k\u0131z\u0131m Kumru\u2019nun hep birlikte \u00e7ekilmi\u015f foto\u011fraf\u0131 bile vard\u0131r. Ama buna ra\u011fmen, Halil Berktay\u2019\u0131n bu s\u00f6z\u00fc \u00fczerine neredeyse 70 makale yaz\u0131ld\u0131. Bu kitapla bu t\u00fcr \u00e7\u0131k\u0131\u015f noktas\u0131 yanl\u0131\u015f olan \u015feyleri tutmak istedim. Ara\u015ft\u0131rmadan yaz\u0131lan yanl\u0131\u015f bilgileri d\u00fczeltmek, tarihe not d\u00fc\u015fmek istedim.<\/p>\n<p style=\"text-align: justify;\">Sizce bu t\u00fcr bilgi yanl\u0131\u015flar\u0131 neden oluyor?<\/p>\n<p style=\"text-align: justify;\">Maalesef medyam\u0131zda journalizm i\u015flemiyor. Bir c\u00fcmlem \u00fczerine yaz\u0131yorlar, ama yaz\u0131n\u0131n tamam\u0131na bakan yok. Bu da internette b\u00fcy\u00fcyen dalgalar olu\u015fturuyor. Bir de \u015fu var: Ben baz\u0131 kesimlere asla yaranamam. Yani II. Cumhuriyet\u00e7i ve dinci kesimlere. Mesela bir gazetede \u00e7\u0131kan \u201cFaz\u0131l Say, ECHO \u00f6d\u00fcl\u00fcn\u00fc ald\u0131\u201d haberinin alt\u0131nda \u201cFaz\u0131l Say, gitsin\u201d diye bir yorum \u00e7\u0131kabiliyor. Oysa ECHO, klasik m\u00fczi\u011fin Nobel\u2019i gibidir, en b\u00fcy\u00fck CD \u00f6d\u00fcl\u00fcd\u00fcr. Ya da \u201c\u0130yi m\u00fczik yap\u0131yor ama siyaset konu\u015fmas\u0131n\u201d deniyor. \u0130nan\u0131lmaz fa\u015fizan ve emredici bir \u00fcslup bu! O y\u00fczden ben bu taraflara, bu kesimlere asla yaranamam ama yumu\u015fatabilirim. \u00c7\u00fcnk\u00fc internetteki o a\u011f\u0131r yaz\u0131lar\u0131n \u00e7o\u011fu yanl\u0131\u015f bilgilerle yaz\u0131lm\u0131\u015ft\u0131.<\/p>\n<p style=\"text-align: justify;\"><strong><em>Orhan Pamuk evime yeme\u011fe gelirdi ama bir y\u0131ld\u0131r pek g\u00f6r\u00fc\u015fm\u00fcyoruz<\/em><\/strong><\/p>\n<p style=\"text-align: justify;\">Disiplinli ya\u015f\u0131yor ve \u00e7al\u0131\u015f\u0131yorsunuz. Bu noktada, Orhan Pamuk\u2019la benze\u015fiyor musunuz? O da disiplinli \u00e7al\u0131\u015f\u0131r, her g\u00fcn ka\u00e7 sayfa yazaca\u011f\u0131 bile bellidir.<\/p>\n<p style=\"text-align: justify;\">Tan\u0131\u015f\u0131r\u0131m Orhan Pamuk\u2019la. Sevdi\u011fim kitaplar\u0131 oldu, \u201cBeyaz Kale\u201d ve \u201c\u0130stanbul.\u201d Sevmediklerim de oldu, kendisi bilir. Yine kendisi bilir; \u201c\u0130stanbul\u201du T\u00fcrk\u00e7e ba\u015flay\u0131p Almanca \u00e7evirisi ile bitirmi\u015ftim. Daha g\u00fczeldi ve benim de Almancam iyidir. Kitab\u0131n \u00e7evirisi \u00e7ok iyiydi. Hatta bu kitab\u0131m\u0131 o \u00e7evirmenin \u00e7evirmesini istiyorum. Orhan Pamuk siyasi konularda \u201cBen burada ayn\u0131 d\u00fc\u015f\u00fcnm\u00fcyorum\u201d diyebilen, bu \u015fekilde davranabilen biri. Ben de \u00f6yleyim. Birbirimizi hakl\u0131 bulmad\u0131\u011f\u0131m\u0131z konular oldu. Sonra biraz kopukluklar oldu, bir y\u0131ld\u0131r g\u00f6rm\u00fcyorum Orhan Pamuk\u2019u. Daha \u00f6nce daha s\u0131k g\u00f6r\u00fcyordum. Mesela bu evde \u00e7ok yemek yemi\u015fli\u011fimiz vard\u0131r.<\/p>\n<p style=\"text-align: justify;\">\u00d6zl\u00fcyor musunuz?<\/p>\n<p style=\"text-align: justify;\">O kadar i\u00e7sel bir yak\u0131nla\u015fma istememi\u015ftim. Orhan Pamuk da bir d\u00fcnya sanat\u00e7\u0131s\u0131. Bir yazar\u0131n tabii ki sadece T\u00fcrkiye\u2019ye hitap eden bir yazar olmas\u0131 ile d\u00fcnyaya hitap eden bir yazar olmas\u0131 aras\u0131nda ciddi fark var. O da yaz\u0131s\u0131na yans\u0131yor. Biz T\u00fcrkler Orhan Pamuk yaz\u0131s\u0131n\u0131 so\u011fuk buluyoruz \u00e7\u00fcnk\u00fc al\u0131\u015f\u0131lm\u0131\u015f\u0131n d\u0131\u015f\u0131nda. Ama al\u0131\u015ft\u0131\u011f\u0131m\u0131z yaz\u0131 da d\u00fcnyaya hitap etmiyor olabilir. Mesela Naz\u0131m\u2019\u0131 bir Alman\u2019\u0131n anlamas\u0131 \u00e7ok zor&#8230; \u00c7ok fazla T\u00fcrk ismi, deyimi, \u015fehri var&#8230; Orhan Pamuk ise bu konuda \u00e7ok dikkatli. Ancak d\u00f6rt-be\u015f sayfada bir Ni\u015fanta\u015f\u0131 kelimesi \u00e7\u0131kar kar\u015f\u0131m\u0131za. \u00c7\u00fcnk\u00fc ne bilecek bir Alman Ni\u015fanta\u015f\u0131\u2019n\u0131. Endonezyal\u0131 de\u011filsiniz ve okudu\u011funuz kitapta s\u00fcrekli Endonezya\u2019n\u0131n bir mahallesinin ad\u0131 ge\u00e7ip duruyor. \u0130nsan\u0131n kafas\u0131 kar\u0131\u015f\u0131r.<\/p>\n<p style=\"text-align: justify;\"><strong><em>Mahler dinleyen, Orhan Gencebay\u2019\u0131 pek be\u011fenmez <\/em><\/strong><\/p>\n<p style=\"text-align: justify;\">Bundan be\u015f-alt\u0131 y\u0131l \u00f6nce, liberallerle, hakk\u0131n\u0131zda \u00f6nyarg\u0131lar uyand\u0131racak bir ihtilaf yoktu.<\/p>\n<p style=\"text-align: justify;\">Yan\u0131l\u0131yorsunuz, vard\u0131. \u00c7\u00fcnk\u00fc onlar\u0131n Cumhuriyet\u2019le problemleri var. Dolay\u0131s\u0131yla Cumhuriyet\u2019in yapt\u0131\u011f\u0131 iyi \u015feylerle de&#8230; Mesela konservatuvar\u0131n kurulmas\u0131 Cumhuriyet T\u00fcrkiyesi\u2019nin yanl\u0131\u015f at\u0131l\u0131mlar\u0131ndan de\u011fildir. Ama II. Cumhuriyet\u00e7iler kendi m\u00fczikleri olarak arabesk m\u00fczi\u011fi, kar\u015f\u0131 m\u00fczik olarak da klasik m\u00fczi\u011fi g\u00f6rd\u00fcler. \u00c7ok yanl\u0131\u015f \u015feyler bunlar. M\u00fczik ayr\u0131mc\u0131l\u0131\u011f\u0131 yapt\u0131lar. Hem de 1930\u2019da olmu\u015f falanca \u015fey i\u00e7in bize m\u00fczik ayr\u0131mc\u0131l\u0131\u011f\u0131 yapt\u0131\u011f\u0131m\u0131z\u0131 s\u00f6yleyerek.<\/p>\n<p style=\"text-align: justify;\">Siz arabesk m\u00fczik dinler misiniz?<\/p>\n<p style=\"text-align: justify;\">Bir klasik m\u00fczik\u00e7i arabesk m\u00fczi\u011fi de teknik dinler, kulakla. O y\u00fczden Mahler dinleyen adam\u0131n Orhan Gencebay\u2019\u0131 \u00e7ok be\u011fenmesi m\u00fcmk\u00fcn de\u011fildir. Arabesk m\u00fczik, onun yan\u0131nda primitif bir \u00f6\u011fe kal\u0131r. Einstein seviyesindeki profes\u00f6rlerin konular\u0131 ile ilkokul matemati\u011fi aras\u0131ndaki uzay fark\u0131 gibi.<\/p>\n<p style=\"text-align: justify;\">Bunu \u015f\u00f6yle g\u00f6rsek olmaz m\u0131; Dostoyevski b\u00fcy\u00fck yazard\u0131r ama insan arada beyaz dizi de okumaktan keyif al\u0131r&#8230;<\/p>\n<p style=\"text-align: justify;\">Hay\u0131r, \u201cDostoyevski de yazar, Ahmet Hakan da\u201d diyemeyiz. Hayatta b\u00f6yle bir \u015fey yok.<\/p>\n<p style=\"text-align: justify;\">Ama bir \u015fey dememiz gerek. Kulvarlara, liglere mi ay\u0131rmal\u0131?<\/p>\n<p style=\"text-align: justify;\">Mersin \u0130dman Yurdu Erkut Spor\u2019la Real Madrid\u2019i kulvarlara ay\u0131rmak gerekmez, \u00e7\u00fcnk\u00fc sporda ligler vard\u0131r. Bu da skorlarla belirlenebilir. Ama sanatta bu yok. Sanatta ise dokunu\u015flar var, onun kuvveti var. Dostoyevski, Beethoven gibi adamlarda bu vard\u0131r. Ahmet Hakan\u2019\u0131n herhangi bir yaz\u0131s\u0131n\u0131 \u00e7evir ve \u00c7ek bir adam okusun hi\u00e7bir \u015fey anlamayacakt\u0131r. Yani dokunamayacakt\u0131r.<\/p>\n<p style=\"text-align: justify;\">Kitab\u0131n\u0131zdaki \u201cResital\u201d b\u00f6l\u00fcm\u00fc sizin mesle\u011finize verdi\u011finiz \u00f6nemi \u00e7ok iyi \u00f6zetliyor. Y\u0131l\u0131n yar\u0131s\u0131nda yurt d\u0131\u015f\u0131nda ge\u00e7irilen bir hayat, alelacele i\u00e7ilen kahveler, otel odalar\u0131, a\u011f\u0131r \u00e7al\u0131\u015fma tempolar\u0131. Ama m\u00fczi\u011finizin ard\u0131nda bu kadar b\u00fcy\u00fck bir disiplinin oldu\u011fu bilinmiyor. Bu size umutsuzluk veriyor mu?<\/p>\n<p style=\"text-align: justify;\">Bundan \u00f6t\u00fcr\u00fc bazen s\u0131k\u0131nt\u0131 bas\u0131yor. Ba\u015fkald\u0131r\u0131lar\u0131m da o y\u00fczden. Ama bunu anlamad\u0131klar\u0131 i\u00e7in de yanl\u0131\u015f \u00e7\u0131k\u0131\u015f yapm\u0131\u015f oluyorum. \u0130nsanlar b\u00fct\u00fcn g\u00fcn oturay\u0131m, iki g\u00fcn piyano \u00e7alay\u0131m o zaman piyanist olurum, san\u0131yor. Oysa ard\u0131nda emek, \u00f6zveri, sevgi, sadakat, hem de y\u0131llar s\u00fcren bir sadakat, sab\u0131rla beklemek, bir hayat konsantrasyonu var. Ama bunlar yok san\u0131l\u0131yor. Bunu medya b\u00f6yle yapt\u0131. G\u00fczel kad\u0131n, manken&#8230; \u015eark\u0131 da s\u00f6ylesin, yaz\u0131 da yazs\u0131n&#8230; O zaman da \u015fark\u0131 s\u00f6yleyen m\u00fczisyen oldum diyor. \u00dcstelik tan\u0131n\u0131rl\u0131\u011f\u0131 \u0130dil Biret\u2019i de ge\u00e7iyor.<\/p>\n<p style=\"text-align: justify;\">Herkesin \u0130dil Biret ya da Faz\u0131l Say olmas\u0131n\u0131 bekleyemeyiz. O zaman sizler \u00f6zel yetenekler olmazd\u0131n\u0131z. Bekledi\u011finiz ne, sayg\u0131 m\u0131?<\/p>\n<p style=\"text-align: justify;\">Sayg\u0131 falan bekledi\u011fim yok. Ge\u00e7ilmi\u015f yolu anlayam\u0131yorlar, bunu g\u00f6rm\u00fcyorlar. Dokundu\u011fum yerde dokundu\u011fumun hissedilmesini isterim. Elini uzatm\u0131\u015fs\u0131n, kar\u015f\u0131daki adam bunun fark\u0131nda bile de\u011fil. O y\u00fczden projelerim var. Anadolu\u2019ya gidelim, bir sistem kural\u0131m istiyorum. Sanat\u00e7\u0131 i\u00e7in bir \u00e7ark olsun. Sistem yaratan de\u011fil, par\u00e7as\u0131 olay\u0131m istiyorum. Erzurum\u2019a gitti\u011fimde bir orkestra olsun, onunla di\u011fer d\u00f6rt ilde konser verebilelim. Ne yaz\u0131k ki T\u00fcrkiye\u2019de sanat\u00e7\u0131y\u0131 ta\u015f\u0131yacak bir \u00e7ark d\u00fczeni yok. Bunu yar\u0131m kalm\u0131\u015f Cumhuriyet yapamad\u0131.<\/p>\n<p style=\"text-align: justify;\"><strong><em>Beni endi\u015felendiren Vakit de\u011fil Erdo\u011fan ve G\u00fcl\u2019\u00fcn bu gazeteyi okuyup yazarlar\u0131n\u0131 u\u00e7a\u011f\u0131na almas\u0131<\/em><\/strong><\/p>\n<p style=\"text-align: justify;\">Alperen Ocaklar\u0131\u2019n\u0131n \u0130dil Biret\u2019in konserine y\u00f6nelik tepkilerini, i\u015fin tatl\u0131ya ba\u011flanmas\u0131n\u0131 nas\u0131l yorumluyorsunuz?<\/p>\n<p style=\"text-align: justify;\">\u0130dil Biret Alperen Ocaklar\u0131 ile bulu\u015ftu, bar\u0131\u015ft\u0131&#8230; Ondan sonra da \u201cOrganizat\u00f6r ne yapar bilmem, ben piyanomu \u00e7alar\u0131m. Konserimi veririm\u201d dedi. \u0130yi tamam, \u00e7\u00fcnk\u00fc bu o. Ama ben o de\u011filim. Beni ilgilendiren de iyi \u00e7almak ama ben besteciyim de. Burada yorumcu ve besteci aras\u0131ndaki fark etkili oluyor. Naz\u0131m Hikmet\u2019le u\u011fra\u015ft\u0131m, Metin Alt\u0131ok\u2019la u\u011fra\u015ft\u0131m. Bu kitapta d\u00f6rt sayfa Metin Alt\u0131ok dizeleri var.<\/p>\n<p style=\"text-align: justify;\">Bu adamda i\u00e7sel bir \u015fey buldu\u011fum i\u00e7in u\u011fra\u015ft\u0131m. Yani bestecinin konumu farkl\u0131. Ayr\u0131ca hayaller de farkl\u0131. Ben be\u015f bin ki\u015filik Aspendos kitlelerine konser veriyorum. \u201cErzurum, Kars, Ad\u0131yaman konserlerim olacak\u201d diyorum ama \u0130dil bunu demiyor. O, bir konsere davet ediliyor ve gidip \u00e7al\u0131yor. \u0130yi \u00e7almak istiyor, o kadar! B\u00f6yle bir olay oldu\u011funda da o y\u00fczden \u015foka u\u011fruyor. Arkas\u0131nda da hakikaten politika da polemik de yapm\u0131yor.<\/p>\n<p style=\"text-align: justify;\">Bu tavr\u0131n\u0131 nas\u0131l buldunuz?<\/p>\n<p style=\"text-align: justify;\">O \u0130dil\u2019in tavr\u0131. \u201cBen olsam ne olurdu\u201dyu bilmiyorum.<\/p>\n<p style=\"text-align: justify;\">Olay\u0131 nas\u0131l de\u011ferlendiriyorsunuz? Vakit Gazetesi\u2019nin haberlerini, protestoyu?<\/p>\n<p style=\"text-align: justify;\">Vakit Gazetesi benimle ilgili \u00fc\u00e7 hafta \u00f6zel say\u0131 yapt\u0131. Yani onlar b\u00f6yle \u015feyler yapar. Oradaki insanlar\u0131 Almanya\u2019daki y\u0131llar\u0131mdan tan\u0131yorum. Kald\u0131\u011f\u0131m yurtta vard\u0131, o tipler. Tehlikelidirler, bask\u0131c\u0131d\u0131rlar. Beni burada endi\u015felendiren Vakit Gazetesi\u2019nin bu t\u00fcr yay\u0131nlar\u0131 de\u011fil. Beni as\u0131l endi\u015felendiren, Tayyip Erdo\u011fan ve Abdullah G\u00fcl\u2019\u00fcn onlar\u0131 u\u00e7a\u011f\u0131na almas\u0131, o gazeteyi okuyor olmas\u0131. \u00c7\u00fcnk\u00fc onun y\u00fczde 47 oyu var.<\/p>\n<p style=\"text-align: justify;\"><strong><em>Metin Alt\u0131ok\u2019un Sivas\u2019ta \u00f6ld\u00fcr\u00fclmesinden \u00f6t\u00fcr\u00fc 16 y\u0131ld\u0131r ac\u0131 \u00e7ekiyorum<\/em><\/strong><\/p>\n<p style=\"text-align: justify;\">Alperen Ocaklar\u0131\u2019n\u0131n \u0130dil Biret\u2019ten \u00f6z\u00fcr dilemeye gitmesini nas\u0131l kar\u015f\u0131lad\u0131n\u0131z?<\/p>\n<p style=\"text-align: justify;\">Sabah gazetede foto\u011fraf\u0131 g\u00f6rd\u00fcm, kahkaha atmaktan yere d\u00fc\u015ft\u00fcm. \u00c7ok komik foto\u011fraflar. \u0130dil Biret, yan\u0131nda adam, oturmu\u015flar. Baya\u011f\u0131 komikler, karikat\u00fcr gibi&#8230; Sonra adam, \u201cBizim gen\u00e7ler biraz fazla celallenmi\u015f\u201d gibi laflar ediyor. Evet, Mad\u0131mak\u2019ta biraz daha celallenmi\u015flerdi. Ama k\u00f6t\u00fc&#8230; Biraz daha dellenselerdi ne olacakt\u0131? Bir de bir \u015farap i\u00e7ilmesi niye \u00f6nemli anlamad\u0131m. Ger\u00e7ekten. Ben bunu umursam\u0131yorum. \u0130lgimi bile \u00e7ekmiyor. Ama baz\u0131 insanlar tahrik oluyor. Neden? Veya niye ben Metin Alt\u0131ok\u2019un \u00f6lmesinden \u00f6t\u00fcr\u00fc 16 y\u0131ld\u0131r ac\u0131 \u00e7ekiyorum da baz\u0131 insanlar\u0131n bu umurunda bile de\u011fil. Ne kadar farkl\u0131 yerlerdeyiz ayn\u0131 \u00fclkede. Birimiz \u00c7in\u2019de, birimiz Brezilya\u2019da de\u011filiz. Ayn\u0131 \u00fclkedeyiz, yeter art\u0131k&#8230; Asl\u0131nda ilgin\u00e7 ve tahrik edici de bir durum. Yarat\u0131c\u0131l\u0131\u011fa y\u00f6n veren&#8230; Ama ya\u015famas\u0131 \u00e7ok \u00e7ok zor&#8230;<\/p>\n<p style=\"text-align: justify;\"><strong><em>Bak\u0131n onlar \u00f6z\u00fcr diledi K\u00fclt\u00fcr Bakan\u0131 da benden dilesin <\/em><\/strong><\/p>\n<p style=\"text-align: justify;\">K\u00fclt\u00fcr Bakan\u0131\u2019n\u0131n Alperenler\u2019le ilgili \u201cilkel yarat\u0131klar\u201d kelimesini i\u00e7eren bir a\u00e7\u0131klamas\u0131 oldu. Nas\u0131l buldunuz?<\/p>\n<p style=\"text-align: justify;\">Onu sevmiyorum ki, bu konuda bir \u015fey d\u00fc\u015f\u00fcneyim. \u00d6nce \u00f6z\u00fcr dilemesini bekliyorum. Frankfurt Kitap Fuar\u0131\u2019nda Naz\u0131m Hikmet Oratoryosu\u2019nu koymu\u015ftuk. Ama bir bakt\u0131k, de\u011fi\u015ftirilmi\u015f, hem de bize s\u00f6ylenmeden. Olup biteni gazeteden okuduk. Sonra Bakan, \u201cNaz\u0131m Hikmet\u2019in s\u0131rt\u0131ndan para kazananlar\u201d diye laf etti. Bu insan\u0131n can\u0131n\u0131 ac\u0131t\u0131yor. K\u00fclt\u00fcr bakan\u0131 bu laf\u0131 etti\u011fi i\u00e7in \u00e7ok ucuz bir adam. Benim tavr\u0131m \u00e7ok net: As\u0131l Beethoven\u2019\u0131n s\u0131rt\u0131ndan 40 kat\u0131n\u0131 kazand\u0131m! Buna ne diyecek! Benim de s\u0131rt\u0131mdan 40 kat\u0131n\u0131 kazanan 80 ya\u015f\u0131nda bir Alman piyanist var. Naz\u0131m\u2019\u0131n s\u0131rt\u0131ndan kendi de para kazand\u0131, K\u00fclt\u00fcr Bakan\u0131 oldu\u011fu i\u00e7in. B\u00fct\u00fcn bunlar ucuz dengeler. Buradan d\u00f6nmesi gerek. Bak\u0131n, Alperenler bile \u00f6z\u00fcr diliyor, o da dilesin.<\/p>\n<p style=\"text-align: justify;\">T\u00fcm bunlar sizi nas\u0131l etkiliyor? Mesela ba\u015fka bir \u00fclkede ya\u015fasayd\u0131n\u0131z daha \u00fcretken ya da tam tersine daha ruhsuz olur muydunuz? Bundan kast\u0131m \u201cGidecek misiniz\u201d geyi\u011fi de\u011fil&#8230;<\/p>\n<p style=\"text-align: justify;\">Evet, burada daha ruhlu bir yap\u0131ya kavu\u015fuyor olabilirim. Bu ke\u015fmeke\u015fte. Ama bazen uzakla\u015fmam da gerekiyor. \u00c7\u00fcnk\u00fc durula\u015fmak da laz\u0131m&#8230;<\/p>\n<p style=\"text-align: justify;\"><strong><em>Kitab\u0131m\u0131 Baykal\u2019a g\u00f6nderece\u011fim<\/em><\/strong><\/p>\n<p style=\"text-align: justify;\">Laik s\u00f6ylemlerinizden \u00f6t\u00fcr\u00fc sadece AKP\u2019ye ele\u015ftiri getirdi\u011finiz gibi bir imaj var. Ama Deniz Baykal\u2019\u0131 da bir mektupla ele\u015ftirmi\u015ftiniz. Kitapta bu mektup da var.<\/p>\n<p style=\"text-align: justify;\">Benim tipimdeki bir insan T\u00fcrkiye\u2019de hangi partiye oy verir. Mant\u0131kl\u0131 d\u00fc\u015f\u00fcnelim: Ya\u015fam bi\u00e7imim ve g\u00f6r\u00fc\u015f\u00fcmden \u00f6t\u00fcr\u00fc AKP\u2019ye kesinlikle oy veremem. MHP\u2019yi a\u015f\u0131r\u0131 sa\u011f buluyorum, DTP bir etnik parti, Saadet Partisi ise \u015feriat\u00e7\u0131. Geriye CHP kal\u0131yor. Ama o da i\u015fini yar\u0131m yamalak g\u00f6r\u00fcyorsa ortada ele\u015ftirilecek bir \u015fey vard\u0131r. \u00c7\u00fcnk\u00fc art\u0131k d\u00fcnyan\u0131n en iyi m\u00fczisyenlerinden olmam\u0131za ra\u011fmen, biri \u00e7\u0131k\u0131p \u201cBeethoven\u2019\u0131 iyi \u00e7al\u0131\u015fmam\u0131\u015f\u201d diyebilir. Hakl\u0131 ya da haks\u0131z&#8230; \u00c7\u00fcnk\u00fc ele\u015ftiri diye bir \u015fey var d\u00fcnyada. Ben de Deniz Baykal\u2019\u0131n eksikliklerini sayd\u0131m. Bunu sayan ne ilk benim, ne de son. Ama benim saymam a\u011f\u0131rl\u0131k kazand\u0131ran bir unsur. Bu kitab\u0131 imzalay\u0131p Deniz Baykal\u2019a da g\u00f6nderece\u011fim. \u201cHer zaman sayg\u0131yla ve sevgiyle\u201d diye imzalayarak&#8230;<\/p>\n<p style=\"text-align: justify;\"><span style=\"color: #888888;\">Buket A\u015f\u00e7\u0131 &#8211; Vatan<\/span><\/p>\n","protected":false},"excerpt":{"rendered":"<p id=\"caption-attachment-11716\" class=\"wp-caption-text\">Faz\u0131l Say &#8211; Buket A\u015f\u00e7\u0131<\/p>\n<p style=\"text-align: justify;\">\u0130dil\u2019le Alperen Ba\u015fkan\u0131\u2019n\u0131n foto\u011fraf\u0131n\u0131 g\u00f6r\u00fcnce g\u00fclmekten koltuktan d\u00fc\u015ft\u00fcm.<\/p>\n<p style=\"text-align: justify;\">Darald\u0131m. Sanatlar\u0131yla sadece bizleri de\u011fil d\u00fcnyay\u0131 etkileyen isimlerle sadece T\u00fcrkiye\u2019nin kaba meselelerini konu\u015fmaktan. Orhan Pamuk\u2019un roman\u0131 \u00e7\u0131kt\u0131\u011f\u0131nda kitab\u0131n\u0131 de\u011fil de hakk\u0131nda s\u00f6ylenenleri yorumlamaktan. \u00d6mr\u00fcnde kitap okumam\u0131\u015f adamlar\u0131n g\u00fcr\u00fclt\u00fcs\u00fcnde sesimi duyuramamaktan&#8230; Darald\u0131m, Faz\u0131l Say gibi bir m\u00fczisyenin <\/p>\n","protected":false},"author":1,"featured_media":0,"comment_status":"open","ping_status":"closed","sticky":false,"template":"","format":"standard","meta":{"footnotes":""},"categories":[7],"tags":[],"class_list":["post-11715","post","type-post","status-publish","format-standard","hentry","category-ekonomi","odd"],"_links":{"self":[{"href":"http:\/\/www.korhanyilmaz.com\/index.php?rest_route=\/wp\/v2\/posts\/11715","targetHints":{"allow":["GET"]}}],"collection":[{"href":"http:\/\/www.korhanyilmaz.com\/index.php?rest_route=\/wp\/v2\/posts"}],"about":[{"href":"http:\/\/www.korhanyilmaz.com\/index.php?rest_route=\/wp\/v2\/types\/post"}],"author":[{"embeddable":true,"href":"http:\/\/www.korhanyilmaz.com\/index.php?rest_route=\/wp\/v2\/users\/1"}],"replies":[{"embeddable":true,"href":"http:\/\/www.korhanyilmaz.com\/index.php?rest_route=%2Fwp%2Fv2%2Fcomments&post=11715"}],"version-history":[{"count":0,"href":"http:\/\/www.korhanyilmaz.com\/index.php?rest_route=\/wp\/v2\/posts\/11715\/revisions"}],"wp:attachment":[{"href":"http:\/\/www.korhanyilmaz.com\/index.php?rest_route=%2Fwp%2Fv2%2Fmedia&parent=11715"}],"wp:term":[{"taxonomy":"category","embeddable":true,"href":"http:\/\/www.korhanyilmaz.com\/index.php?rest_route=%2Fwp%2Fv2%2Fcategories&post=11715"},{"taxonomy":"post_tag","embeddable":true,"href":"http:\/\/www.korhanyilmaz.com\/index.php?rest_route=%2Fwp%2Fv2%2Ftags&post=11715"}],"curies":[{"name":"wp","href":"https:\/\/api.w.org\/{rel}","templated":true}]}}