{"id":11711,"date":"2009-07-18T15:34:51","date_gmt":"2009-07-18T12:34:51","guid":{"rendered":"http:\/\/www.korhanyilmaz.com\/?p=11711"},"modified":"2009-07-18T15:34:51","modified_gmt":"2009-07-18T12:34:51","slug":"krizin-perde-arkasi","status":"publish","type":"post","link":"http:\/\/www.korhanyilmaz.com\/?p=11711","title":{"rendered":"Krizin perde arkas\u0131"},"content":{"rendered":"<p style=\"text-align: center;\"><a href=\"http:\/\/www.korhanyilmaz.com\/wp-content\/uploads\/2009\/07\/190720090143459585445.jpg\"  class=\"lightview\"><img loading=\"lazy\" decoding=\"async\" class=\"size-full wp-image-11712 aligncenter\" src=\"http:\/\/www.korhanyilmaz.com\/wp-content\/uploads\/2009\/07\/190720090143459585445.jpg\" alt=\"\" width=\"329\" height=\"210\" \/><\/a><\/p>\n<p style=\"text-align: justify;\">Yarg\u0131 kulislerine g\u00f6re, h\u00fck\u00fcmet ile Hakimler ve Savc\u0131lar Y\u00fcksek Kurulu aras\u0131ndaki Ergenekon krizinin perde arkas\u0131nda, kurulun yap\u0131s\u0131n\u0131n de\u011fi\u015ftirilmek istenmesi var. Buna g\u00f6re h\u00fck\u00fcmet, kurula Meclis ve Cumhurba\u015fkan\u0131\u2019n\u0131n do\u011frudan \u00fcye se\u00e7mesini sa\u011flamak istiyor&#8230;<\/p>\n<p style=\"text-align: justify;\">H\u00fck\u00fcmet ile HSYK aras\u0131nda derin bir Ergenekon krizi ya\u015fan\u0131yor. Ergenekon soru\u015fturmas\u0131nda g\u00f6revli hakim ve savc\u0131lar\u0131n g\u00f6rev yerlerinin de\u011fi\u015ftirilmesi \u00f6nerildi\u011fi iddialar\u0131 nedeniyle s\u0131k\u0131nt\u0131l\u0131 bir \u00e7al\u0131\u015fma s\u00fcreci ge\u00e7iren HSYK, Adalet Bakan\u0131 Sadullah Ergin \u00e7al\u0131\u015fmalara kat\u0131lmad\u0131\u011f\u0131 i\u00e7in yaz atamalar\u0131n\u0131 yapam\u0131yor. Yarg\u0131 kulislerinde ise, HSYK\u2019daki Ergenekon krizinin b\u00fcy\u00fck \u00f6l\u00e7\u00fcde h\u00fck\u00fcmetin HSYK\u2019n\u0131n yap\u0131s\u0131n\u0131 de\u011fi\u015ftirme hedefine y\u00f6nelik \u00e7al\u0131\u015fmalar\u0131ndan kaynakland\u0131\u011f\u0131 de\u011ferlendirmesi yap\u0131l\u0131yor. Ergenekon krizi ile su y\u00fcz\u00fcne \u00e7\u0131kan bu planla HSYK\u2019ya Meclis ve Cumhurba\u015fkan\u0131\u2019n\u0131n do\u011frudan \u00fcye se\u00e7mesi hedefleniyor. <!--more--><\/p>\n<p style=\"text-align: justify;\"><em><strong>HSYK\u2019ya nas\u0131l \u00fcye se\u00e7iliyor? <\/strong><\/em><\/p>\n<p style=\"text-align: justify;\">Bug\u00fcn h\u00fck\u00fcmetle kar\u015f\u0131 kar\u015f\u0131ya gelen HSYK\u2019n\u0131n \u00fcye yap\u0131s\u0131 ise b\u00fcy\u00fck \u00f6l\u00e7\u00fcde Cumhurba\u015fkan\u0131 Abdullah G\u00fcl taraf\u0131ndan belirlendi. HSYK \u00fcyelerinin se\u00e7imi \u015f\u00f6yle oluyor; Yarg\u0131tay veya Dan\u0131\u015ftay g\u00f6rev s\u00fcresi dolan \u00fcye i\u00e7in kendi \u00fcyeleri aras\u0131ndan 3 aday belirliyor, Cumhurba\u015fkan\u0131 da bu adaylar aras\u0131ndan birini kurul \u00fcyesi olarak se\u00e7iyor. HSYK\u2019n\u0131n 7 as\u0131l 5 de yedek \u00fcyesi bulunuyor. Cumhurba\u015fkan\u0131 G\u00fcl, as\u0131l \u00fcyeler Suna T\u00fcrko\u011flu, Ali Suat Ertosun, Orhan Cem Erb\u00fck ve yedek \u00fcyeler F. An\u0131l Gen\u00e7, Ay\u015fe Albayrak Do\u011fan, H.Ceyda Kerman, Co\u015fkun \u00d6zt\u00fcrk ve Feyzi Alt\u0131nok\u2019u bu y\u00f6ntemle se\u00e7ti. Kurul\u2019da 10. Cumhurba\u015fkan\u0131 Ahmet Necdet Sezer taraf\u0131ndan se\u00e7ilen \u00fcye say\u0131s\u0131 ise sadece iki. Ba\u015fkanvekili Kadir \u00d6zbek ile as\u0131l \u00fcye Musa Tekin, Sezer taraf\u0131ndan atanan \u00fcyeler. Yani se\u00e7ilmi\u015f \u00fcyelerden 7\u2019si G\u00fcl, 2\u2019si ise Sezer taraf\u0131ndan atand\u0131. \u00d6zellikle h\u00fck\u00fcmete yak\u0131n yay\u0131n kurulu\u015flar\u0131n\u0131n hedef ald\u0131\u011f\u0131 Ertosun\u2019un G\u00fcl taraf\u0131ndan atanm\u0131\u015f olmas\u0131 dikkat \u00e7ekiyor.<\/p>\n<p style=\"text-align: justify;\"><strong><em>\u015eahin tasla\u011f\u0131 Olli Rehn\u2019e de sunmu\u015ftu <\/em><\/strong><\/p>\n<p style=\"text-align: justify;\">B\u00fcy\u00fck \u00f6l\u00e7\u00fcde G\u00fcl taraf\u0131ndan belirlenmesine ra\u011fmen HSYK\u2019n\u0131n mevcut yap\u0131s\u0131 h\u00fck\u00fcmeti yine de rahats\u0131z ediyor. Adalet Bakanl\u0131\u011f\u0131 taraf\u0131ndan haz\u0131rlanan ve ilgili kurumlar\u0131n g\u00f6r\u00fc\u015f\u00fcne g\u00f6nderilen Yarg\u0131 Reformu Strateji Tasla\u011f\u0131\u2019nda HSYK\u2019n\u0131n yap\u0131s\u0131n\u0131n de\u011fi\u015ftirilerek Meclis ve Bakanlar Kurulu taraf\u0131ndan \u00fcye atanmas\u0131 hedefleniyor. Eski Adalet Bakan\u0131 Mehmet Ali \u015eahin\u2019in AB Komiseri Olli Rehn\u2019e de sundu\u011fu taslakta TBMM ile ilgili d\u00fczenleme \u015f\u00f6yle ge\u00e7iyor: \u201cH\u00e2kimler ve Savc\u0131lar Y\u00fcksek Kurulu\u2019na (HSYK) TBMM, Cumhurba\u015fkan\u0131 ve yerel mahkemeler ile istinaf mahkemeleri do\u011frudan \u00fcye se\u00e7ecek. Gizli olan Kurul\u2019un kararlar\u0131 kamuoyuna a\u00e7\u0131klanacak.<\/p>\n<p style=\"text-align: justify;\">Bakanl\u0131\u011f\u0131n tasla\u011f\u0131nda yer alan bu hedeflerin ger\u00e7ekle\u015ftirilmesi i\u00e7in Anayasa de\u011fi\u015fikli\u011fi \u015fart. \u00c7\u00fcnk\u00fc HSYK\u2019n\u0131n yap\u0131s\u0131na ili\u015fkin h\u00fck\u00fcmler Anayasa\u2019da d\u00fczenleniyor.<\/p>\n<p style=\"text-align: justify;\"><em><span style=\"color: #888888;\">Kaynak : Vatan<\/span><\/em><\/p>\n","protected":false},"excerpt":{"rendered":"<p style=\"text-align: center;\">\n<p style=\"text-align: justify;\">Yarg\u0131 kulislerine g\u00f6re, h\u00fck\u00fcmet ile Hakimler ve Savc\u0131lar Y\u00fcksek Kurulu aras\u0131ndaki Ergenekon krizinin perde arkas\u0131nda, kurulun yap\u0131s\u0131n\u0131n de\u011fi\u015ftirilmek istenmesi var. Buna g\u00f6re h\u00fck\u00fcmet, kurula Meclis ve Cumhurba\u015fkan\u0131\u2019n\u0131n do\u011frudan \u00fcye se\u00e7mesini sa\u011flamak istiyor&#8230;<\/p>\n<p style=\"text-align: justify;\">H\u00fck\u00fcmet ile HSYK aras\u0131nda derin bir Ergenekon krizi ya\u015fan\u0131yor. Ergenekon soru\u015fturmas\u0131nda g\u00f6revli hakim ve savc\u0131lar\u0131n g\u00f6rev <\/p>\n","protected":false},"author":1,"featured_media":0,"comment_status":"open","ping_status":"closed","sticky":false,"template":"","format":"standard","meta":{"footnotes":""},"categories":[105],"tags":[],"class_list":["post-11711","post","type-post","status-publish","format-standard","hentry","category-gundem","odd"],"_links":{"self":[{"href":"http:\/\/www.korhanyilmaz.com\/index.php?rest_route=\/wp\/v2\/posts\/11711","targetHints":{"allow":["GET"]}}],"collection":[{"href":"http:\/\/www.korhanyilmaz.com\/index.php?rest_route=\/wp\/v2\/posts"}],"about":[{"href":"http:\/\/www.korhanyilmaz.com\/index.php?rest_route=\/wp\/v2\/types\/post"}],"author":[{"embeddable":true,"href":"http:\/\/www.korhanyilmaz.com\/index.php?rest_route=\/wp\/v2\/users\/1"}],"replies":[{"embeddable":true,"href":"http:\/\/www.korhanyilmaz.com\/index.php?rest_route=%2Fwp%2Fv2%2Fcomments&post=11711"}],"version-history":[{"count":0,"href":"http:\/\/www.korhanyilmaz.com\/index.php?rest_route=\/wp\/v2\/posts\/11711\/revisions"}],"wp:attachment":[{"href":"http:\/\/www.korhanyilmaz.com\/index.php?rest_route=%2Fwp%2Fv2%2Fmedia&parent=11711"}],"wp:term":[{"taxonomy":"category","embeddable":true,"href":"http:\/\/www.korhanyilmaz.com\/index.php?rest_route=%2Fwp%2Fv2%2Fcategories&post=11711"},{"taxonomy":"post_tag","embeddable":true,"href":"http:\/\/www.korhanyilmaz.com\/index.php?rest_route=%2Fwp%2Fv2%2Ftags&post=11711"}],"curies":[{"name":"wp","href":"https:\/\/api.w.org\/{rel}","templated":true}]}}