{"id":1170,"date":"2008-10-03T10:34:18","date_gmt":"2008-10-03T07:34:18","guid":{"rendered":"http:\/\/www.korhanyilmaz.com\/?p=1170"},"modified":"2008-10-03T10:34:18","modified_gmt":"2008-10-03T07:34:18","slug":"guiza-bekledigi-feneri-bulamadi","status":"publish","type":"post","link":"http:\/\/www.korhanyilmaz.com\/?p=1170","title":{"rendered":"G\u00fciza bekledi\u011fi Fener&#8217;i bulamad\u0131"},"content":{"rendered":"<p><img loading=\"lazy\" decoding=\"async\" class=\"size-full wp-image-1171  alignleft\" title=\"00e64c3ca6539a4cbfa64470r\" src=\"http:\/\/www.korhanyilmaz.com\/wp-content\/uploads\/2008\/10\/00e64c3ca6539a4cbfa64470r.jpg\" alt=\"\" width=\"160\" height=\"302\" \/><\/p>\n<p style=\"text-align: justify;\">\u0130spanyol oyuncu, ge\u00e7en sezon Avrupa&#8217;da f\u0131rt\u0131na gibi esen F.Bah\u00e7e&#8217;yi beklerken, tel tel d\u00f6k\u00fclen Kanarya&#8217;n\u0131n hali kar\u015f\u0131s\u0131nda \u015fa\u015fk\u0131na d\u00f6nd\u00fc..<\/p>\n<p style=\"text-align: justify;\">Fenerbah\u00e7e&#8217;nin sezona yapt\u0131\u011f\u0131 k\u00f6t\u00fc ba\u015flang\u0131\u00e7, yeni golc\u00fc G\u00fciza&#8217;y\u0131 \u015fa\u015fk\u0131na \u00e7evirdi. Transferi s\u0131ras\u0131nda sar\u0131-lacivertli tak\u0131m\u0131n ge\u00e7en sezonki \u015eampiyonlar Ligi ba\u015far\u0131s\u0131n\u0131 referans olarak alan \u0130spanyol oyuncu, tak\u0131m\u0131n \u015fu andaki durumundan dolay\u0131 son derece kayg\u0131l\u0131&#8230;<\/p>\n<p style=\"text-align: justify;\">TESAD\u00dcF OLAMAZ<br \/>\nGolc\u00fc y\u0131ld\u0131z\u0131n yak\u0131n \u00e7evresine, &#8220;Do\u011frusu bekledi\u011fim tak\u0131m bu de\u011fildi. Anlamad\u0131\u011f\u0131m bir \u015fekilde i\u015fler ters gidiyor. Ama yine de umutsuz de\u011filim. Ge\u00e7en y\u0131l ya\u015fananlar tesad\u00fcf olamaz. En k\u0131sa s\u00fcrede kendimizi toparlayaca\u011f\u0131m\u0131za inan\u0131yorum&#8221; dedi\u011fi \u00f6\u011frenildi. \u0130spanyol oyuncu, kendisinin beklenen d\u00fczeyde gol atamamas\u0131n\u0131 ise tek forvet oynamas\u0131na ba\u011flad\u0131. Semih&#8217;le iyi anla\u015ft\u0131\u011f\u0131n\u0131 vurgulayan G\u00fciza, &#8220;Onun iyile\u015fip d\u00f6nmesini bekliyorum&#8221; dedi.<\/p>\n","protected":false},"excerpt":{"rendered":"<\/p>\n<p style=\"text-align: justify;\">\u0130spanyol oyuncu, ge\u00e7en sezon Avrupa&#8217;da f\u0131rt\u0131na gibi esen F.Bah\u00e7e&#8217;yi beklerken, tel tel d\u00f6k\u00fclen Kanarya&#8217;n\u0131n hali kar\u015f\u0131s\u0131nda \u015fa\u015fk\u0131na d\u00f6nd\u00fc..<\/p>\n<p style=\"text-align: justify;\">Fenerbah\u00e7e&#8217;nin sezona yapt\u0131\u011f\u0131 k\u00f6t\u00fc ba\u015flang\u0131\u00e7, yeni golc\u00fc G\u00fciza&#8217;y\u0131 \u015fa\u015fk\u0131na \u00e7evirdi. Transferi s\u0131ras\u0131nda sar\u0131-lacivertli tak\u0131m\u0131n ge\u00e7en sezonki \u015eampiyonlar Ligi ba\u015far\u0131s\u0131n\u0131 referans olarak alan \u0130spanyol oyuncu, tak\u0131m\u0131n \u015fu andaki durumundan dolay\u0131 son derece kayg\u0131l\u0131&#8230;<\/p>\n","protected":false},"author":1,"featured_media":0,"comment_status":"open","ping_status":"open","sticky":false,"template":"","format":"standard","meta":{"footnotes":""},"categories":[42],"tags":[],"class_list":["post-1170","post","type-post","status-publish","format-standard","hentry","category-spor","odd"],"_links":{"self":[{"href":"http:\/\/www.korhanyilmaz.com\/index.php?rest_route=\/wp\/v2\/posts\/1170","targetHints":{"allow":["GET"]}}],"collection":[{"href":"http:\/\/www.korhanyilmaz.com\/index.php?rest_route=\/wp\/v2\/posts"}],"about":[{"href":"http:\/\/www.korhanyilmaz.com\/index.php?rest_route=\/wp\/v2\/types\/post"}],"author":[{"embeddable":true,"href":"http:\/\/www.korhanyilmaz.com\/index.php?rest_route=\/wp\/v2\/users\/1"}],"replies":[{"embeddable":true,"href":"http:\/\/www.korhanyilmaz.com\/index.php?rest_route=%2Fwp%2Fv2%2Fcomments&post=1170"}],"version-history":[{"count":0,"href":"http:\/\/www.korhanyilmaz.com\/index.php?rest_route=\/wp\/v2\/posts\/1170\/revisions"}],"wp:attachment":[{"href":"http:\/\/www.korhanyilmaz.com\/index.php?rest_route=%2Fwp%2Fv2%2Fmedia&parent=1170"}],"wp:term":[{"taxonomy":"category","embeddable":true,"href":"http:\/\/www.korhanyilmaz.com\/index.php?rest_route=%2Fwp%2Fv2%2Fcategories&post=1170"},{"taxonomy":"post_tag","embeddable":true,"href":"http:\/\/www.korhanyilmaz.com\/index.php?rest_route=%2Fwp%2Fv2%2Ftags&post=1170"}],"curies":[{"name":"wp","href":"https:\/\/api.w.org\/{rel}","templated":true}]}}