{"id":11652,"date":"2009-07-17T17:17:42","date_gmt":"2009-07-17T14:17:42","guid":{"rendered":"http:\/\/www.korhanyilmaz.com\/?p=11652"},"modified":"2009-07-17T17:17:42","modified_gmt":"2009-07-17T14:17:42","slug":"yargi-bagimsizdir-%e2%80%98hakim-ve-savcilar-benden-olursa%e2%80%99","status":"publish","type":"post","link":"http:\/\/www.korhanyilmaz.com\/?p=11652","title":{"rendered":"Yarg\u0131 ba\u011f\u0131ms\u0131zd\u0131r; \u2018h\u00e2kim ve savc\u0131lar benden olursa\u2019"},"content":{"rendered":"<div id=\"attachment_11653\" style=\"width: 112px\" class=\"wp-caption alignleft\"><img loading=\"lazy\" decoding=\"async\" aria-describedby=\"caption-attachment-11653\" class=\"size-full wp-image-11653\" style=\"margin: 10px 5px;\" title=\"Can Atakl\u0131\" src=\"http:\/\/www.korhanyilmaz.com\/wp-content\/uploads\/2009\/07\/142.jpg\" alt=\"Can Atakl\u0131\" width=\"102\" height=\"102\" \/><p id=\"caption-attachment-11653\" class=\"wp-caption-text\">Can Atakl\u0131<\/p><\/div>\n<p style=\"text-align: justify;\">AKP\u2019nin ve yanda\u015flar\u0131n\u0131n slogan\u0131 art\u0131k biliniyor. E\u011fer AKP\u2019ye destek veriyorsan demokrasiden yanas\u0131n. Siville\u015fme i\u00e7in \u00e7abal\u0131yorsun. De\u011fi\u015fim senin i\u00e7in vazge\u00e7ilmez bir ko\u015ful.<\/p>\n<p style=\"text-align: justify;\">E\u011fer AKP\u2019li de\u011filsen, hele hele AKP politikalar\u0131n\u0131 ele\u015ftiriyorsan, \u00fcst\u00fcne \u00fcstl\u00fck AKP\u2019yi laiklik ve Cumhuriyet ilkelerinin korunmas\u0131 konusunda zay\u0131f buluyorsan demokrasi d\u00fc\u015fman\u0131s\u0131n. Siville\u015fmeden, haktan, hukuktan yana de\u011filsin. Stat\u00fckocusun. AB ve de\u011fi\u015fim kar\u015f\u0131t\u0131s\u0131n. Darbecisin, Ergenekoncusun.<\/p>\n<p style=\"text-align: justify;\">T\u00fcrkiye\u2019nin akl\u0131 ba\u015f\u0131nda kesimleri bu \u00e7irkin oyunu tabii ki biliyor ama, hedefi T\u00fcrkiye\u2019nin temel yap\u0131s\u0131n\u0131 de\u011fi\u015ftirmek olanlarla bunlara destek verenler bu Hitler\u2019vari propaganda y\u00f6ntemlerini \u00e7ok iyi kullan\u0131yorlar ve \u00f6zellikle cahil halk\u0131 etkilemeyi ba\u015far\u0131yorlar.<\/p>\n<p style=\"text-align: justify;\">AKP ve yanda\u015flar\u0131 bu \u00e7ifte standard\u0131 \u201cyarg\u0131\u201d alan\u0131na da ta\u015f\u0131m\u0131\u015ft\u0131 biliyorsunuz. Darbe belgesi haz\u0131rlad\u0131\u011f\u0131 ileri s\u00fcr\u00fclen bir albay\u0131n sivil yarg\u0131 taraf\u0131ndan tutuklanmas\u0131n\u0131 zafer \u00e7\u0131\u011fl\u0131klar\u0131 ile kutlayan AKP ve yanda\u015flar\u0131 karar\u0131n yine sivil mahkeme taraf\u0131ndan bozulmas\u0131 \u00fczerine tam tersi davranarak a\u011f\u0131r hakaretlerle dolu protesto yaz\u0131lar\u0131 yazm\u0131\u015flard\u0131. <!--more--><\/p>\n<p style=\"text-align: justify;\"><strong><em>AKP ve yanda\u015flar\u0131n\u0131n \u201csivil yarg\u0131\u201d \u00fczerindeki oyunlar\u0131 \u015fiddetini art\u0131rarak devam ediyor. <\/em><\/strong><\/p>\n<p style=\"text-align: justify;\">\u00dcstelik bu kez sivil yarg\u0131 protesto edilmiyor yarg\u0131n\u0131n temeline \u201cdarbe\u201d vurulmas\u0131 ama\u00e7lan\u0131yor.<\/p>\n<p style=\"text-align: justify;\">Dinci ve yanda\u015f medya birka\u00e7 g\u00fcnd\u00fcr man\u015fetlerine H\u00e2kimler ve Savc\u0131lar Y\u00fcksek Kurulu\u2019nu \u00e7\u0131karm\u0131\u015f durumda. Bu kurul h\u00e2kim ve savc\u0131lar aras\u0131ndaki yaz d\u00f6nemi atamalar\u0131n\u0131 yapacak. \u0130ktidar bu atamalar s\u0131ras\u0131nda baz\u0131 Ergenekon h\u00e2kim ve savc\u0131lar\u0131n\u0131n de\u011fi\u015fece\u011fini ileri s\u00fcrerek bu kurulun karar almas\u0131n\u0131 engelliyor.<\/p>\n<p style=\"text-align: justify;\">Durum \u015fudur: Yarg\u0131 ba\u011f\u0131ms\u0131zl\u0131\u011f\u0131 ve Anayasa\u2019daki h\u00e2kim teminat\u0131 H\u00e2kimler ve Savc\u0131lar Y\u00fcksek Kurulu\u2019nun varl\u0131\u011f\u0131 ile sa\u011flan\u0131yor. Yarg\u0131daki en \u00fcst konumda olan bu ba\u011f\u0131ms\u0131z kurul h\u00e2kim ve savc\u0131 atamalar\u0131n\u0131 yaparak, hukukun siyasetin g\u00f6lgesinde kalmas\u0131n\u0131 \u00f6nl\u00fcyor.<\/p>\n<p style=\"text-align: justify;\">Ancak bu ba\u011f\u0131ms\u0131z olma karakterine ra\u011fmen Adalet Bakan\u0131 da bu kurulun \u00fcyesi. Adalet Bakan\u0131 kurula kat\u0131lmayarak yap\u0131lacak atama kararnamelerinin imzalanmayaca\u011f\u0131n\u0131 ihsas ediyor. Bu durumda kurulun \u00e7al\u0131\u015fmas\u0131 sabote edilmi\u015f oluyor.<\/p>\n<p style=\"text-align: justify;\">\u0130ktidar bu operasyonla \u201c\u00e7al\u0131\u015famaz duruma geldi\u011fi\u201d iddias\u0131 ile H\u00e2kimler ve Savc\u0131lar Y\u00fcksek Kurulu\u2019nun yap\u0131s\u0131n\u0131 de\u011fi\u015ftirmeye haz\u0131rlan\u0131yor.<\/p>\n<p style=\"text-align: justify;\">E\u011fer iktidar arzu etti\u011fi yap\u0131y\u0131 kurabilirse, hukuk ve adalet sistemi tamamen iktidar\u0131n g\u00fcd\u00fcm\u00fcne girecek. H\u00e2kim ve savc\u0131 atamalar\u0131 h\u00fck\u00fcmetin iste\u011fine g\u00f6re yap\u0131labilecek.<\/p>\n<p style=\"text-align: justify;\">Durum \u00f6yle oldu\u011fu halde \u00f6zellikle AKP yanda\u015flar\u0131n\u0131n hedef tahtas\u0131na bu kurulu oturtmalar\u0131, baz\u0131 \u00fcyelerinin \u00fczerinden yine bildik propaganday\u0131 yapmalar\u0131, siyasetin i\u00e7ine d\u00fc\u015ft\u00fc\u011f\u00fc ahlaki \u00e7\u00f6k\u00fcnt\u00fcn\u00fcn son \u00f6rne\u011fidir.<\/p>\n<p style=\"text-align: justify;\">***<\/p>\n<p style=\"text-align: justify;\"><em><strong>\u0130tiraf\u00e7\u0131 ile \u00e7al\u0131\u015f\u0131rken d\u00fc\u015f\u00fcnecektiniz <\/strong><\/em><\/p>\n<p style=\"text-align: justify;\">\u0130ki g\u00fcnd\u00fcr gazete man\u015fetlerini Albay Cemal Temiz\u00f6z i\u015fgal ediyor. Albay Temiz\u00f6z 1992-93 y\u0131llar\u0131nda G\u00fcneydo\u011fu\u2019daki baz\u0131 operasyonlarda g\u00f6zalt\u0131na al\u0131nan veya ka\u00e7\u0131r\u0131lan ki\u015filerin \u00f6ld\u00fcr\u00fclmesinden sorumlu tutuluyor. Diyarbak\u0131r A\u011f\u0131r Ceza Mahkemesi\u2019nde a\u00e7\u0131lan davan\u0131n iddianamesinde albay Temiz\u00f6z i\u00e7in 9 kez a\u011f\u0131rla\u015ft\u0131r\u0131lm\u0131\u015f m\u00fcebbet hapis isteniyor.<\/p>\n<p style=\"text-align: justify;\">Albayla ilgili su\u00e7lamalar\u0131n \u00e7ok b\u00fcy\u00fck bir b\u00f6l\u00fcm\u00fcn\u00fcn \u201cgizli tan\u0131k\u201d s\u0131fat\u0131ya dinlenen eski \u201citiraf\u00e7\u0131lar\u0131n\u201d if\u015faatlar\u0131na dayand\u0131\u011f\u0131 anla\u015f\u0131l\u0131yor.<\/p>\n<p style=\"text-align: justify;\">\u201c\u0130tira\u00e7\u0131\u201d denilen \u015fu: Adam da\u011fa \u00e7\u0131km\u0131\u015f, PKK ter\u00f6r \u00f6rg\u00fct\u00fc militan\u0131 olarak bir\u00e7ok eyleme kat\u0131lm\u0131\u015f. K\u00f6y basm\u0131\u015f, askeri karakollara yap\u0131lan sald\u0131r\u0131lara kar\u0131\u015fm\u0131\u015f, pek \u00e7ok cinayet i\u015flemi\u015f. Sonra yakalanm\u0131\u015f. Bu olaylar\u0131n ge\u00e7ti\u011fi y\u0131llarda \u201cidam\u201d istemiyle yarg\u0131lanacak olan bu ter\u00f6ristlere son bir \u015fans tan\u0131nm\u0131\u015f ve \u201ce\u011fer su\u00e7lar\u0131n\u0131 itiraf eder, \u00f6rg\u00fct\u00fcn ele ge\u00e7irilmesini sa\u011flarsan, ceza almayacaks\u0131n, \u00f6zg\u00fcr kalacaks\u0131n\u201d denilmi\u015f.<\/p>\n<p style=\"text-align: justify;\">Bu teklifi kabul edenlerden baz\u0131lar\u0131 itiraflarda bulunup sonra kaybolup gitmi\u015fler. Baz\u0131lar\u0131 ise devletin eleman\u0131 gibi operasyonlarda g\u00f6rev alm\u0131\u015f, ter\u00f6rle m\u00fccadele eden birimlere, bilgi verdi\u011fi gibi rehberlik de yapm\u0131\u015f, hatta baz\u0131 eski silah arkada\u015flar\u0131n\u0131n \u00f6ld\u00fcr\u00fcld\u00fc\u011f\u00fc operasyonlara kat\u0131l\u0131p \u201ctetik\u201d \u00e7ekmi\u015f. B\u00fcy\u00fck ihtimalle bu itiraf\u00e7\u0131lar \u201cmaddi\u201d y\u00f6nden de \u00e7ok kazanm\u0131\u015flar.<\/p>\n<p style=\"text-align: justify;\">Art\u0131k d\u00f6nem de\u011fi\u015fti. Bir kere idam cezas\u0131 kalkt\u0131. Ola\u011fan\u00fcst\u00fc hal bitti\u011fi i\u00e7in ter\u00f6rle m\u00fccadele y\u00f6ntemleri de de\u011fi\u015fti. \u0130tiraf\u00e7\u0131lar\u0131n g\u00f6revleri bitti, kendi hayatlar\u0131na d\u00f6nd\u00fcler.<\/p>\n<p style=\"text-align: justify;\">Belli ki \u015fimdi ba\u015fka g\u00fc\u00e7ler bu itiraf\u00e7\u0131lar\u0131 bulup yine baz\u0131 maddi imk\u00e2nlar sa\u011flayarak bu kez daha \u00f6nce kendilerini kullanan g\u00fcvenlik g\u00fc\u00e7lerini su\u00e7lamak i\u00e7in kullan\u0131yorlar. Mesele bu kadar basittir.<\/p>\n<p style=\"text-align: justify;\">Kimsenin a\u011flamaya, \u00fcz\u00fclmeye, k\u0131zmaya ve en \u00f6nemlisi \u201cbiz vatan i\u00e7in kendimizi feda ettik, bu mu reva g\u00f6r\u00fclecekti?\u201d demeye hakk\u0131 yoktur.<\/p>\n<p style=\"text-align: justify;\">Ter\u00f6rle m\u00fccadele ad\u0131 alt\u0131nda da olsa hukuk d\u0131\u015f\u0131na \u00e7\u0131k\u0131lmas\u0131, cinayetler i\u015flenmesi affedilemez. Bu hukuk d\u0131\u015f\u0131 i\u015fler i\u00e7in kendi yolda\u015f\u0131na ihanet edenleri kullananlar, ayn\u0131 ki\u015filerin bir g\u00fcn kendilerine kar\u015f\u0131 kullan\u0131laca\u011f\u0131n\u0131 bilmelilerdi.<\/p>\n<p style=\"text-align: justify;\">***<\/p>\n<p style=\"text-align: justify;\"><em><strong>Savc\u0131lar Deniz Feneri\u2019nin s\u00fcper tankerini saptad\u0131 <\/strong><\/em><\/p>\n<p style=\"text-align: justify;\">Zaman\u0131nda Kanalt\u00fcrk\u2019te, \u015fimdi de Biz TV\u2019de belgeli \u201cyolsuzluk\u201d programlar\u0131 yapan Tuncay Mollaveyiso\u011flu kendi \u00e7\u0131kard\u0131\u011f\u0131 \u201cBa\u011f\u0131ms\u0131z\u201d isimli derginin son say\u0131s\u0131yla birlikte bir de mektup g\u00f6ndermi\u015f. Dergisindeki en \u00f6nemli haberi anlatan Mollaveyiso\u011flu \u015f\u00f6yle diyor:<\/p>\n<p style=\"text-align: justify;\">\u201cT\u00fcrkiye\u2019de s\u00fcren Deniz Feneri soru\u015fturmas\u0131nda iki \u00f6nemli tespit yapt\u0131 savc\u0131lar. Biri Kanal 7\u2019nin gemisinin yard\u0131m paralar\u0131 ile al\u0131nmas\u0131 tespitiydi. Hat\u0131rlayacaks\u0131n\u0131z; Kanal 7\u2019nin Almanya \u015fubesi Euro 7, Atlas 1 adl\u0131 bir gemi sat\u0131n alm\u0131\u015ft\u0131. Ben \u201cyolsuzluk ve yoksulluk\u201d program\u0131nda bu geminin yard\u0131m paralar\u0131 ile al\u0131nd\u0131\u011f\u0131n\u0131 2007 y\u0131l\u0131nda haber yapm\u0131\u015ft\u0131m. Gemiyi o d\u00f6nemde ka\u00e7\u0131r\u0131p T\u00fcrkiye\u2019ye getirmi\u015flerdi. Alman savc\u0131lar geminin izini s\u00fcrerken, Haydarpa\u015fa liman\u0131nda demirleyen gemiyi g\u00f6r\u00fcnt\u00fcleyip yine haber yapt\u0131k ve bu haberler \u00fczerine gemi T\u00fcrk sular\u0131ndan ka\u00e7\u0131r\u0131ld\u0131.<\/p>\n<p style=\"text-align: justify;\">\u0130\u015fte o geminin yard\u0131m paralar\u0131 ile al\u0131nd\u0131\u011f\u0131 bilgisine T\u00fcrk savc\u0131lar da ula\u015ft\u0131lar. Kanal 7, gemiyi, Almanya\u2019daki Vak\u0131fbank\u2019\u0131n \u015fubesinden kulland\u0131klar\u0131 kredi ile sat\u0131n ald\u0131klar\u0131n\u0131 a\u00e7\u0131klam\u0131\u015ft\u0131. Ancak savc\u0131lar geminin yard\u0131m paralar\u0131 ile al\u0131nd\u0131\u011f\u0131n\u0131 tespit ettiler ve bu nedenle o d\u00f6nemde krediyi veren ve daha sonra apar topar T\u00fcrkiye\u2019ye \u00e7a\u011f\u0131r\u0131lan banka memurunu sorgulad\u0131lar.<\/p>\n<p style=\"text-align: justify;\">T\u00fcrkiye\u2019deki Deniz Feneri soru\u015fturmas\u0131nda bir ba\u015fka \u00f6nemli geli\u015fme ise T\u00fcrk savc\u0131lar\u0131n Ayta\u00e7 A\u015e ile Deniz Feneri aras\u0131ndaki a\u00e7\u0131klanamaz mal transferini tespit etmeleri. Ayta\u00e7 A\u015e; Yimpa\u015f \u015firketlerinden biri..\u201d<\/p>\n<p style=\"text-align: justify;\"><span style=\"color: #888888;\">Can Atakl\u0131 <\/span><strong><\/strong> <a href=\"mailto:catakli@gazetevatan.com\"><\/a><\/p>\n<p style=\"text-align: justify;\"><a href=\"mailto:catakli@gazetevatan.com\"> catakli@gazetevatan.com<\/a><\/p>\n","protected":false},"excerpt":{"rendered":"<p id=\"caption-attachment-11653\" class=\"wp-caption-text\">Can Atakl\u0131<\/p>\n<p style=\"text-align: justify;\">AKP\u2019nin ve yanda\u015flar\u0131n\u0131n slogan\u0131 art\u0131k biliniyor. E\u011fer AKP\u2019ye destek veriyorsan demokrasiden yanas\u0131n. Siville\u015fme i\u00e7in \u00e7abal\u0131yorsun. De\u011fi\u015fim senin i\u00e7in vazge\u00e7ilmez bir ko\u015ful.<\/p>\n<p style=\"text-align: justify;\">E\u011fer AKP\u2019li de\u011filsen, hele hele AKP politikalar\u0131n\u0131 ele\u015ftiriyorsan, \u00fcst\u00fcne \u00fcstl\u00fck AKP\u2019yi laiklik ve Cumhuriyet ilkelerinin korunmas\u0131 konusunda zay\u0131f buluyorsan demokrasi d\u00fc\u015fman\u0131s\u0131n. Siville\u015fmeden, haktan, hukuktan yana de\u011filsin. <\/p>\n","protected":false},"author":1,"featured_media":0,"comment_status":"open","ping_status":"closed","sticky":false,"template":"","format":"standard","meta":{"footnotes":""},"categories":[16],"tags":[],"class_list":["post-11652","post","type-post","status-publish","format-standard","hentry","category-kose-yazilari","odd"],"_links":{"self":[{"href":"http:\/\/www.korhanyilmaz.com\/index.php?rest_route=\/wp\/v2\/posts\/11652","targetHints":{"allow":["GET"]}}],"collection":[{"href":"http:\/\/www.korhanyilmaz.com\/index.php?rest_route=\/wp\/v2\/posts"}],"about":[{"href":"http:\/\/www.korhanyilmaz.com\/index.php?rest_route=\/wp\/v2\/types\/post"}],"author":[{"embeddable":true,"href":"http:\/\/www.korhanyilmaz.com\/index.php?rest_route=\/wp\/v2\/users\/1"}],"replies":[{"embeddable":true,"href":"http:\/\/www.korhanyilmaz.com\/index.php?rest_route=%2Fwp%2Fv2%2Fcomments&post=11652"}],"version-history":[{"count":0,"href":"http:\/\/www.korhanyilmaz.com\/index.php?rest_route=\/wp\/v2\/posts\/11652\/revisions"}],"wp:attachment":[{"href":"http:\/\/www.korhanyilmaz.com\/index.php?rest_route=%2Fwp%2Fv2%2Fmedia&parent=11652"}],"wp:term":[{"taxonomy":"category","embeddable":true,"href":"http:\/\/www.korhanyilmaz.com\/index.php?rest_route=%2Fwp%2Fv2%2Fcategories&post=11652"},{"taxonomy":"post_tag","embeddable":true,"href":"http:\/\/www.korhanyilmaz.com\/index.php?rest_route=%2Fwp%2Fv2%2Ftags&post=11652"}],"curies":[{"name":"wp","href":"https:\/\/api.w.org\/{rel}","templated":true}]}}