{"id":11629,"date":"2009-07-17T23:02:19","date_gmt":"2009-07-17T20:02:19","guid":{"rendered":"http:\/\/www.korhanyilmaz.com\/?p=11629"},"modified":"2009-07-17T23:02:19","modified_gmt":"2009-07-17T20:02:19","slug":"3-iddianame-hazir","status":"publish","type":"post","link":"http:\/\/www.korhanyilmaz.com\/?p=11629","title":{"rendered":"3. iddianame haz\u0131r"},"content":{"rendered":"<p><img loading=\"lazy\" decoding=\"async\" class=\"aligncenter size-full wp-image-11630\" src=\"http:\/\/www.korhanyilmaz.com\/wp-content\/uploads\/2009\/07\/ERGENEKON.jpg\" alt=\"\" width=\"292\" height=\"194\" \/><\/p>\n<p style=\"text-align: justify;\">&#8220;Ergenekon&#8221; soru\u015fturmas\u0131n\u0131 y\u00fcr\u00fcten \u00f6zel yetkili Cumhuriyet savc\u0131lar\u0131nca haz\u0131rlanan 3. iddianamenin yaz\u0131m a\u015famas\u0131 tamamland\u0131.<\/p>\n<p style=\"text-align: justify;\">\u0130ddianamenin savc\u0131lar\u0131n imza atmalar\u0131n\u0131n ard\u0131ndan, gelecek hafta Cumhuriyet Ba\u015fsavc\u0131vekili Turan \u00c7olakkad\u0131&#8217;ya sunulaca\u011f\u0131 kaydedildi.<\/p>\n<p style=\"text-align: justify;\">Eski \u00d6zel Harekat Daire Ba\u015fkan\u0131 \u0130brahim \u015eahin ile Ba\u015fkent \u00dcniversitesi Rekt\u00f6r\u00fc Prof. Dr. Mehmet Haberal ve baz\u0131 eski rekt\u00f6rlerin de &#8220;\u015f\u00fcpheli&#8221; olarak yer ald\u0131\u011f\u0131 iddianamenin bin sayfan\u0131n \u00fcst\u00fcnde oldu\u011fu belirtildi.<\/p>\n<p style=\"text-align: justify;\"><span style=\"color: #888888;\">CNN T\u00dcRK<\/span><\/p>\n","protected":false},"excerpt":{"rendered":"<\/p>\n<p style=\"text-align: justify;\">&#8220;Ergenekon&#8221; soru\u015fturmas\u0131n\u0131 y\u00fcr\u00fcten \u00f6zel yetkili Cumhuriyet savc\u0131lar\u0131nca haz\u0131rlanan 3. iddianamenin yaz\u0131m a\u015famas\u0131 tamamland\u0131.<\/p>\n<p style=\"text-align: justify;\">\u0130ddianamenin savc\u0131lar\u0131n imza atmalar\u0131n\u0131n ard\u0131ndan, gelecek hafta Cumhuriyet Ba\u015fsavc\u0131vekili Turan \u00c7olakkad\u0131&#8217;ya sunulaca\u011f\u0131 kaydedildi.<\/p>\n<p style=\"text-align: justify;\">Eski \u00d6zel Harekat Daire Ba\u015fkan\u0131 \u0130brahim \u015eahin ile Ba\u015fkent \u00dcniversitesi Rekt\u00f6r\u00fc Prof. Dr. Mehmet Haberal ve baz\u0131 eski rekt\u00f6rlerin de &#8220;\u015f\u00fcpheli&#8221; olarak <\/p>\n","protected":false},"author":1,"featured_media":0,"comment_status":"open","ping_status":"closed","sticky":false,"template":"","format":"standard","meta":{"footnotes":""},"categories":[105],"tags":[],"class_list":["post-11629","post","type-post","status-publish","format-standard","hentry","category-gundem","odd"],"_links":{"self":[{"href":"http:\/\/www.korhanyilmaz.com\/index.php?rest_route=\/wp\/v2\/posts\/11629","targetHints":{"allow":["GET"]}}],"collection":[{"href":"http:\/\/www.korhanyilmaz.com\/index.php?rest_route=\/wp\/v2\/posts"}],"about":[{"href":"http:\/\/www.korhanyilmaz.com\/index.php?rest_route=\/wp\/v2\/types\/post"}],"author":[{"embeddable":true,"href":"http:\/\/www.korhanyilmaz.com\/index.php?rest_route=\/wp\/v2\/users\/1"}],"replies":[{"embeddable":true,"href":"http:\/\/www.korhanyilmaz.com\/index.php?rest_route=%2Fwp%2Fv2%2Fcomments&post=11629"}],"version-history":[{"count":0,"href":"http:\/\/www.korhanyilmaz.com\/index.php?rest_route=\/wp\/v2\/posts\/11629\/revisions"}],"wp:attachment":[{"href":"http:\/\/www.korhanyilmaz.com\/index.php?rest_route=%2Fwp%2Fv2%2Fmedia&parent=11629"}],"wp:term":[{"taxonomy":"category","embeddable":true,"href":"http:\/\/www.korhanyilmaz.com\/index.php?rest_route=%2Fwp%2Fv2%2Fcategories&post=11629"},{"taxonomy":"post_tag","embeddable":true,"href":"http:\/\/www.korhanyilmaz.com\/index.php?rest_route=%2Fwp%2Fv2%2Ftags&post=11629"}],"curies":[{"name":"wp","href":"https:\/\/api.w.org\/{rel}","templated":true}]}}