{"id":11611,"date":"2009-07-17T14:06:32","date_gmt":"2009-07-17T11:06:32","guid":{"rendered":"http:\/\/www.korhanyilmaz.com\/?p=11611"},"modified":"2009-07-17T14:06:32","modified_gmt":"2009-07-17T11:06:32","slug":"uefa-rakipler-belli-oldu","status":"publish","type":"post","link":"http:\/\/www.korhanyilmaz.com\/?p=11611","title":{"rendered":"UEFA rakipler belli oldu!"},"content":{"rendered":"<p><img loading=\"lazy\" decoding=\"async\" class=\"aligncenter size-full wp-image-11612\" src=\"http:\/\/www.korhanyilmaz.com\/wp-content\/uploads\/2009\/07\/kurabbb.jpg\" alt=\"\" width=\"275\" height=\"175\" \/><\/p>\n<p style=\"text-align: justify;\">\u015eampiyonlar Ligi 3. \u00d6n Eleme Turu ma\u00e7lar\u0131n\u0131n kuralar\u0131 \u0130svi\u00e7re&#8217;nin Nyon kentinde \u00e7ekildi. Fenerbah\u00e7e UEFA Avrupa Ligi 3. \u00f6n eleme turunda Macaristan&#8217;\u0131n Honved tak\u0131m\u0131yla e\u015fle\u015fti. Fenerbah\u00e7e&#8217;nin rakibi Macaristan&#8217;\u0131n Honved tak\u0131m\u0131 oldu. Sivasspor&#8217;un rakibi Anderlecht&#8230;<\/p>\n<p>Fenerbah\u00e7e UEFA Avrupa Ligi 3. \u00f6n eleme turunda Macaristan&#8217;\u0131n Honved tak\u0131m\u0131yla e\u015fle\u015fti. Fenerbah\u00e7e&#8217;nin rakibi Macaristan&#8217;\u0131n Honved tak\u0131m\u0131 oldu. Sar\u0131-lacivertli tak\u0131m ilk ma\u00e7\u0131 30 Temmuz&#8217;da \u015e\u00fckr\u00fc Saraco\u011flu&#8217;nda oynayacak, r\u00f6van\u015f 6 A\u011fustos&#8217;ta Macaristan&#8217;da.\n<\/p>\n<p style=\"text-align: justify;\">T\u00fcrkiye&#8217;nin UEFA Avrupa Ligi&#8217;ndeki di\u011fer temsilcisi Galatasaray ise Tobol&#8217;u eledi\u011fi takdirde Sliema-M. Netanya e\u015fle\u015fmesini ge\u00e7ecek tak\u0131mla kar\u015f\u0131la\u015facak.<!--more--><\/p>\n<p style=\"text-align: justify;\">Sar\u0131-k\u0131rm\u0131z\u0131l\u0131 tak\u0131m da Tobol&#8217;u ge\u00e7erse 3. \u00f6n elemede ilk ma\u00e7\u0131 Ali Sami Yen Stad\u0131&#8217;nda oynayacak<\/p>\n<p style=\"text-align: justify;\">\u015eampiyonlar Ligi kulvar\u0131nda m\u00fccadele edecek Sivasspor\u2019un 3. eleme turundaki rakibi Bel\u00e7ika ekibi Anderlecht oldu. Yi\u011fidolar ilk ma\u00e7\u0131 deplasmanda ikinci ma\u00e7\u0131 evinde oynayacak. \u015eampiyonlar Ligi 3. Eleme Turu\u2019nda ilk ma\u00e7lar 28-29 Temmuz, r\u00f6van\u015flar\u0131 4-5 A\u011fustos\u2019ta oynanacak.<\/p>\n<p style=\"text-align: justify;\"><span style=\"color: #888888;\">SKY T\u00dcRK<\/span><\/p>\n","protected":false},"excerpt":{"rendered":"<\/p>\n<p style=\"text-align: justify;\">\u015eampiyonlar Ligi 3. \u00d6n Eleme Turu ma\u00e7lar\u0131n\u0131n kuralar\u0131 \u0130svi\u00e7re&#8217;nin Nyon kentinde \u00e7ekildi. Fenerbah\u00e7e UEFA Avrupa Ligi 3. \u00f6n eleme turunda Macaristan&#8217;\u0131n Honved tak\u0131m\u0131yla e\u015fle\u015fti. Fenerbah\u00e7e&#8217;nin rakibi Macaristan&#8217;\u0131n Honved tak\u0131m\u0131 oldu. Sivasspor&#8217;un rakibi Anderlecht&#8230;<\/p>\n<p>Fenerbah\u00e7e UEFA Avrupa Ligi 3. \u00f6n eleme turunda Macaristan&#8217;\u0131n Honved tak\u0131m\u0131yla e\u015fle\u015fti. Fenerbah\u00e7e&#8217;nin rakibi Macaristan&#8217;\u0131n Honved tak\u0131m\u0131 oldu. Sar\u0131-lacivertli <\/p>\n","protected":false},"author":1,"featured_media":0,"comment_status":"open","ping_status":"closed","sticky":false,"template":"","format":"standard","meta":{"footnotes":""},"categories":[42],"tags":[],"class_list":["post-11611","post","type-post","status-publish","format-standard","hentry","category-spor","odd"],"_links":{"self":[{"href":"http:\/\/www.korhanyilmaz.com\/index.php?rest_route=\/wp\/v2\/posts\/11611","targetHints":{"allow":["GET"]}}],"collection":[{"href":"http:\/\/www.korhanyilmaz.com\/index.php?rest_route=\/wp\/v2\/posts"}],"about":[{"href":"http:\/\/www.korhanyilmaz.com\/index.php?rest_route=\/wp\/v2\/types\/post"}],"author":[{"embeddable":true,"href":"http:\/\/www.korhanyilmaz.com\/index.php?rest_route=\/wp\/v2\/users\/1"}],"replies":[{"embeddable":true,"href":"http:\/\/www.korhanyilmaz.com\/index.php?rest_route=%2Fwp%2Fv2%2Fcomments&post=11611"}],"version-history":[{"count":0,"href":"http:\/\/www.korhanyilmaz.com\/index.php?rest_route=\/wp\/v2\/posts\/11611\/revisions"}],"wp:attachment":[{"href":"http:\/\/www.korhanyilmaz.com\/index.php?rest_route=%2Fwp%2Fv2%2Fmedia&parent=11611"}],"wp:term":[{"taxonomy":"category","embeddable":true,"href":"http:\/\/www.korhanyilmaz.com\/index.php?rest_route=%2Fwp%2Fv2%2Fcategories&post=11611"},{"taxonomy":"post_tag","embeddable":true,"href":"http:\/\/www.korhanyilmaz.com\/index.php?rest_route=%2Fwp%2Fv2%2Ftags&post=11611"}],"curies":[{"name":"wp","href":"https:\/\/api.w.org\/{rel}","templated":true}]}}