{"id":11596,"date":"2009-07-17T19:20:30","date_gmt":"2009-07-17T16:20:30","guid":{"rendered":"http:\/\/www.korhanyilmaz.com\/?p=11596"},"modified":"2009-07-17T19:20:30","modified_gmt":"2009-07-17T16:20:30","slug":"erdogan-ataturk-kalksa-hepsini-mezara-gomer","status":"publish","type":"post","link":"http:\/\/www.korhanyilmaz.com\/?p=11596","title":{"rendered":"Erdo\u011fan: &#039; Atat\u00fcrk kalksa, hepsini mezara g\u00f6mer &#039;"},"content":{"rendered":"<p style=\"text-align: center;\"><a href=\"http:\/\/www.korhanyilmaz.com\/wp-content\/uploads\/2009\/07\/tayyip.jpg\"  class=\"lightview\"><img loading=\"lazy\" decoding=\"async\" class=\"aligncenter size-full wp-image-11597\" src=\"http:\/\/www.korhanyilmaz.com\/wp-content\/uploads\/2009\/07\/tayyip.jpg\" alt=\"\" width=\"292\" height=\"181\" \/><\/a><\/p>\n<p style=\"text-align: justify;\">Ba\u015fbakan Recep Tayyip Erdo\u011fan, bug\u00fcn Konya&#8217;da h\u0131zl\u0131 trenin ilk ray kayna\u011f\u0131n\u0131 yapt\u0131klar\u0131n\u0131 an\u0131msatarak, kendilerinden \u00f6nce 40 y\u0131l boyunca bir metre ray d\u00f6\u015fenmedi\u011fini ifade etti ve ekledi: &#8220;Hani bunlar diyor ya, &#8216;Biz Atat\u00fcrk\u00e7\u00fcy\u00fcz, filan&#8217;. Atat\u00fcrk kalksa, bunlar\u0131n hepsini mezara g\u00f6mer.&#8221;<\/p>\n<p style=\"text-align: justify;\">Ba\u015fbakan Erdo\u011fan, Sel\u00e7uklu Belediyesi Spor Salonu&#8217;nda d\u00fczenlenen AK Parti Konya \u0130l Kongresi&#8217;nde konu\u015ftu.<\/p>\n<p style=\"text-align: justify;\"><em><strong>Erdo\u011fan, s\u00f6zlerini \u015f\u00f6yle s\u00fcrd\u00fcrd\u00fc:<\/strong><\/em><\/p>\n<p style=\"text-align: justify;\">&#8220;Hani bunlar diyor ya, &#8216;Biz Atat\u00fcrk\u00e7\u00fcy\u00fcz, filan&#8217;. Atat\u00fcrk kalksa, bunlar\u0131n hepsini mezara g\u00f6mer. &#8216;Muas\u0131r medeniyet seviyesinin \u00fczerine \u00e7\u0131kaca\u011f\u0131z&#8217; demiyor mu. Atat\u00fcrk diyor&#8230; Ne yapt\u0131n\u0131z? Hani T\u00fcrkiye&#8217;nin d\u00f6rt bir yan\u0131n\u0131 demir a\u011flarla \u00f6recektik. Ne yapt\u0131n\u0131z? Hi\u00e7bir \u015fey yok. Bunlar yan gelip yatt\u0131lar ama AK Parti \u00e7al\u0131\u015f\u0131yor, dimdik ayakta, evelallah&#8230; \u0130\u015fte buyurun, Ankara-Eski\u015fehir, bitti, \u00e7al\u0131\u015f\u0131yor. \u015eimdi Eski\u015fehir-\u0130stanbul devam. Ankara-Konya, in\u015fallah \u00f6n\u00fcm\u00fczdeki y\u0131l sonu bitiyor.&#8221; <!--more--><\/p>\n<p style=\"text-align: justify;\"><em><strong>&#8220;Yollar\u0131n\u0131 ay\u0131rs\u0131nlar&#8221;<\/strong><\/em><\/p>\n<p style=\"text-align: justify;\">&#8220;Aralar\u0131nda heyecan\u0131n\u0131, co\u015fkusunu, millete hizmet a\u015fk\u0131n\u0131 yitirenler varsa, kendileriyle yollar\u0131n\u0131 ay\u0131rmalar\u0131n\u0131&#8221; isteyen Erdo\u011fan, &#8220;Kendi makam h\u0131rs\u0131n\u0131, kendi \u00e7\u0131karlar\u0131n\u0131, menfaatlerini, bu hareketin \u00fczerinde, hizmet siyasetinin \u00fczerinde g\u00f6renler varsa, onlar da bizimle yollar\u0131n\u0131 ay\u0131rs\u0131nlar&#8221; dedi.<\/p>\n<p style=\"text-align: justify;\"><em><strong>&#8220;Konu\u015faca\u011f\u0131m, sab\u0131r&#8230;&#8221;<\/strong><\/em><\/p>\n<p style=\"text-align: justify;\">Ba\u015fbakan Erdo\u011fan, son g\u00fcnlerde ya\u015fanan tart\u0131\u015fmalara da sert yorumlar getirdi. Erdo\u011fan, hedef s\u00f6ylemedi, &#8220;darbe&#8221; demedi ama, &#8220;Milletin iradesi gasp edilmek istendi&#8221; diyerek \u00e7ok a\u00e7\u0131k ifadeler kulland\u0131.<\/p>\n<p style=\"text-align: justify;\">Erdo\u011fan, &#8220;Bunlar s\u0131radan olaylar de\u011fil. Biz de takip ediyoruz. &#8216;Peki Say\u0131n Ba\u015fbakan\u0131m konu\u015fmayacak m\u0131s\u0131n\u0131z&#8217; Konu\u015faca\u011f\u0131m, sab\u0131r&#8230; Ve konu\u015ftu\u011fumuz zaman \u00e7ok farkl\u0131 konu\u015faca\u011f\u0131z. \u00c7\u00fcnk\u00fc bizim partimizin ad\u0131 Adalet ve Kalk\u0131nma Partisi&#8217;dir. \u00d6yle konu\u015faca\u011f\u0131z. Neyse bunun gere\u011fi onu konu\u015faca\u011f\u0131z&#8221; dedi.<\/p>\n<p style=\"text-align: justify;\">&#8220;Merhum \u0130stiklal \u015eairimiz Mehmet Akif&#8217;in diliyle onlara seslenmeye devam edece\u011fiz&#8221; diyen Erdo\u011fan, &#8220;Ne diyordu Mehmet Akif, &#8216;Cehennem olsa gelen g\u00f6\u011fs\u00fcm\u00fczde s\u00f6nd\u00fcr\u00fcr\u00fcz. Bu yol hak yoludur. D\u00f6nme bilmez y\u00fcr\u00fcr\u00fcz&#8217; Olay bu. Te\u015fkilat\u0131m\u0131z i\u00e7indeki t\u00fcm yol arkada\u015flar\u0131mdan, g\u00f6n\u00fclda\u015flar\u0131mdan, karde\u015flerimden bu hassasiyeti g\u00f6stermelerini bilhassa rica ediyorum. Onlar ayr\u0131mc\u0131l\u0131k yapadursunlar, biz ayr\u0131mc\u0131l\u0131k yapmayaca\u011f\u0131z. Onlar etnik kimlikten, etnik k\u00f6kenden, milletimizin hassas oldu\u011fu meseleler \u00fczerinden siyaset yapadursunlar biz yapmayaca\u011f\u0131z. Onlar engellemek i\u00e7in \u00e7\u0131rp\u0131nadursunlar, biz durmayacak, duraklamayaca\u011f\u0131z. Onlar \u00fclkeyi germek, \u00fclkenin g\u00fcndemini germek i\u00e7in ellerine ge\u00e7en her f\u0131rsat\u0131 kullanadursunlar biz millete efendilik de\u011fil, millete hizmetkarl\u0131k yapmaya devam edece\u011fiz&#8221; dedi.<\/p>\n<p style=\"text-align: justify;\"><em><strong>Bah\u00e7eli&#8217;ye y\u00fcklendi<\/strong><\/em><\/p>\n<p style=\"text-align: justify;\">Ba\u015fbakan Erdo\u011fan, MHP lideri Devlet Bah\u00e7eli&#8217;nin &#8220;partinin &#8216;ak&#8217;l\u0131\u011f\u0131 \u00fczerinden ele\u015ftiriler yapt\u0131\u011f\u0131n\u0131&#8221; ifade ederek, &#8220;Say\u0131n Bah\u00e7eli, bu i\u015fi l\u00fctfen iyi bil, ona g\u00f6re konu\u015f, bilmeden konu\u015fma. Bir ara\u015ft\u0131r ona g\u00f6re konu\u015f. AK Parti&#8217;nin \u00fczerinde a\u00e7\u0131lm\u0131\u015f bir dava yok. Benim \u015fahs\u0131mla ilgili dava ta belediye ba\u015fkanl\u0131\u011f\u0131m d\u00f6nemine aittir. Bak bunu burada a\u00e7\u0131kl\u0131yorum&#8221; dedi.<\/p>\n<p style=\"text-align: justify;\">Erdo\u011fan, &#8220;Onlar milletin \u00e7\u0131karlar\u0131, \u00fclkenin menfaatleri konusunda hassas de\u011fil. Biz, hassasiyetimizi sonuna kadar muhafaza edece\u011fiz. Bizim i\u015fimiz y\u0131kmak de\u011fil, yapmak&#8221; diye konu\u015ftu.<\/p>\n<p style=\"text-align: justify;\">&#8220;\u0130\u015flerinin hor g\u00f6rmek de\u011fil, sevmek, kucaklamak oldu\u011funu&#8221; anlatan Erdo\u011fan, &#8220;Vars\u0131n onlar \u00e7etelere, mafyaya, karanl\u0131k g\u00fc\u00e7 odaklar\u0131na avukatl\u0131k yaps\u0131nlar. \u00d6yle diyor ya, &#8216;ben onlar\u0131n avukat\u0131y\u0131m&#8217; diyor. Biz milletin avukat\u0131y\u0131z. Biz her t\u00fcrl\u00fc hukuk d\u0131\u015f\u0131 \u00f6rg\u00fctlenmeyle m\u00fccadeleye devam edece\u011fiz. Onlar bizi yolumuzdan al\u0131koymak, a\u015fk\u0131m\u0131z\u0131, \u015fevkimizi k\u0131rmak i\u00e7in gayret etsinler. Bize iftira ats\u0131nlar. Bizi karalamaya \u00e7al\u0131\u015fs\u0131nlar, biz milletin her kuru\u015funu titizlikle koruyacak, kollayaca\u011f\u0131z. \u015eunu da ifade etmek durumunday\u0131m; e\u011fer te\u015fkilat\u0131n i\u00e7inde bu t\u00fcr hassasiyetlerini kaybedenler varsa, kalbinde, y\u00fcre\u011finde zafiyet hissedenler varsa, onlar l\u00fctfen bu te\u015fkilatla yollar\u0131n\u0131 ay\u0131rs\u0131nlar&#8221; dedi.<\/p>\n<p style=\"text-align: justify;\">Ge\u00e7enlerde, Say\u0131n Bah\u00e7eli, partinin &#8216;ak&#8217;l\u0131\u011f\u0131 \u00fczerinden ele\u015ftiriler yap\u0131yor&#8221; diyen Erdo\u011fan, &#8220;Bu davalarda, bu davalar\u0131n&#8230; Arkada\u015flar\u0131m alt\u0131nda benim bir tane imzam yok. O \u015firketlerin, belediyenin \u015firketleri olarak y\u00f6netim kurulu \u00fcyesi de\u011fildir ve o davalar bitti. O davalarda, y\u00f6netim kurulu \u00fcyesi olan arkada\u015flar\u0131m\u0131n hepsi beraat etti. Ben milletvekili oldu\u011fum i\u00e7in, benimle beraber bir iki milletvekili arkada\u015f\u0131m daha var, bizim dosyalar\u0131m\u0131z rafta bekliyor. Di\u011fer arkada\u015flar\u0131m\u0131n hepsi \u00fcst mahkeme kararlar\u0131 da dahil beraat etmi\u015ftir ve bitmi\u015ftir&#8230; Ve bunu Say\u0131n Bah\u00e7eli kullan\u0131p duruyor. Ay\u0131pt\u0131r&#8230;&#8221; dedi.<\/p>\n<p style=\"text-align: justify;\"><strong><em>&#8220;Siyaset ciddiyet ister&#8221;<\/em><\/strong><\/p>\n<p style=\"text-align: justify;\">Askerlerin sivil mahkemelerde yarg\u0131lanmas\u0131na olanak sa\u011flayan yasan\u0131n \u00e7\u0131k\u0131\u015f s\u00fcrecine de\u011finen Erdo\u011fan, &#8220;Parlamento kapanmadan \u00f6nce gece yar\u0131lar\u0131na kadar devam eden bir \u00e7al\u0131\u015fma oldu. O gece bir kanun \u00e7\u0131kt\u0131. Bu kanun oybirli\u011fiyle \u00e7\u0131kt\u0131. \u00d6nergeyi b\u00fct\u00fcn partiler g\u00f6rd\u00fc, okudu, bakt\u0131, m\u00fczakere etti. Benim grup ba\u015fkanvekili arkada\u015flar\u0131mla da m\u00fczakere ettiler. Konuyu biliyorlar, \u00f6\u011frendiler; ne var, ne yok hepsini biliyorlar. \u0130\u015f oylamaya geldi, oylamaya geldi\u011finde de oturumu y\u00f6neten meclis ba\u015fkanvekili soruyor tabii. Hepsi oy birli\u011fiyle kabul ettiler. Oy birli\u011fiyle o kanun ge\u00e7ti. Ertesi g\u00fcn bile uyanamad\u0131lar, halen uyuyorlard\u0131. Bir g\u00fcn sonra orada, &#8216;kabul edenler&#8217; dendi\u011finde, elini kald\u0131ran zat bas\u0131n toplant\u0131s\u0131 yap\u0131yor, &#8216;bizi aldatt\u0131lar&#8217; diyor. Ya sen ne bi\u00e7im hukuk\u00e7usun? Yani bizi aldatt\u0131lar diyorsun. Ben de arkada\u015flar\u0131m\u0131 tebrik ettim. Bu t\u00fcrler bulundu\u011fu s\u00fcrece bizim i\u015fimiz \u00e7ok kolay&#8221; dedi.<\/p>\n<p style=\"text-align: justify;\">Erdo\u011fan, &#8220;Sen de oy verdin CHP olarak, MHP de oy verdi. Oybirli\u011fiyle \u00e7\u0131kt\u0131. Bundan daha g\u00fczel ne olur? Tuttular, d\u00fc\u015f\u00fcn\u00fcn oybirli\u011fiyle \u00e7\u0131km\u0131\u015f olan bu kanunu \u015fimdi Anayasa Mahkemesi&#8217;ne g\u00f6t\u00fcrd\u00fcler. Anayasa Mahkemesi&#8217;ne g\u00f6t\u00fcrerek, &#8216;bu Anayasan\u0131n filanca maddesine ters&#8217;. Tersse bunu ni\u00e7in parlamentoda s\u00f6ylemediniz? Ni\u00e7in oraya \u00e7\u0131k\u0131p da konu\u015fmad\u0131n\u0131z? Orada &#8216;ters&#8217; demiyorsun, TBMM&#8217;nin grubusun, orada en ufak bir \u015fey s\u00f6ylemiyorsun. \u015eimdi \u00e7\u0131k\u0131yorsun bir genel ba\u015fkan olarak, &#8216;bu, Anayasa&#8217;n\u0131n 145. maddesine ters&#8217;. Ay\u0131pt\u0131r ya, bu i\u015fler biraz ciddiyet ister. Siyaset ciddiyet ister, ciddiyet. Kararl\u0131l\u0131k, d\u00fcr\u00fcstl\u00fck ister. B\u00f6yle yalpalayan siyaset olmaz&#8221; dedi.<\/p>\n<p style=\"text-align: justify;\"><strong><em>&#8220;Milletten daha b\u00fcy\u00fck \u015fahit olur mu?&#8221;<\/em><\/strong><\/p>\n<p style=\"text-align: justify;\">G\u00f6revlerini yapt\u0131klar\u0131n\u0131 ve bundan sonra da yapmaya ayn\u0131 kararl\u0131l\u0131kla devam edeceklerini vurgulayan Erdo\u011fan, &#8220;Biz siyaset yap\u0131yoruz. Bu i\u015fte alavere, dalavere yok. Bu siyasettir. B\u00fct\u00fcn medya kameralar\u0131 bunun \u015fahidi. &#8216;Kabul edenler, etmeyenler&#8217; diye sordu\u011funda, CHP grubunun nas\u0131l ellerini kald\u0131rd\u0131\u011f\u0131 ortada. MHP&#8217;nin nas\u0131l ellerini kald\u0131rd\u0131\u011f\u0131 ortada. Di\u011ferlerinin ellerini kald\u0131r\u0131p, kald\u0131rmad\u0131\u011f\u0131 ortada. Art\u0131k televizyon var. Ka\u00e7\u0131namazs\u0131n\u0131z, istendi\u011fi zaman bunlar\u0131 tekrar televizyondan g\u00f6steririz. Onlar bu i\u015fin \u015fahidi. Sa\u011fa sola yalpalama, yok \u00f6yle \u015fey. Medyada bunu g\u00f6steririz, \u015fahitler ortada. Buna ra\u011fmen &#8216;\u015f\u00f6yle olmu\u015f, b\u00f6yle olmu\u015f&#8217;. Millet \u015fahit. Milletten daha b\u00fcy\u00fck \u015fahit olur mu? Olmaz. \u00c7ok partili hayat ba\u015flad\u0131\u011f\u0131 zaman, CHP bunu iyi bilir, rahmetli Menderes ne dedi? &#8216;Yeter, s\u00f6z milletindir&#8217; dedi. Biz buna &#8216;yeter, karar da milletindir&#8217; dedik&#8221; diye konu\u015ftu.<\/p>\n<p style=\"text-align: justify;\"><strong><em>&#8220;33 kere Anayasa Mahkemesi&#8217;ne gitti&#8221;<\/em><\/strong><\/p>\n<p style=\"text-align: justify;\">TBMM&#8217;nin 23. d\u00f6neminde CHP&#8217;nin Anayasa Mahkemesi&#8217;nin kap\u0131s\u0131na 33 kez gitti\u011fini anlatan Erdo\u011fan, &#8220;Cumhuriyet tarihinde b\u00f6yle bir siyasi parti yok. Yat\u0131yor, kalk\u0131yor Anayasa Mahkemesi&#8217;nin kap\u0131s\u0131nda. Herhalde Anayasa Mahkemesi de b\u0131km\u0131\u015ft\u0131r. \u00c7\u00fcnk\u00fc CHP&#8217;nin m\u00fcracaat\u0131ndan ba\u015fka bak\u0131lacak dosya kalmad\u0131. Bu hale getirdiler i\u015fi. Ciddiyet ister bu i\u015f, bu kadar olmaz. Bunlar\u0131n siyasetten anlad\u0131\u011f\u0131 engel olmak, ta\u015f koymak, sorun \u00e7\u0131karmak, kriz \u00fcretmek. Bunlar\u0131n siyaset anlay\u0131\u015f\u0131 bu, kriz&#8230; Biz 81 vilayetimizi hizmetlerle, eserlerle donat\u0131rken, muhalefet Ankara&#8217;da engel \u00e7\u0131karman\u0131n gayreti i\u00e7erisinde. Biz her platformda hakk\u0131 savunurken, hakl\u0131y\u0131 savunurken, mazlumlar\u0131n yan\u0131nda dimdik dururken, muhalefet istismar siyasetinin pe\u015finde. Yap\u0131lan i\u015f bu&#8221; dedi.<\/p>\n<p style=\"text-align: justify;\"><span style=\"color: #888888;\">CNN T\u00dcRK<\/span><\/p>\n","protected":false},"excerpt":{"rendered":"<p style=\"text-align: center;\">\n<p style=\"text-align: justify;\">Ba\u015fbakan Recep Tayyip Erdo\u011fan, bug\u00fcn Konya&#8217;da h\u0131zl\u0131 trenin ilk ray kayna\u011f\u0131n\u0131 yapt\u0131klar\u0131n\u0131 an\u0131msatarak, kendilerinden \u00f6nce 40 y\u0131l boyunca bir metre ray d\u00f6\u015fenmedi\u011fini ifade etti ve ekledi: &#8220;Hani bunlar diyor ya, &#8216;Biz Atat\u00fcrk\u00e7\u00fcy\u00fcz, filan&#8217;. Atat\u00fcrk kalksa, bunlar\u0131n hepsini mezara g\u00f6mer.&#8221;<\/p>\n<p style=\"text-align: justify;\">Ba\u015fbakan Erdo\u011fan, Sel\u00e7uklu Belediyesi Spor Salonu&#8217;nda d\u00fczenlenen AK Parti <\/p>\n","protected":false},"author":1,"featured_media":0,"comment_status":"open","ping_status":"closed","sticky":false,"template":"","format":"standard","meta":{"footnotes":""},"categories":[105],"tags":[],"class_list":["post-11596","post","type-post","status-publish","format-standard","hentry","category-gundem","odd"],"_links":{"self":[{"href":"http:\/\/www.korhanyilmaz.com\/index.php?rest_route=\/wp\/v2\/posts\/11596","targetHints":{"allow":["GET"]}}],"collection":[{"href":"http:\/\/www.korhanyilmaz.com\/index.php?rest_route=\/wp\/v2\/posts"}],"about":[{"href":"http:\/\/www.korhanyilmaz.com\/index.php?rest_route=\/wp\/v2\/types\/post"}],"author":[{"embeddable":true,"href":"http:\/\/www.korhanyilmaz.com\/index.php?rest_route=\/wp\/v2\/users\/1"}],"replies":[{"embeddable":true,"href":"http:\/\/www.korhanyilmaz.com\/index.php?rest_route=%2Fwp%2Fv2%2Fcomments&post=11596"}],"version-history":[{"count":0,"href":"http:\/\/www.korhanyilmaz.com\/index.php?rest_route=\/wp\/v2\/posts\/11596\/revisions"}],"wp:attachment":[{"href":"http:\/\/www.korhanyilmaz.com\/index.php?rest_route=%2Fwp%2Fv2%2Fmedia&parent=11596"}],"wp:term":[{"taxonomy":"category","embeddable":true,"href":"http:\/\/www.korhanyilmaz.com\/index.php?rest_route=%2Fwp%2Fv2%2Fcategories&post=11596"},{"taxonomy":"post_tag","embeddable":true,"href":"http:\/\/www.korhanyilmaz.com\/index.php?rest_route=%2Fwp%2Fv2%2Ftags&post=11596"}],"curies":[{"name":"wp","href":"https:\/\/api.w.org\/{rel}","templated":true}]}}