{"id":11591,"date":"2009-07-17T19:35:28","date_gmt":"2009-07-17T16:35:28","guid":{"rendered":"http:\/\/www.korhanyilmaz.com\/?p=11591"},"modified":"2009-07-17T19:35:28","modified_gmt":"2009-07-17T16:35:28","slug":"orman-yangini-yerlesim-yerlerini-tehdit-ediyor","status":"publish","type":"post","link":"http:\/\/www.korhanyilmaz.com\/?p=11591","title":{"rendered":"Orman yang\u0131n\u0131 yerle\u015fim yerlerini tehdit ediyor"},"content":{"rendered":"<p><img loading=\"lazy\" decoding=\"async\" class=\"aligncenter size-full wp-image-11592\" src=\"http:\/\/www.korhanyilmaz.com\/wp-content\/uploads\/2009\/07\/yang\u0131n.jpg\" alt=\"\" width=\"292\" height=\"194\" \/><\/p>\n<p style=\"text-align: justify;\">\u0130zmir&#8217;in Bornova il\u00e7esine ba\u011fl\u0131 \u00c7i\u00e7eklik\u00f6y mevkii piknik alan\u0131nda, k\u0131z\u0131l\u00e7am orman\u0131nda \u00e7\u0131kan ve r\u00fczgar\u0131n etkisiyle Bornova&#8217;ya do\u011fru ilerleyen yang\u0131n, Evka 3 yerle\u015fim yerine ula\u015ft\u0131. 200 hektarl\u0131k alanda etkili olan yang\u0131n, 1 eve hasar verdi.<\/p>\n<p style=\"text-align: justify;\">B\u00f6lgeye gelen sivil savunma ekipleri, Evka 3&#8217;te ya\u015fayanlar\u0131 yang\u0131n nedeniyle \u00f6nlem almalar\u0131 konusunda anonsla uyar\u0131rken, vatanda\u015flar evlerinin yak\u0131n\u0131na kadar gelen yang\u0131n\u0131n, konutlar\u0131na ula\u015fmamas\u0131 i\u00e7in bidonlarla yang\u0131na m\u00fcdahale etmeye \u00e7al\u0131\u015f\u0131yor.<\/p>\n<p style=\"text-align: justify;\">Helikopter ve u\u00e7aklar, \u00c7i\u00e7eklik\u00f6y&#8217;\u00fcn yan\u0131 s\u0131ra Evka 3 b\u00f6lgesine de su atmaya ba\u015flad\u0131.<!--more--><\/p>\n<p style=\"text-align: justify;\">B\u00f6lgeyi yo\u011fun duman kaplarken, baz\u0131 \u00e7evre sakinleri duman ve alevler nedeniyle tela\u015fa kap\u0131larak, yetkililerden bu y\u00f6nde telkin gelmemesine ra\u011fmen evlerini terk ediyor.<\/p>\n<p style=\"text-align: justify;\">\u00d6te yandan Manisa-\u0130zmir karayolunda seyreden ve yang\u0131n\u0131n s\u00f6nd\u00fcrme \u00e7al\u0131\u015fmalar\u0131n\u0131 izlemek i\u00e7in yolun kenar\u0131na park eden ara\u00e7lar, polis ekipleri taraf\u0131ndan bekleme yapmamalar\u0131 konusunda uyar\u0131l\u0131yor.<\/p>\n<p style=\"text-align: justify;\">\u0130zmir Vali Vekili Ardahan Totuk, yang\u0131n\u0131n yerle\u015fim alanlar\u0131na yakla\u015fmadan s\u00f6nd\u00fcr\u00fclmesi i\u00e7in havadan ve karadan yo\u011fun bir \u00e7al\u0131\u015fma y\u00fcr\u00fct\u00fcld\u00fc\u011f\u00fcn\u00fc s\u00f6yledi.<\/p>\n<p style=\"text-align: justify;\">Kendisinin de olay yerinde bulundu\u011funu kaydeden Totuk, &#8220;\u015eu anda konutlar\u0131n tahliyesiyle ilgili bir \u00e7al\u0131\u015fma yok&#8221; dedi.<\/p>\n<p style=\"text-align: justify;\">Yang\u0131na 25 araz\u00f6z, 5 u\u00e7ak, 6 helikopter ile \u00e7ok say\u0131da yer ekibi m\u00fcdahale ediyor.<\/p>\n<p style=\"text-align: justify;\"><strong>R\u00fczgar\u0131n etkisiyle yay\u0131l\u0131yor <\/strong><\/p>\n<p style=\"text-align: justify;\">R\u00fczgar\u0131n etkisiyle h\u0131zla yay\u0131lan yang\u0131n, Bornova&#8217;ya do\u011fru ilerliyor. \u0130l\u00e7enin \u00fczeri, yang\u0131n\u0131n neden oldu\u011fu dumanla kapland\u0131.<\/p>\n<p style=\"text-align: justify;\">\u00d6te yandan, yang\u0131n\u0131n kontrol alt\u0131na al\u0131nabilmesi i\u00e7in \u00e7evre illerden takviye yer ekibi ve u\u00e7ak istendi\u011fi, \u0130zmir B\u00fcy\u00fck\u015fehir Belediyesi ve \u00e7evre belediyelerden gelen araz\u00f6zlerin su takviyesinde bulundu\u011fu bildirildi.<\/p>\n<p style=\"text-align: justify;\"><span style=\"color: #888888;\">CNN T\u00dcRK<\/span><\/p>\n","protected":false},"excerpt":{"rendered":"<\/p>\n<p style=\"text-align: justify;\">\u0130zmir&#8217;in Bornova il\u00e7esine ba\u011fl\u0131 \u00c7i\u00e7eklik\u00f6y mevkii piknik alan\u0131nda, k\u0131z\u0131l\u00e7am orman\u0131nda \u00e7\u0131kan ve r\u00fczgar\u0131n etkisiyle Bornova&#8217;ya do\u011fru ilerleyen yang\u0131n, Evka 3 yerle\u015fim yerine ula\u015ft\u0131. 200 hektarl\u0131k alanda etkili olan yang\u0131n, 1 eve hasar verdi.<\/p>\n<p style=\"text-align: justify;\">B\u00f6lgeye gelen sivil savunma ekipleri, Evka 3&#8217;te ya\u015fayanlar\u0131 yang\u0131n nedeniyle \u00f6nlem almalar\u0131 konusunda anonsla uyar\u0131rken, vatanda\u015flar evlerinin <\/p>\n","protected":false},"author":1,"featured_media":0,"comment_status":"open","ping_status":"closed","sticky":false,"template":"","format":"standard","meta":{"footnotes":""},"categories":[105],"tags":[],"class_list":["post-11591","post","type-post","status-publish","format-standard","hentry","category-gundem","odd"],"_links":{"self":[{"href":"http:\/\/www.korhanyilmaz.com\/index.php?rest_route=\/wp\/v2\/posts\/11591","targetHints":{"allow":["GET"]}}],"collection":[{"href":"http:\/\/www.korhanyilmaz.com\/index.php?rest_route=\/wp\/v2\/posts"}],"about":[{"href":"http:\/\/www.korhanyilmaz.com\/index.php?rest_route=\/wp\/v2\/types\/post"}],"author":[{"embeddable":true,"href":"http:\/\/www.korhanyilmaz.com\/index.php?rest_route=\/wp\/v2\/users\/1"}],"replies":[{"embeddable":true,"href":"http:\/\/www.korhanyilmaz.com\/index.php?rest_route=%2Fwp%2Fv2%2Fcomments&post=11591"}],"version-history":[{"count":0,"href":"http:\/\/www.korhanyilmaz.com\/index.php?rest_route=\/wp\/v2\/posts\/11591\/revisions"}],"wp:attachment":[{"href":"http:\/\/www.korhanyilmaz.com\/index.php?rest_route=%2Fwp%2Fv2%2Fmedia&parent=11591"}],"wp:term":[{"taxonomy":"category","embeddable":true,"href":"http:\/\/www.korhanyilmaz.com\/index.php?rest_route=%2Fwp%2Fv2%2Fcategories&post=11591"},{"taxonomy":"post_tag","embeddable":true,"href":"http:\/\/www.korhanyilmaz.com\/index.php?rest_route=%2Fwp%2Fv2%2Ftags&post=11591"}],"curies":[{"name":"wp","href":"https:\/\/api.w.org\/{rel}","templated":true}]}}