{"id":11587,"date":"2009-07-17T17:11:15","date_gmt":"2009-07-17T15:11:15","guid":{"rendered":"http:\/\/www.korhanyilmaz.com\/?p=11587"},"modified":"2009-07-17T17:11:15","modified_gmt":"2009-07-17T15:11:15","slug":"kilicdaroglundan-adalet-bakanina-hsyk-suclamasi","status":"publish","type":"post","link":"http:\/\/www.korhanyilmaz.com\/?p=11587","title":{"rendered":"K\u0131l\u0131\u00e7daro\u011flu&#039;ndan Adalet Bakan\u0131&#039;na HSYK su\u00e7lamas\u0131"},"content":{"rendered":"<div id=\"attachment_11588\" style=\"width: 302px\" class=\"wp-caption aligncenter\"><a href=\"http:\/\/www.korhanyilmaz.com\/wp-content\/uploads\/2009\/07\/KILICDAROGLU.jpg\"  class=\"lightview\"><img loading=\"lazy\" decoding=\"async\" aria-describedby=\"caption-attachment-11588\" class=\"size-full wp-image-11588\" title=\"Kemal K\u0131l\u0131\u00e7daro\u011flu\" src=\"http:\/\/www.korhanyilmaz.com\/wp-content\/uploads\/2009\/07\/KILICDAROGLU.jpg\" alt=\"Kemal K\u0131l\u0131\u00e7daro\u011flu\" width=\"292\" height=\"194\" \/><\/a><p id=\"caption-attachment-11588\" class=\"wp-caption-text\">Kemal K\u0131l\u0131\u00e7daro\u011flu<\/p><\/div>\n<p style=\"text-align: justify;\">CHP, tart\u0131\u015fma yaratan Hakimler ve Savc\u0131lar Y\u00fcksek Kurulu kararnamesinde Adalet Bakan\u0131 Sadullah Ergin&#8217;e y\u00fcklendi. CHP Grup Ba\u015fkanvekili Kemal K\u0131l\u0131\u00e7daro\u011flu, Adalet Bakan\u0131 Ergin i\u00e7in, &#8220;Say\u0131n Bakan, HSYK \u00fcyelerine psikolojik bask\u0131 kuracakm\u0131\u015f gibi bir hava i\u00e7inde&#8221; dedi.<\/p>\n<p style=\"text-align: justify;\">Kemal K\u0131l\u0131\u00e7daro\u011flu, Hakimler ve Savc\u0131lar Y\u00fcksek Kurulu \u00fcyelerinin \u00f6zg\u00fcr iradeleriyle karar verece\u011fini belirtti.<\/p>\n<p style=\"text-align: justify;\">Adalet Bakan\u0131 Ergin&#8217;i ele\u015ftiren Kl\u0131\u00e7daro\u011flu, &#8220;Kurul \u00fcyeleri oturacaklar, Adalet Bakanl\u0131\u011f\u0131&#8217;n\u0131n ve yarg\u0131n\u0131n yerle\u015fik geleneklerine, kurallar\u0131na g\u00f6re atama yapacaklar&#8221; dedi. <!--more--><\/p>\n<p style=\"text-align: justify;\">K\u0131l\u0131\u00e7daro\u011flu, askerlere sivil yarg\u0131 yolunu a\u00e7an d\u00fczenleme konusunda Yarg\u0131tay Ba\u015fkan\u0131 Hasan Ger\u00e7ekler ile Ba\u015fbakan Yard\u0131mc\u0131s\u0131 Cemil \u00c7i\u00e7ek aras\u0131nda ya\u015fanan &#8220;a\u00e7\u0131klama&#8221; tart\u0131\u015fmas\u0131n\u0131 da de\u011ferlendirdi.<\/p>\n<p style=\"text-align: justify;\">CHP Grup Ba\u015fkanvekili, &#8220;Say\u0131n Ger\u00e7eker, her uzat\u0131lan mikrofona konu\u015fan bir ki\u015fi de\u011fil. Ama her uzat\u0131lan mikrofona konu\u015fan ki\u015finin Cemil \u00c7i\u00e7ek oldu\u011funu \u00e7ok iyi biliyoruz&#8221; diye konu\u015ftu.<\/p>\n<p style=\"text-align: justify;\"><span style=\"color: #888888;\">CNN T\u00dcRK<\/span><\/p>\n","protected":false},"excerpt":{"rendered":"<p id=\"caption-attachment-11588\" class=\"wp-caption-text\">Kemal K\u0131l\u0131\u00e7daro\u011flu<\/p>\n<p style=\"text-align: justify;\">CHP, tart\u0131\u015fma yaratan Hakimler ve Savc\u0131lar Y\u00fcksek Kurulu kararnamesinde Adalet Bakan\u0131 Sadullah Ergin&#8217;e y\u00fcklendi. CHP Grup Ba\u015fkanvekili Kemal K\u0131l\u0131\u00e7daro\u011flu, Adalet Bakan\u0131 Ergin i\u00e7in, &#8220;Say\u0131n Bakan, HSYK \u00fcyelerine psikolojik bask\u0131 kuracakm\u0131\u015f gibi bir hava i\u00e7inde&#8221; dedi.<\/p>\n<p style=\"text-align: justify;\">Kemal K\u0131l\u0131\u00e7daro\u011flu, Hakimler ve Savc\u0131lar Y\u00fcksek Kurulu \u00fcyelerinin \u00f6zg\u00fcr iradeleriyle karar verece\u011fini <\/p>\n","protected":false},"author":1,"featured_media":0,"comment_status":"open","ping_status":"closed","sticky":false,"template":"","format":"standard","meta":{"footnotes":""},"categories":[105],"tags":[],"class_list":["post-11587","post","type-post","status-publish","format-standard","hentry","category-gundem","odd"],"_links":{"self":[{"href":"http:\/\/www.korhanyilmaz.com\/index.php?rest_route=\/wp\/v2\/posts\/11587","targetHints":{"allow":["GET"]}}],"collection":[{"href":"http:\/\/www.korhanyilmaz.com\/index.php?rest_route=\/wp\/v2\/posts"}],"about":[{"href":"http:\/\/www.korhanyilmaz.com\/index.php?rest_route=\/wp\/v2\/types\/post"}],"author":[{"embeddable":true,"href":"http:\/\/www.korhanyilmaz.com\/index.php?rest_route=\/wp\/v2\/users\/1"}],"replies":[{"embeddable":true,"href":"http:\/\/www.korhanyilmaz.com\/index.php?rest_route=%2Fwp%2Fv2%2Fcomments&post=11587"}],"version-history":[{"count":0,"href":"http:\/\/www.korhanyilmaz.com\/index.php?rest_route=\/wp\/v2\/posts\/11587\/revisions"}],"wp:attachment":[{"href":"http:\/\/www.korhanyilmaz.com\/index.php?rest_route=%2Fwp%2Fv2%2Fmedia&parent=11587"}],"wp:term":[{"taxonomy":"category","embeddable":true,"href":"http:\/\/www.korhanyilmaz.com\/index.php?rest_route=%2Fwp%2Fv2%2Fcategories&post=11587"},{"taxonomy":"post_tag","embeddable":true,"href":"http:\/\/www.korhanyilmaz.com\/index.php?rest_route=%2Fwp%2Fv2%2Ftags&post=11587"}],"curies":[{"name":"wp","href":"https:\/\/api.w.org\/{rel}","templated":true}]}}