{"id":11583,"date":"2009-07-17T17:09:21","date_gmt":"2009-07-17T14:09:21","guid":{"rendered":"http:\/\/www.korhanyilmaz.com\/?p=11583"},"modified":"2009-07-17T17:09:21","modified_gmt":"2009-07-17T14:09:21","slug":"paksute-sorusturma-acilmiyor","status":"publish","type":"post","link":"http:\/\/www.korhanyilmaz.com\/?p=11583","title":{"rendered":"Paks\u00fct&#039;e soru\u015fturma a\u00e7\u0131lm\u0131yor!"},"content":{"rendered":"<p style=\"text-align: center;\"><img loading=\"lazy\" decoding=\"async\" class=\"size-full wp-image-11584 aligncenter\" title=\"Osman Paks\u00fct \" src=\"http:\/\/www.korhanyilmaz.com\/wp-content\/uploads\/2009\/07\/PAKS\u00dcT.jpg\" alt=\"\" width=\"292\" height=\"224\" \/><\/p>\n<p style=\"text-align: justify;\">Anayasa Mahkemesi, mahkemenin ba\u015fkanvekili Osman Paks\u00fct hakk\u0131nda soru\u015fturma a\u00e7\u0131lmas\u0131na gerek olmad\u0131\u011f\u0131na karar verdi. Karar, 1&#8217;e kar\u015f\u0131 10 oyla al\u0131nd\u0131.<\/p>\n<p style=\"text-align: justify;\">Y\u00fcksek mahkeme d\u00fcn, tarihinde ilk kez bir \u00fcyesi hakk\u0131ndaki soru\u015fturma istemini karara ba\u011flad\u0131. Oylaman\u0131n sonucu bug\u00fcn Paks\u00fct&#8217;e tebli\u011f edildi ve a\u00e7\u0131kland\u0131.<\/p>\n<p style=\"text-align: justify;\">Osman Paks\u00fct hakk\u0131ndaki soru\u015fturma istemi, Ergenekon soru\u015fturmas\u0131 kapsam\u0131nda ter\u00f6r \u00f6rg\u00fct\u00fcne yard\u0131m etmekle su\u00e7lanan e\u015fi Ferda Paks\u00fct&#8217;\u00fcn dinlemeye al\u0131nan telefonlar\u0131yla baz\u0131 Ergenekon san\u0131klar\u0131 ve gazetecilerle g\u00f6r\u00fc\u015ft\u00fc\u011f\u00fc saptand\u0131\u011f\u0131 i\u00e7in yap\u0131lm\u0131\u015ft\u0131. <!--more--><\/p>\n<p style=\"text-align: justify;\">Ergenekon savc\u0131s\u0131 Zekeriya \u00d6z, Osman Paks\u00fct hakk\u0131ndaki belge ve bilgileri soru\u015fturulmas\u0131 istemiyle Anayasa Mahkemesi Ba\u015fkan\u0131 Ha\u015fim K\u0131l\u0131\u00e7&#8217;a g\u00f6ndermi\u015fti.<\/p>\n<p style=\"text-align: justify;\">K\u0131l\u0131\u00e7 da, Anayasa Mahkemesi \u00fcyelerinden birini g\u00f6revlendirerek, Osman Paks\u00fct hakk\u0131ndaki delilleri soru\u015fturmas\u0131n\u0131 istemi\u015fti.<\/p>\n<p style=\"text-align: justify;\">G\u00f6revlendirilen \u00fcye d\u00fcn raporunu tamamlad\u0131 ve Anayasa Mahkemesi&#8217;ne sundu.<\/p>\n<p style=\"text-align: justify;\">Mahkeme heyeti de topland\u0131 ve haz\u0131rlanan raporu oylayarak Osman Paks\u00fct hakk\u0131nda soru\u015fturma a\u00e7\u0131l\u0131p a\u00e7\u0131lmayaca\u011f\u0131na karar verdi.<\/p>\n<p style=\"text-align: justify;\">Al\u0131nan karar bug\u00fcn Paks\u00fct&#8217;e tebli\u011f edildi.<\/p>\n<p style=\"text-align: justify;\"><span style=\"color: #888888;\">CNN T\u00dcRK<\/span><\/p>\n","protected":false},"excerpt":{"rendered":"<p style=\"text-align: center;\">\n<p style=\"text-align: justify;\">Anayasa Mahkemesi, mahkemenin ba\u015fkanvekili Osman Paks\u00fct hakk\u0131nda soru\u015fturma a\u00e7\u0131lmas\u0131na gerek olmad\u0131\u011f\u0131na karar verdi. Karar, 1&#8217;e kar\u015f\u0131 10 oyla al\u0131nd\u0131.<\/p>\n<p style=\"text-align: justify;\">Y\u00fcksek mahkeme d\u00fcn, tarihinde ilk kez bir \u00fcyesi hakk\u0131ndaki soru\u015fturma istemini karara ba\u011flad\u0131. Oylaman\u0131n sonucu bug\u00fcn Paks\u00fct&#8217;e tebli\u011f edildi ve a\u00e7\u0131kland\u0131.<\/p>\n<p style=\"text-align: justify;\">Osman Paks\u00fct hakk\u0131ndaki soru\u015fturma istemi, Ergenekon <\/p>\n","protected":false},"author":1,"featured_media":0,"comment_status":"open","ping_status":"closed","sticky":false,"template":"","format":"standard","meta":{"footnotes":""},"categories":[105],"tags":[],"class_list":["post-11583","post","type-post","status-publish","format-standard","hentry","category-gundem","odd"],"_links":{"self":[{"href":"http:\/\/www.korhanyilmaz.com\/index.php?rest_route=\/wp\/v2\/posts\/11583","targetHints":{"allow":["GET"]}}],"collection":[{"href":"http:\/\/www.korhanyilmaz.com\/index.php?rest_route=\/wp\/v2\/posts"}],"about":[{"href":"http:\/\/www.korhanyilmaz.com\/index.php?rest_route=\/wp\/v2\/types\/post"}],"author":[{"embeddable":true,"href":"http:\/\/www.korhanyilmaz.com\/index.php?rest_route=\/wp\/v2\/users\/1"}],"replies":[{"embeddable":true,"href":"http:\/\/www.korhanyilmaz.com\/index.php?rest_route=%2Fwp%2Fv2%2Fcomments&post=11583"}],"version-history":[{"count":0,"href":"http:\/\/www.korhanyilmaz.com\/index.php?rest_route=\/wp\/v2\/posts\/11583\/revisions"}],"wp:attachment":[{"href":"http:\/\/www.korhanyilmaz.com\/index.php?rest_route=%2Fwp%2Fv2%2Fmedia&parent=11583"}],"wp:term":[{"taxonomy":"category","embeddable":true,"href":"http:\/\/www.korhanyilmaz.com\/index.php?rest_route=%2Fwp%2Fv2%2Fcategories&post=11583"},{"taxonomy":"post_tag","embeddable":true,"href":"http:\/\/www.korhanyilmaz.com\/index.php?rest_route=%2Fwp%2Fv2%2Ftags&post=11583"}],"curies":[{"name":"wp","href":"https:\/\/api.w.org\/{rel}","templated":true}]}}