{"id":11572,"date":"2009-07-17T13:26:29","date_gmt":"2009-07-17T10:26:29","guid":{"rendered":"http:\/\/www.korhanyilmaz.com\/?p=11572"},"modified":"2009-07-17T13:26:29","modified_gmt":"2009-07-17T10:26:29","slug":"rtukun-yeni-baskani-dursun-2","status":"publish","type":"post","link":"http:\/\/www.korhanyilmaz.com\/?p=11572","title":{"rendered":"RT\u00dcK&#039;\u00fcn yeni ba\u015fkan\u0131 Dursun"},"content":{"rendered":"<div id=\"attachment_11573\" style=\"width: 214px\" class=\"wp-caption alignleft\"><img loading=\"lazy\" decoding=\"async\" aria-describedby=\"caption-attachment-11573\" class=\"size-full wp-image-11573\" style=\"margin: 5px;\" title=\"dursun2\" src=\"http:\/\/www.korhanyilmaz.com\/wp-content\/uploads\/2009\/07\/dursun2.jpg\" alt=\"dursun2\" width=\"204\" height=\"221\" \/><p id=\"caption-attachment-11573\" class=\"wp-caption-text\">Davut Dursun (sa\u011fda), Ba\u015fbakan Yard\u0131mc\u0131s\u0131 B\u00fclent Ar\u0131n\u00e7 ile g\u00f6r\u00fcl\u00fcyor..<\/p><\/div>\n<p style=\"text-align: justify;\">Radyo Televizyon \u00dcst Kurulu&#8217;nun (RT\u00dcK) yeni ba\u015fkan\u0131 AKP kontenjan\u0131ndan Prof. Dr. Davut Dursun oldu. Yap\u0131lan oylamada Prof. Dursun 7 oyla ba\u015fkan se\u00e7ildi.<\/p>\n<p style=\"text-align: justify;\">RT\u00dcK ba\u015fkanl\u0131\u011f\u0131na se\u00e7ilen Prof. Dr. Davut Dursun, &#8220;\u00d6n\u00fcm\u00fczdeki d\u00f6nemde, \u00f6ncelikli konumuz, RT\u00dcK yasas\u0131n\u0131 AB ve Avrupa Parlamentosu&#8217;nun yay\u0131nlad\u0131\u011f\u0131 g\u00f6rsel i\u015fitsel medya direktifi \u00e7er\u00e7evesi i\u00e7inde uyumla\u015ft\u0131r\u0131lmas\u0131na y\u00f6nelik olarak \u00e7al\u0131\u015fma olacak&#8221; dedi.<\/p>\n<p style=\"text-align: justify;\">Dursun, ba\u015fkanl\u0131k se\u00e7iminin ard\u0131ndan RT\u00dcK Konferans Salonu&#8217;nda d\u00fczenlenen bas\u0131n toplant\u0131s\u0131nda yapt\u0131\u011f\u0131 konu\u015fmada, RT\u00dcK&#8217;\u00fcn kuruldu\u011fu tarihten bu yana \u00e7e\u015fitli ba\u015fbakan ve ba\u015fkan vekilleriyle \u00e7al\u0131\u015ft\u0131\u011f\u0131n\u0131, kendisinin de 9. ba\u015fkan oldu\u011funu s\u00f6yledi.<\/p>\n<p style=\"text-align: justify;\">Ba\u015fkan ve ba\u015fkan vekillerinin 2 y\u0131l i\u00e7in se\u00e7ildi\u011fini hat\u0131rlatan Akman&#8217;\u0131n yeni d\u00f6nemde aday olamayaca\u011f\u0131n\u0131 a\u00e7\u0131klamas\u0131 \u00fczerine \u00fcst kurul \u00fcyelerinin kendisini ba\u015fkan, Prof. Dr. \u0130lhan Yerlikaya&#8217;y\u0131 ise ba\u015fkanvekilli\u011fine se\u00e7ti\u011fini dile getirdi.<\/p>\n<p style=\"text-align: justify;\">Zahid Akman&#8217;\u0131n RT\u00dcK \u00fcyesi olarak g\u00f6revine devam edece\u011fini belirten Dursun, &#8220;Akman&#8217;\u0131n katk\u0131lar\u0131n\u0131 \u015fimdiye kadarki tecr\u00fcbelerini kullanaca\u011f\u0131z. O bak\u0131mdan kendisine bir kez daha te\u015fekk\u00fcr etmek istiyorum&#8221; dedi. <!--more--><\/p>\n<p style=\"text-align: justify;\">RT\u00dcK&#8217;\u00fcn T\u00fcrkiye&#8217;nin tan\u0131\u015ft\u0131\u011f\u0131 ilk \u00f6zerk kurullar\u0131ndan birisi oldu\u011funu anlatan Dursun, kurulun g\u00f6rsel ve i\u015fitsel yay\u0131nc\u0131l\u0131k sekt\u00f6r\u00fcn\u00fcn denetlemesinden ve d\u00fczenlemesinden sorumlu oldu\u011funu s\u00f6yledi.<\/p>\n<p style=\"text-align: justify;\">Bu sekt\u00f6r\u00fc &#8220;Son derece canl\u0131, teknolojik olarak geli\u015fmeye m\u00fcsait bir sekt\u00f6r&#8221; olarak tan\u0131mlayan Dursun, &#8220;Bu nedenle yap\u0131lan d\u00fczenlemeler k\u0131sa s\u00fcrede demode oluyor ve yeni d\u00fczenlemelerin g\u00fcndeme gelmesi s\u00f6zkonusu oluyor. Bu \u00e7er\u00e7evede yine T\u00fcrkiye&#8217;nin hedefi olan AB&#8217;ye tam \u00fcyelik s\u00fcrecinde de medya sekt\u00f6r\u00fc \u00f6nemli bir yer i\u015fgal ediyor. 35 fas\u0131ldan biri olan bilgi toplumu ve medya fasl\u0131, m\u00fczakereler \u00e7er\u00e7evesinde a\u00e7\u0131lm\u0131\u015f bulunuyor ama hen\u00fcz kapat\u0131lm\u0131\u015f de\u011fil&#8221; dedi.<\/p>\n<p style=\"text-align: justify;\">Dursun, &#8220;Bu \u00e7er\u00e7evede T\u00fcrkiye&#8217;de muhatap kurulu\u015flar olan m\u00fcktesebat\u0131n uyumla\u015ft\u0131r\u0131lmas\u0131 \u00e7er\u00e7evesinde bili\u015fim sekt\u00f6r\u00fcyle ilgili olarak Bilgi Teknolojileri ve \u0130leti\u015fim Kurumu ile Bas\u0131n Yay\u0131n Enformasyan Genel M\u00fcd\u00fcrl\u00fc\u011f\u00fcn\u00fcn gerekli uyumla\u015ft\u0131rma \u00e7al\u0131\u015fmalar\u0131n\u0131 yasal d\u00fczenlemeleri ger\u00e7ekle\u015ftirildi. Ama RT\u00dcK maalesef hen\u00fcz \u00e7al\u0131\u015fmay\u0131 tamamlayamad\u0131. Ama Say\u0131n Ba\u015fkan\u0131m\u0131z\u0131n da ifade etti\u011fi bu \u00e7al\u0131\u015fmalar bir noktaya geldi. \u00d6n\u00fcm\u00fczdeki d\u00f6nemde, san\u0131yorum, \u00f6ncelikli konumuz RT\u00dcK Yasas\u0131&#8217;n\u0131 AB ve Avrupa Parlamentosunun yay\u0131nlad\u0131\u011f\u0131 G\u00f6rsel \u0130\u015fitsel Medya Direktifi \u00c7er\u00e7evesi i\u00e7inde uyumla\u015ft\u0131r\u0131lmas\u0131na y\u00f6nelik \u00e7al\u0131\u015fma olacak&#8221; diye konu\u015ftu.<\/p>\n<p style=\"text-align: justify;\"><strong>Frekans tahsisi<\/strong><\/p>\n<p style=\"text-align: justify;\">T\u00fcrkiye&#8217;nin say\u0131sal yay\u0131nc\u0131l\u0131\u011fa ge\u00e7i\u015fte nispeten geri kald\u0131\u011f\u0131n\u0131 ifade eden Dursun, deneme yay\u0131nlar\u0131n\u0131n ba\u015flamas\u0131na ra\u011fmen yasal bo\u015fluklar nedeniyle bu konuda mesafe al\u0131namad\u0131\u011f\u0131n\u0131 s\u00f6yledi.<\/p>\n<p style=\"text-align: justify;\">Dursun, &#8220;frekans tahsisleriyle ilgili konular\u0131n RT\u00dcK g\u00fcndeminin ba\u015f sayfas\u0131nda olaca\u011f\u0131n\u0131&#8221; kaydetti.<\/p>\n<p style=\"text-align: justify;\">RT\u00dcK&#8217;\u00fcn ba\u011f\u0131ms\u0131z idari otorite oldu\u011funu ve \u00fcyelerinin TBMM taraf\u0131ndan se\u00e7ildi\u011fini vurgulayan Dursun, 28 May\u0131s itibariyle RT\u00dcK \u00fcyelerinin bir k\u0131sm\u0131n\u0131n yenilendi\u011fini hat\u0131rlatt\u0131. Dursun, g\u00f6revleri sona eren Pa\u015fa Ya\u015far ile \u015eaban Sevin\u00e7&#8217;e ve eski ba\u015fkan Akman ile Ba\u015fkanvekili Abdulvahap Darenli&#8217;ye te\u015fekk\u00fcr etti.<\/p>\n<p style=\"text-align: justify;\"><strong>Zahid Akman&#8217;\u0131n veda konu\u015fmas\u0131<\/strong><\/p>\n<p style=\"text-align: justify;\">Eski RT\u00dcK Ba\u015fkan\u0131 Zahid Akman, &#8220;4 y\u0131l birlikte \u00e7al\u0131\u015ft\u0131\u011f\u0131m ve birlikte olmaktan k\u0131van\u00e7 ve \u015feref duydu\u011fum b\u00fcrokrat arkada\u015flar\u0131m&#8221; s\u00f6zleriyle ba\u015flad\u0131\u011f\u0131 konu\u015fmas\u0131nda, toplant\u0131 sonunda yeni ba\u015fkan\u0131n se\u00e7ilmesi nedeniyle &#8220;RT\u00dcK \u00fcyesi olarak bulundu\u011funu&#8221; belirtti.<\/p>\n<p style=\"text-align: justify;\">S\u00fcre\u00e7 i\u00e7inde birlikte \u00e7al\u0131\u015ft\u0131\u011f\u0131 kurul \u00fcyesi, radyo ve televizyon kurulu\u015flar\u0131n\u0131n y\u00f6netici ve \u00e7al\u0131\u015fanlar\u0131na te\u015fekk\u00fcr ederek, h\u00fck\u00fcmetle ili\u015fkileri sa\u011flayan bakanlara, Ba\u015fbakan Recep Tayyip Erdo\u011fan ile Cumhurba\u015fkan\u0131 Abdullah G\u00fcl&#8217;e \u015f\u00fckranlar\u0131n\u0131 sunarak veda konu\u015fmas\u0131na ba\u015flad\u0131.<\/p>\n<p style=\"text-align: justify;\">G\u00f6rev yapt\u0131\u011f\u0131 4 y\u0131ll\u0131k s\u00fcrecin \u00f6zellikle son y\u0131l\u0131nda kendiyle ilgili kamuoyuna yans\u0131t\u0131lan haberler konusunda onlarca a\u00e7\u0131klama yapt\u0131\u011f\u0131n\u0131 hat\u0131rlatan Akman, &#8220;Bu konuyla ilgili \u00e7ok ciddi bir hukuk s\u00fcrecini takip ediyorum ve bir hukuk m\u00fccadelesi s\u00fcrd\u00fcr\u00fcyorum. Bu s\u00fcre\u00e7te yard\u0131mlar\u0131n\u0131 esirgemeyen, bas\u0131n etik ilkelerine uyan ve bu de\u011ferler \u00e7er\u00e7evesinde yay\u0131n yapan ve insanlar\u0131 ma\u011fdur etmemek i\u00e7in gayret sarf eden yay\u0131n kurulu\u015flar\u0131na te\u015fekk\u00fcr ve \u015f\u00fckranlar\u0131m\u0131 sunuyorum&#8221; diye konu\u015ftu.<\/p>\n<p style=\"text-align: justify;\">Hem kendi hayat\u0131 hem de kurul a\u00e7\u0131s\u0131ndan yeni bir ba\u015flang\u0131\u00e7 ya\u015fand\u0131\u011f\u0131n\u0131 dile getiren Akman, hizmetlerine RT\u00dcK \u00fcyesi olarak devam edece\u011fini s\u00f6yledi.<\/p>\n<p style=\"text-align: justify;\">Televizyon Yay\u0131nc\u0131lar\u0131 Derne\u011fi ile RT\u00dcK&#8217;\u00fcn ortakla\u015fa haz\u0131rlad\u0131\u011f\u0131 &#8220;televizyon habercileri i\u00e7in rehber kitap&#8221; adl\u0131 kitap\u00e7\u0131k konusunda bilgi verdi. Bir habercinin yapaca\u011f\u0131 haberde dikkat etmesi gereken etik ilkelerin yer ald\u0131\u011f\u0131 kitap\u00e7\u0131\u011f\u0131, T\u00fcrkiye&#8217;deki t\u00fcm radyo ve televizyon muhabirlerine yetecek kadar bast\u0131rd\u0131klar\u0131n\u0131 bildirdi.<\/p>\n<p style=\"text-align: justify;\">RT\u00dcK Ba\u015fkan\u0131 Dursun, Akman&#8217;a plaket sundu; Akman da Dursun&#8217;a \u00e7i\u00e7ek verdi. Bu arada, RT\u00dcK Ba\u015fkan\u0131 Dursun&#8217;un ilk turda 7 oyla, Ba\u015fkanvekili Yerlikaya&#8217;n\u0131n ise ikinci turda 5 oyla se\u00e7ildi\u011fi \u00f6\u011frenildi.<\/p>\n<p style=\"text-align: justify;\"><strong>H\u00fclya Alp de adayd\u0131<\/strong><\/p>\n<p style=\"text-align: justify;\">CHP kontenjan\u0131ndan H\u00fclya Alp de RT\u00dcK ba\u015fkanl\u0131\u011f\u0131na adayd\u0131. Adaylar kendileri i\u00e7in oy kullanabildi.<\/p>\n<p style=\"text-align: justify;\">Se\u00e7im \u00f6ncesi bir a\u00e7\u0131klama yapan RT\u00dcK Ba\u015fkan\u0131 Zahid Akman, ba\u015fkanl\u0131k i\u00e7in aday olmayaca\u011f\u0131n\u0131 belirterek, &#8220;Benim d\u0131\u015f\u0131mdaki di\u011fer 8 arkada\u015f\u0131n hepsinin aday olma ihtimali var&#8221; demi\u015fti. Deniz Feneri yolsuzlu\u011fuda ad\u0131 ge\u00e7en Akman, 2 y\u0131ld\u0131r RT\u00dcK Ba\u015fkanl\u0131\u011f\u0131 g\u00f6revini y\u00fcr\u00fct\u00fcyordu. Akman&#8217;\u0131n RT\u00dcK \u00fcyeli\u011fi ise s\u00fcrecek.<\/p>\n<p style=\"text-align: justify;\">CHP Genel Ba\u015fkan Yard\u0131mc\u0131s\u0131 Bihlun Tamayl\u0131gil, &#8220;L\u00fctfen kendinizi Zahid Akman ile e\u015fitlemeyin. Hakk\u0131ndaki iddialar nedeniyla ba\u015fkanl\u0131\u011f\u0131 b\u0131rakmak zorunda kalan birinin \u00fcye olarak g\u00f6revini s\u00fcrd\u00fcrmesine boyun e\u011fmeyin&#8221; diyerek RT\u00dcK \u00fcyelerine \u00e7a\u011fr\u0131da bulunmu\u015ftu.<\/p>\n<p style=\"text-align: justify;\">Toplant\u0131ya \u00fcst kurul \u00fcyeli\u011fine yeni se\u00e7ilen Hasan Fendo\u011flu, Davut Dursun ve Esat \u00c7\u0131plak ilk kez kat\u0131ld\u0131.<\/p>\n<p style=\"text-align: justify;\">Toplant\u0131da Adb\u00fclvahap Darendeli&#8217;den bo\u015falan ba\u015fkanvekilli\u011fine de \u0130lhan Yerlikaya se\u00e7ildi.<\/p>\n<p style=\"text-align: justify;\">Eski RT\u00dcK Ba\u015fkan\u0131 Fatih Karaca da, bug\u00fcn CNN T\u00dcRK&#8217;\u00fcn sorular\u0131n\u0131 yan\u0131tlad\u0131.<\/p>\n<p style=\"text-align: justify;\"><strong>Dursun kimdir?<\/strong><\/p>\n<p style=\"text-align: justify;\">Artvin&#8217;in Bor\u00e7ka il\u00e7esinde 1953 y\u0131l\u0131nda do\u011fan Dursun, \u0130stanbul \u00dcniversitesi \u0130leti\u015fim Fak\u00fcltesinde lisans, \u0130ktisat Fak\u00fcltesi Siyaset \u0130lmi Enstit\u00fcs\u00fcnde y\u00fcksek lisans ve Sosyal Bilimler Enstit\u00fcs\u00fcnde doktora \u00f6\u011frenimi g\u00f6rd\u00fc.<\/p>\n<p style=\"text-align: justify;\">Milli E\u011fitim Bakanl\u0131\u011f\u0131&#8217;nda s\u0131n\u0131f \u00f6\u011fretmeni ve okul y\u00f6neticili\u011fi, Uluda\u011f \u00dcniversitesi \u0130ktisadi ve \u0130dari Bilimler Fak\u00fcltesinde Ara\u015ft\u0131rma G\u00f6revlisi olarak \u00e7al\u0131\u015fan Dursun, bir uluslararas\u0131 yay\u0131nc\u0131l\u0131k ve ara\u015ft\u0131rma kurumunda modern d\u00f6nem T\u00fcrk ve \u0130slam d\u00fcnyas\u0131 sahas\u0131nda edit\u00f6rl\u00fck ve ansiklopedi madde yazarl\u0131\u011f\u0131 g\u00f6revlerini y\u00fcr\u00fctt\u00fc.<\/p>\n<p style=\"text-align: justify;\">Dursun, Sakarya \u00dcniversitesi \u0130ktisadi ve \u0130dari Bilimler Fak\u00fcltesi Kamu Y\u00f6netimi B\u00f6l\u00fcm\u00fc Siyaset ve Sosyal Bilimler Ana Bilim Dal\u0131nda da \u00f6\u011fretim \u00fcyeli\u011fi yapt\u0131.<\/p>\n<p style=\"text-align: justify;\">TBMM taraf\u0131ndan 13 Temmuz 2005&#8217;te RT\u00dcK \u00dcyeli\u011fine se\u00e7ilen Dursun&#8217;un, T\u00fcrk siyasal hayat\u0131, modern d\u00f6nemdeki sorunlar ve s\u00fcre\u00e7lerle ilgili yay\u0131mlanm\u0131\u015f \u00e7al\u0131\u015fmalar\u0131, \u00e7evirileri ve ansiklopedi maddeleri bulunuyor.<\/p>\n<p style=\"text-align: justify;\">T\u00fcrk demokrasisinde krizler \u00fczerinde belgesel t\u00fcr\u00fc \u00e7al\u0131\u015fmalar y\u00fcr\u00fcten Dursun&#8217;un &#8220;Osmanl\u0131 Devletinde Siyaset ve Din&#8221;, &#8220;\u0130slam D\u00fcnyas\u0131nda Dayan\u0131\u015fma Hareketleri&#8221;, &#8220;Ortado\u011fu Neresi?&#8221;, &#8220;\u0130slam D\u00fcnyas\u0131nda Entegrasyon Hareketleri&#8221;, &#8220;Demokratikle\u015femeyen T\u00fcrkiye&#8221;, &#8220;Ertesi G\u00fcn\/Demokrasi Krizlerinde Bas\u0131n ve Ayd\u0131nlar&#8221;, &#8220;27 May\u0131s Darbesi&#8221;, &#8220;Siyaset Bilimi&#8221;, &#8220;12 Mart Darbesi&#8221;, &#8220;12 Eyl\u00fcl Darbesi&#8221; adl\u0131 eserleri bulunuyor.<\/p>\n<p style=\"text-align: justify;\"><span style=\"color: #888888;\">CNN T\u00dcRK<\/span><\/p>\n","protected":false},"excerpt":{"rendered":"<p id=\"caption-attachment-11573\" class=\"wp-caption-text\">Davut Dursun (sa\u011fda), Ba\u015fbakan Yard\u0131mc\u0131s\u0131 B\u00fclent Ar\u0131n\u00e7 ile g\u00f6r\u00fcl\u00fcyor..<\/p>\n<p style=\"text-align: justify;\">Radyo Televizyon \u00dcst Kurulu&#8217;nun (RT\u00dcK) yeni ba\u015fkan\u0131 AKP kontenjan\u0131ndan Prof. Dr. Davut Dursun oldu. Yap\u0131lan oylamada Prof. Dursun 7 oyla ba\u015fkan se\u00e7ildi.<\/p>\n<p style=\"text-align: justify;\">RT\u00dcK ba\u015fkanl\u0131\u011f\u0131na se\u00e7ilen Prof. Dr. Davut Dursun, &#8220;\u00d6n\u00fcm\u00fczdeki d\u00f6nemde, \u00f6ncelikli konumuz, RT\u00dcK yasas\u0131n\u0131 AB ve Avrupa Parlamentosu&#8217;nun yay\u0131nlad\u0131\u011f\u0131 <\/p>\n","protected":false},"author":1,"featured_media":0,"comment_status":"open","ping_status":"closed","sticky":false,"template":"","format":"standard","meta":{"footnotes":""},"categories":[105],"tags":[],"class_list":["post-11572","post","type-post","status-publish","format-standard","hentry","category-gundem","odd"],"_links":{"self":[{"href":"http:\/\/www.korhanyilmaz.com\/index.php?rest_route=\/wp\/v2\/posts\/11572","targetHints":{"allow":["GET"]}}],"collection":[{"href":"http:\/\/www.korhanyilmaz.com\/index.php?rest_route=\/wp\/v2\/posts"}],"about":[{"href":"http:\/\/www.korhanyilmaz.com\/index.php?rest_route=\/wp\/v2\/types\/post"}],"author":[{"embeddable":true,"href":"http:\/\/www.korhanyilmaz.com\/index.php?rest_route=\/wp\/v2\/users\/1"}],"replies":[{"embeddable":true,"href":"http:\/\/www.korhanyilmaz.com\/index.php?rest_route=%2Fwp%2Fv2%2Fcomments&post=11572"}],"version-history":[{"count":0,"href":"http:\/\/www.korhanyilmaz.com\/index.php?rest_route=\/wp\/v2\/posts\/11572\/revisions"}],"wp:attachment":[{"href":"http:\/\/www.korhanyilmaz.com\/index.php?rest_route=%2Fwp%2Fv2%2Fmedia&parent=11572"}],"wp:term":[{"taxonomy":"category","embeddable":true,"href":"http:\/\/www.korhanyilmaz.com\/index.php?rest_route=%2Fwp%2Fv2%2Fcategories&post=11572"},{"taxonomy":"post_tag","embeddable":true,"href":"http:\/\/www.korhanyilmaz.com\/index.php?rest_route=%2Fwp%2Fv2%2Ftags&post=11572"}],"curies":[{"name":"wp","href":"https:\/\/api.w.org\/{rel}","templated":true}]}}