{"id":11562,"date":"2009-07-17T14:05:21","date_gmt":"2009-07-17T11:05:21","guid":{"rendered":"http:\/\/www.korhanyilmaz.com\/?p=11562"},"modified":"2009-07-17T14:05:21","modified_gmt":"2009-07-17T11:05:21","slug":"umugumuzu-kim-sikiyor","status":"publish","type":"post","link":"http:\/\/www.korhanyilmaz.com\/?p=11562","title":{"rendered":"\u00dcm\u00fc\u011f\u00fcm\u00fcz\u00fc kim s\u0131k\u0131yor?"},"content":{"rendered":"<p style=\"text-align: center;\"><img loading=\"lazy\" decoding=\"async\" class=\"aligncenter size-full wp-image-11563\" src=\"http:\/\/www.korhanyilmaz.com\/wp-content\/uploads\/2009\/07\/UMUKjpg.jpg\" alt=\"\" width=\"269\" height=\"207\" \/><\/p>\n<div id=\"attachment_11564\" style=\"width: 91px\" class=\"wp-caption alignleft\"><img loading=\"lazy\" decoding=\"async\" aria-describedby=\"caption-attachment-11564\" class=\"size-full wp-image-11564\" style=\"margin: 5px;\" src=\"http:\/\/www.korhanyilmaz.com\/wp-content\/uploads\/2009\/07\/emin_capa.jpg\" alt=\"emin_capa\" width=\"81\" height=\"86\" \/><p id=\"caption-attachment-11564\" class=\"wp-caption-text\">Emin \u00c7apa    CNN T\u00dcRK Ekonomi M\u00fcd\u00fcr\u00fc<\/p><\/div>\n<p style=\"text-align: justify;\">Efendim herkes hat\u0131rlar, Ba\u015fbakan Recep Tayyip Erdo\u011fan bizlere m\u00fcjdeli bir haber vermi\u015fti, &#8220;\u00fcm\u00fc\u011f\u00fcm\u00fcz\u00fc IMF&#8217;ye s\u0131kt\u0131rmayacakt\u0131&#8221;.<\/p>\n<p style=\"text-align: justify;\">Hepimiz nas\u0131l sevinmi\u015ftik, nas\u0131l sevinmi\u015ftik.<\/p>\n<p style=\"text-align: justify;\">Kahrolas\u0131 IMF&#8217;ye kar\u015f\u0131 haklar\u0131m\u0131z\u0131 savunacak bir ba\u015fbakan\u0131m\u0131z var art\u0131k. S\u00f6m\u00fcr\u00fcc\u00fc IMF \u00f6yle eskiden oldu\u011fu gibi T\u00fcrkiye&#8217;nin \u00fczerine \u00e7\u00f6reklenip \u00fcm\u00fc\u011f\u00fcm\u00fcz\u00fc s\u0131kamayacakt\u0131.<\/p>\n<p style=\"text-align: justify;\">\u0130\u015fte bu umutlarla k\u00fcresel krize kar\u015f\u0131 al\u0131nacak tedbirleri bekledik.<\/p>\n<p style=\"text-align: justify;\">Yerel se\u00e7imlere kadar g\u00f6stermelik oldu\u011funu herkesin (hepimizin) bildi\u011fi oyalamalarla ge\u00e7ti g\u00fcnler. Tamam, se\u00e7imden \u00f6nce h\u00fck\u00fcmet risk almak istemiyor dedik. Ama se\u00e7im bitti hala t\u0131k yok.<\/p>\n<p style=\"text-align: justify;\">Zaten 2006 y\u0131l\u0131ndan bu yana AK Parti (Ba\u015fbakan AKP dedim diye k\u0131zmas\u0131n) ekonomi alan\u0131nda &#8220;t\u0131k&#8221; demedi. (Buna kar\u015f\u0131 \u00e7\u0131kan ve \u015fu anda i\u00e7inde bulundu\u011fumuz krizi d\u00fcnyada ya\u015fanan krizle a\u00e7\u0131klayanlara, &#8220;peki o zaman 2007&#8217;de niye y\u00fczde 4 b\u00fcy\u00fcd\u00fck?&#8221; diye sorar\u0131m.) <!--more--><\/p>\n<p style=\"text-align: justify;\"><strong>TE\u011eET\u0130N FOTO\u011eRAFI<\/strong><\/p>\n<p style=\"text-align: justify;\">\u00d6nce T\u00fcrkiye&#8217;yi te\u011fet ge\u00e7en krizin foto\u011fraf\u0131n\u0131 \u00e7ekelim.<\/p>\n<p style=\"text-align: justify;\">&#8211; Nisan ay\u0131 itibariyle i\u015fsizlik % 14, 9 (D\u00fcnyada ilk 5&#8217;te, OECD \u00fclkelerinde ikinci)<\/p>\n<p style=\"text-align: justify;\">&#8211; Nisan ay\u0131 itibariyle 3. 6 milyon ki\u015fi i\u015fsiz<\/p>\n<p style=\"text-align: justify;\">&#8211; 2008&#8217;e g\u00f6re i\u015fsiz say\u0131s\u0131 1 milyon 285 bin ki\u015fi artt\u0131.<\/p>\n<p style=\"text-align: justify;\">&#8211; Tar\u0131m d\u0131\u015f\u0131 i\u015fsizlik % 18, 2<\/p>\n<p style=\"text-align: justify;\">&#8211; Gen\u00e7 i\u015fsizli\u011fi % 26, 5<\/p>\n<p style=\"text-align: justify;\">&#8211; Kentlerde gen\u00e7 i\u015fsizli\u011fi % 29, 4<\/p>\n<p style=\"text-align: justify;\">&#8211; 2009&#8217;un ilk \u00e7eyre\u011finde % 13, 8 k\u00fc\u00e7\u00fcld\u00fck. (D\u00fcnyan\u0131n en k\u00f6t\u00fclerinden biri)<\/p>\n<p style=\"text-align: justify;\">&#8211; Milli gelirimiz 52. 2 milyar dolar azald\u0131.<\/p>\n<p style=\"text-align: justify;\">&#8211; \u0130lk 6 ayda b\u00fct\u00e7e a\u00e7\u0131\u011f\u0131 13 kat artt\u0131.<\/p>\n<p style=\"text-align: justify;\">&#8211; 6 ayl\u0131k b\u00fct\u00e7e a\u00e7\u0131\u011f\u0131 23.2 milyar TL<\/p>\n<p style=\"text-align: justify;\">&#8211; Haziran&#8217;a kurulan \u015firket say\u0131s\u0131 % 2 azald\u0131<\/p>\n<p style=\"text-align: justify;\">&#8211; Haziran&#8217;da kapanan \u015firket say\u0131s\u0131 % 20,7 artt\u0131<\/p>\n<p style=\"text-align: justify;\">&#8211; \u0130lk 6 ayda kurulan \u015firket say\u0131s\u0131 % 23,9 azald\u0131<\/p>\n<p style=\"text-align: justify;\">&#8211; \u0130lk 6 ayda kapanan \u015firket say\u0131s\u0131 % 2,8 artt\u0131<\/p>\n<p style=\"text-align: justify;\">&#8211; Haziran&#8217;da ihracat % 32,7 azald\u0131.<\/p>\n<p style=\"text-align: justify;\">&#8211; \u0130lk 6 ayda ihracattaki d\u00fc\u015f\u00fc\u015f % 15,5 oldu<\/p>\n<p style=\"text-align: justify;\"><strong>\u00dcM\u00dc\u011e\u00dcM\u00dcZ\u00dc IMF DE\u011e\u0130L H\u00dcK\u00dcMET SIKIYOR<\/strong><\/p>\n<p style=\"text-align: justify;\">Eveeeeettt..<\/p>\n<p style=\"text-align: justify;\">Bu foto\u011frafa bak\u0131nca g\u00f6n\u00fcl rahatl\u0131\u011f\u0131yla arkam\u0131za yaslan\u0131p &#8220;kriz te\u011fet ge\u00e7iyor&#8221; deyip halimize \u015f\u00fckredebilir miyiz?<\/p>\n<p style=\"text-align: justify;\">Kimse kusura bakmas\u0131n ben edemeyece\u011fim.<\/p>\n<p style=\"text-align: justify;\">Hala \u015f\u00fckredenler varsa onlar da bir doktora gitsin.<\/p>\n<p style=\"text-align: justify;\">Zaten h\u00fck\u00fcmet de bunun fark\u0131nda oldu\u011fu i\u00e7in tedbir almaya ba\u015flad\u0131.<\/p>\n<p style=\"text-align: justify;\">Ancak tedbirler h\u00fck\u00fcmet harcamalar\u0131n\u0131 k\u0131smaya y\u00f6nelik de\u011fil, bizim \u00fcm\u00fc\u011f\u00fcm\u00fcz\u00fc s\u0131kmaya d\u00f6n\u00fck olunca isyan etmemek elde de\u011fil.<\/p>\n<p style=\"text-align: justify;\">\u00dcstelik bu \u00fcm\u00fck s\u0131kma ne IMF program\u0131yla birlikte yap\u0131l\u0131yor, ne de yerel bir programla birlikte.<\/p>\n<p style=\"text-align: justify;\">Yani h\u00fck\u00fcmet \u00fcm\u00fc\u011f\u00fcm\u00fcz\u00fc s\u0131karak hangi hedefe varmaya \u00e7al\u0131\u015f\u0131yor bunu bilmiyoruz.<\/p>\n<p style=\"text-align: justify;\">&#8211; \u00d6nce zaten d\u00fcnyan\u0131n en y\u00fcksek akaryak\u0131t vergisini \u00f6deyen bizler % 7&#8217;lik akaryak\u0131t zamm\u0131na neden olan \u00d6TV art\u0131\u015f\u0131n\u0131 \u00f6\u011frendik. Bunun kamu ve \u00f6zel sekt\u00f6rde yeni bir zam dalgas\u0131na yola\u00e7mas\u0131n\u0131 bekleyebiliriz. Talep az oldu\u011fu i\u00e7in b\u00fcy\u00fck zamlar olmayabilir, ama eninde sonunda maliyetleri artanlar bunu fiyatlara yans\u0131tacak.<\/p>\n<p style=\"text-align: justify;\">&#8211; Ard\u0131ndan lokanta ve otellerin vergileri iki kattan fazla art\u0131r\u0131ld\u0131. (ne i\u015finiz var d\u0131\u015far\u0131da oturun evde demeyin, krizi a\u015fmak i\u00e7in d\u0131\u015far\u0131 \u00e7\u0131k kampanyas\u0131 var biliyorsunuz)<\/p>\n<p style=\"text-align: justify;\">&#8211; Sigara fiyatlar\u0131na gelen makdu vergi art\u0131\u015f\u0131n\u0131n son olmayaca\u011f\u0131 da kesinle\u015fti.<\/p>\n<p style=\"text-align: justify;\">&#8211; \u015eekere % 5,2 zam yap\u0131ld\u0131<\/p>\n<p style=\"text-align: justify;\">&#8211; \u0130stanbul&#8217;da suya % 8,5 zam geldi.<\/p>\n<p style=\"text-align: justify;\">Tamam b\u00fct\u00e7e a\u00e7\u0131\u011f\u0131n\u0131 kapatmak laz\u0131m.<\/p>\n<p style=\"text-align: justify;\">Tamam k\u00fcresel ekonomik kriz zaten k\u00f6t\u00fcye giden T\u00fcrk ekonomisini de olumsuz etkiledi.<\/p>\n<p style=\"text-align: justify;\">Tamam mutlaka tedbir almak laz\u0131m.<\/p>\n<p style=\"text-align: justify;\">Ama bu tedbirler niye sadece bizim \u00fczerimizden al\u0131n\u0131yor? Neden h\u00fck\u00fcmet harcamalar\u0131 k\u0131smaya d\u00f6n\u00fck tedbir alm\u0131yor? Bu kadar rekor b\u00fct\u00e7e a\u00e7\u0131\u011f\u0131 verip, bu kadar k\u00f6t\u00fc ekonomik sonu\u00e7lar alan AKP&#8217;nin ekonomi kurmaylar\u0131 kendilerine \u015fu soruyu sormal\u0131; &#8220;bu harcamalar\u0131 ba\u015fka yerlere yapsayd\u0131k, daha iyi ekonomik performans elde edemez miydik?&#8221; \u00c7\u00fcnk\u00fc zaten az olan kaynaklar\u0131m\u0131z\u0131 do\u011fru yerlere harcamam\u0131z hayati \u00f6nemde. Bo\u015fa atacak kur\u015funu olmayan T\u00fcrkiye k\u0131t kaynaklar\u0131n\u0131 yanl\u0131\u015f yerlere harcamaya devam ederse k\u00f6t\u00fc haberler almaya \u00f6n\u00fcm\u00fczdeki d\u00f6nemde de devam ederiz. Zaten vergi d\u00fczenlemelerinin devam edece\u011fi kesin. \u00dcstelik bu kadar b\u00fcy\u00fck b\u00fct\u00e7e a\u00e7\u0131klar\u0131n\u0131n sadece vergi art\u0131\u015flar\u0131yla kapat\u0131lamayaca\u011f\u0131n\u0131 da hepimiz biliyoruz. Yani h\u00fck\u00fcmet bor\u00e7lanmaya y\u00fcklenecek. O nedenle de b\u00fct\u00e7ede d\u00fczenleme yapmak yerine bor\u00e7lanma limitini 5 kat art\u0131rmay\u0131 se\u00e7medi mi?<\/p>\n<p style=\"text-align: justify;\"><strong>\u00dcM\u00dcK DED\u0130\u011e\u0130N NE KADAR SIKILAB\u0130L\u0130R K\u0130? <\/strong><\/p>\n<p style=\"text-align: justify;\">Ba\u015fbakan\u0131m\u0131z IMF&#8217;ye \u00fcm\u00fc\u011f\u00fcm\u00fcz\u00fc s\u0131kt\u0131rmad\u0131 ama kendisi \u00fcm\u00fc\u011f\u00fcm\u00fcz\u00fc s\u0131kmakta bir mahsur g\u00f6rm\u00fcyor herhalde.<\/p>\n<p style=\"text-align: justify;\">Buradan kendisine bizi IMF&#8217;ye kar\u015f\u0131 savundu\u011fu i\u00e7in te\u015fekk\u00fcr ediyorum.<\/p>\n<p style=\"text-align: justify;\">Fakat yaz ortas\u0131nda H\u00fck\u00fcmet \u00fcm\u00fc\u011f\u00fcm\u00fcz\u00fc s\u0131kt\u0131ktan sonra, sonbaharda anla\u015fma yap\u0131p bir de IMF&#8217;ye s\u0131kt\u0131r\u0131rsa i\u015fte o zaman hep birlikte &#8220;one minute&#8221; diyece\u011fiz.<\/p>\n<p style=\"text-align: justify;\">Ne de olsa h\u00fck\u00fcmetinkisi yerli \u00fcm\u00fck operasyonu, IMF&#8217;ninkisi uluslararas\u0131.<\/p>\n<p style=\"text-align: justify;\">Ayr\u0131ca \u00fcm\u00fck dedi\u011fin de \u00f6yle fazla s\u0131kmaya gelmez, insan nefessiz kal\u0131p bo\u011fulabilir.<\/p>\n<p style=\"text-align: justify;\">Not: Bendeniz IMF anla\u015fmas\u0131ndan yanay\u0131m. \u00c7\u00fcnk\u00fc 42 y\u0131ll\u0131k hayat\u0131m bana T\u00fcrkiye&#8217;de h\u00fck\u00fcmetlerin d\u0131\u015f sopa olmadan kararl\u0131 bir ekonomi politikas\u0131 uygulayamad\u0131klar\u0131n\u0131 g\u00f6steriyor. Ama kara topra\u011fa girmeden \u00f6nce bir h\u00fck\u00fcmet bana IMF program\u0131 olmadan ger\u00e7ek bir ekonomik program uygulayabilece\u011fini g\u00f6sterirse g\u00f6z\u00fcm arkada gitmeyece\u011fim bu d\u00fcnyadan.<\/p>\n<p style=\"text-align: justify;\"><span style=\"color: #888888;\">Emin \u00c7apa &#8211; CNN T\u00dcRK<\/span><\/p>\n","protected":false},"excerpt":{"rendered":"<p style=\"text-align: center;\">\n<p id=\"caption-attachment-11564\" class=\"wp-caption-text\">Emin \u00c7apa CNN T\u00dcRK Ekonomi M\u00fcd\u00fcr\u00fc<\/p>\n<p style=\"text-align: justify;\">Efendim herkes hat\u0131rlar, Ba\u015fbakan Recep Tayyip Erdo\u011fan bizlere m\u00fcjdeli bir haber vermi\u015fti, &#8220;\u00fcm\u00fc\u011f\u00fcm\u00fcz\u00fc IMF&#8217;ye s\u0131kt\u0131rmayacakt\u0131&#8221;.<\/p>\n<p style=\"text-align: justify;\">Hepimiz nas\u0131l sevinmi\u015ftik, nas\u0131l sevinmi\u015ftik.<\/p>\n<p style=\"text-align: justify;\">Kahrolas\u0131 IMF&#8217;ye kar\u015f\u0131 haklar\u0131m\u0131z\u0131 savunacak bir ba\u015fbakan\u0131m\u0131z var art\u0131k. S\u00f6m\u00fcr\u00fcc\u00fc IMF \u00f6yle eskiden oldu\u011fu gibi T\u00fcrkiye&#8217;nin \u00fczerine \u00e7\u00f6reklenip <\/p>\n","protected":false},"author":1,"featured_media":0,"comment_status":"open","ping_status":"closed","sticky":false,"template":"","format":"standard","meta":{"footnotes":""},"categories":[16],"tags":[20],"class_list":["post-11562","post","type-post","status-publish","format-standard","hentry","category-kose-yazilari","tag-emin-capanin-diger-yazilari","odd"],"_links":{"self":[{"href":"http:\/\/www.korhanyilmaz.com\/index.php?rest_route=\/wp\/v2\/posts\/11562","targetHints":{"allow":["GET"]}}],"collection":[{"href":"http:\/\/www.korhanyilmaz.com\/index.php?rest_route=\/wp\/v2\/posts"}],"about":[{"href":"http:\/\/www.korhanyilmaz.com\/index.php?rest_route=\/wp\/v2\/types\/post"}],"author":[{"embeddable":true,"href":"http:\/\/www.korhanyilmaz.com\/index.php?rest_route=\/wp\/v2\/users\/1"}],"replies":[{"embeddable":true,"href":"http:\/\/www.korhanyilmaz.com\/index.php?rest_route=%2Fwp%2Fv2%2Fcomments&post=11562"}],"version-history":[{"count":0,"href":"http:\/\/www.korhanyilmaz.com\/index.php?rest_route=\/wp\/v2\/posts\/11562\/revisions"}],"wp:attachment":[{"href":"http:\/\/www.korhanyilmaz.com\/index.php?rest_route=%2Fwp%2Fv2%2Fmedia&parent=11562"}],"wp:term":[{"taxonomy":"category","embeddable":true,"href":"http:\/\/www.korhanyilmaz.com\/index.php?rest_route=%2Fwp%2Fv2%2Fcategories&post=11562"},{"taxonomy":"post_tag","embeddable":true,"href":"http:\/\/www.korhanyilmaz.com\/index.php?rest_route=%2Fwp%2Fv2%2Ftags&post=11562"}],"curies":[{"name":"wp","href":"https:\/\/api.w.org\/{rel}","templated":true}]}}