{"id":11558,"date":"2009-07-17T13:39:17","date_gmt":"2009-07-17T10:39:17","guid":{"rendered":"http:\/\/www.korhanyilmaz.com\/?p=11558"},"modified":"2009-07-17T13:39:17","modified_gmt":"2009-07-17T10:39:17","slug":"akmana-evrakta-sahtecilik-davasi","status":"publish","type":"post","link":"http:\/\/www.korhanyilmaz.com\/?p=11558","title":{"rendered":"Akman&#039;a evrakta sahtecilik davas\u0131!"},"content":{"rendered":"<p style=\"text-align: center;\"><img loading=\"lazy\" decoding=\"async\" class=\"aligncenter size-full wp-image-11559\" src=\"http:\/\/www.korhanyilmaz.com\/wp-content\/uploads\/2009\/07\/AKMAN.jpg\" alt=\"AKMAN\" width=\"292\" height=\"224\" \/><\/p>\n<p style=\"text-align: justify;\">RT\u00dcK Ba\u015fkanl\u0131\u011f\u0131 bug\u00fcn sona eren Zahid Akman hakk\u0131nda Almanya&#8217;da evrakta sahtecilikten ceza davas\u0131 a\u00e7\u0131ld\u0131. Akman daha \u00f6nce yapt\u0131\u011f\u0131 a\u00e7\u0131klamada, &#8220;Taraf\u0131ma mail ile iletilen belgeyi tahrif etmi\u015f de\u011filim&#8221; demi\u015fti.<\/p>\n<p style=\"text-align: justify;\">Bug\u00fcne kadar Akman ile ilgili \u00e7ok \u00f6nemli iki belgeyi ortaya \u00e7\u0131karan CNN T\u00dcRK, son olarak Akman hakk\u0131nda Frankfurt Eyalet Savc\u0131l\u0131\u011f\u0131&#8217;nca, ismi a\u00e7\u0131klanmayan bir ki\u015fiyle beraber resmi evrakta sahtecilik su\u00e7lamas\u0131yla dava a\u00e7\u0131ld\u0131\u011f\u0131n\u0131 belirledi.<\/p>\n<p style=\"text-align: justify;\">CNN T\u00dcRK Almanya Temsilcisi Erhan Mertt\u00fcrk&#8217;\u00fcn aktard\u0131\u011f\u0131 bilgiye g\u00f6re, 17 Haziran 2009&#8217;da a\u00e7\u0131lan s\u00f6z konusu davan\u0131n dosya numaras\u0131 6310\/JS 223836\/09. <!--more--><\/p>\n<p style=\"text-align: justify;\">CNN T\u00dcRK yay\u0131n\u0131na Berlin&#8217;den ba\u011flanan ceza hukuk\u00e7usu Sami Cak\u0131, Alman ceza hukukuna g\u00f6re evrakta sahtecilik su\u00e7unun para cezas\u0131 veya 5 y\u0131la kadar hapisle cezaland\u0131r\u0131ld\u0131\u011f\u0131n\u0131 s\u00f6yledi. Cak\u0131, s\u00f6z konusu i\u015flem bir kamu yetkilisi taraf\u0131ndan yap\u0131lm\u0131\u015fsa cezan\u0131n a\u011f\u0131rla\u015ft\u0131r\u0131ld\u0131\u011f\u0131n\u0131, 1 y\u0131ldan 10 y\u0131la kadar hapis verilebilece\u011fini belirtti. Cak\u0131, hafifletici sebepler varsa cezan\u0131n 6 aydan 10 y\u0131la kadar olabilece\u011fini kaydetti.<\/p>\n<p style=\"text-align: justify;\">Ara\u015ft\u0131rmac\u0131 Ali G\u00fclen de CNN T\u00dcRK yay\u0131n\u0131nda yapt\u0131\u011f\u0131 a\u00e7\u0131klamada, &#8220;Olaca\u011f\u0131 buydu. Bir belgenin bir k\u0131sm\u0131n\u0131 yok edip sunarak yan\u0131lt\u0131c\u0131 karar verdirmek su\u00e7tur. T\u00fcrkiye&#8217;de de kovu\u015fturma a\u00e7\u0131lmas\u0131 gerekir. Su\u00e7un i\u015flendi\u011fi yer ayn\u0131 zamanda T\u00fcrkiye. Savc\u0131l\u0131k harekete ge\u00e7meli. Bu y\u00fcz k\u0131zart\u0131c\u0131 bir su\u00e7tur&#8221; dedi.<\/p>\n<p style=\"text-align: justify;\">CNN T\u00dcRK Haber M\u00fcd\u00fcr\u00fc R\u0131dvan Akar da, RT\u00dcK Ba\u015fkan\u0131&#8217;n\u0131n bug\u00fcn ba\u015fkanl\u0131\u011f\u0131 sona erdikten sonra yapt\u0131\u011f\u0131 ve bas\u0131na &#8220;habercilik dersi&#8221; verdi\u011fi konu\u015fmaya at\u0131fta bulunarak, &#8220;Belgelerle yapt\u0131\u011f\u0131m\u0131z haberler konusunda teredd\u00fct\u00fcm\u00fcz yok&#8221; ifadesini kulland\u0131.<\/p>\n<p style=\"text-align: justify;\"><strong>CNN T\u00dcRK&#8217;\u00fcn bug\u00fcne dek ortaya \u00e7\u0131kard\u0131klar\u0131<\/strong><\/p>\n<p style=\"text-align: justify;\">CNN T\u00dcRK 17 Haziran&#8217;dan itibaren 4 g\u00fcn boyunca RT\u00dcK Ba\u015fkan\u0131 Zahid Akman ile ilgili yay\u0131nlar yapt\u0131 ve bu yay\u0131nlarda iki \u00f6nemli belge a\u00e7\u0131klad\u0131. RT\u00dcK Ba\u015fkan\u0131 Akman&#8217;\u0131n kendisini aklad\u0131\u011f\u0131n\u0131 iddia etti\u011fi, Almanya&#8217;ya giri\u015finde bir yasak ve tedbir olmad\u0131\u011f\u0131 y\u00f6n\u00fcnde 3 Eyl\u00fcl 2008 tarihli bir belge vard\u0131.<\/p>\n<p style=\"text-align: justify;\">Almanya&#8217;n\u0131n Main Taunus b\u00f6lgesi Yabanc\u0131lar Dairesi&#8217;nden al\u0131nan o resmi belgeyi bas\u0131na ve kamuoyuna orijinal haliyle a\u00e7\u0131klamad\u0131\u011f\u0131n\u0131 belgeledik. Bu ger\u00e7e\u011fin ortaya \u00e7\u0131kmas\u0131ndan sonra Frankfurt Kriminal Dairesi resmi belgede sahtecilik yap\u0131ld\u0131\u011f\u0131 gerek\u00e7esiyle bir soru\u015fturma ba\u015flatt\u0131.<\/p>\n<p style=\"text-align: justify;\">Bu haberimizden sonra Zahid Akman&#8217;\u0131n avukatlar\u0131ndan bir a\u00e7\u0131klama geldi. Almanya&#8217;dan gelen resmi belgenin bir b\u00f6l\u00fcm\u00fc \u00f6zel hayat\u0131 ilgilendirdi\u011fi gerek\u00e7esiyle kamuoyu ile payla\u015f\u0131lmam\u0131\u015ft\u0131.<\/p>\n<p style=\"text-align: justify;\">Peki,  kamuoyu ile payla\u015f\u0131lmayan o paragrafta ne yaz\u0131yordu?  Kamuoyundan gizlenen o paragrafta, Akman&#8217;\u0131n Almanya&#8217;ya gelmesi halinde yabanc\u0131lar polisi ile irtibata ge\u00e7mesi isteniyordu. Akman&#8217;a g\u00f6re bu uyar\u0131 \u00f6zel hayatla ilgiliydi.<\/p>\n<p style=\"text-align: justify;\">Haberimizden sonra Zahid Akman canl\u0131 yay\u0131nda kameralar\u0131n kar\u015f\u0131s\u0131na ge\u00e7ti ve hakk\u0131ndaki iddialar\u0131n k\u00fclliyen yalan oldu\u011funu s\u00f6yledi. Akman o konu\u015fmada orjinal olmayan belgenin hi\u00e7 bir resmi makama verilmedi\u011fini de iddia etti.<\/p>\n<p style=\"text-align: justify;\">CNN T\u00dcRK&#8217;\u00fcn ikinci \u00f6zel haberi bu a\u015famada ortaya \u00e7\u0131kt\u0131. Zira, Akman bu belgeyi H\u00fcrriyet gazetesinde hakk\u0131nda \u00e7\u0131kan bir haberin tekzibi i\u00e7in Ankara 5. Sulh Ceza Mahkemesi&#8217;ne vermi\u015fti. Sonra H\u00fcrriyet gazetesi Akman&#8217;\u0131n gizledi\u011fi orijinal belgeyi buldu. Belgede gizlenen b\u00f6l\u00fcmde hakk\u0131nda y\u00fcr\u00fcyen ceza davas\u0131 nedeniyle \u00fclkeye giri\u015fi sak\u0131ncal\u0131 karar\u0131 var, ibaresi yer al\u0131yordu.<\/p>\n<p style=\"text-align: justify;\">Zahid Akman bu orijinal belgenin yay\u0131nlanmas\u0131ndan sonra bir kez daha a\u00e7\u0131klama yapt\u0131 ve hakk\u0131nda yap\u0131lan haberlerle ilgili olarak biz gazetecileri ak\u0131l, insaf ve izana davet etti.<\/p>\n<p style=\"text-align: justify;\">Asl\u0131nda Akman&#8217;\u0131n as\u0131l muhatab\u0131 CNN T\u00dcRK de\u011fil, Alman yarg\u0131s\u0131yd\u0131. Son olay, Alman yarg\u0131s\u0131n\u0131n da CNN T\u00dcRK gibi d\u00fc\u015f\u00fcnd\u00fc\u011f\u00fcn\u00fc ortaya \u00e7\u0131kard\u0131.<\/p>\n<p style=\"text-align: justify;\"><span style=\"color: #888888;\">CNN T\u00dcRK<\/span><\/p>\n","protected":false},"excerpt":{"rendered":"<p style=\"text-align: center;\">\n<p style=\"text-align: justify;\">RT\u00dcK Ba\u015fkanl\u0131\u011f\u0131 bug\u00fcn sona eren Zahid Akman hakk\u0131nda Almanya&#8217;da evrakta sahtecilikten ceza davas\u0131 a\u00e7\u0131ld\u0131. Akman daha \u00f6nce yapt\u0131\u011f\u0131 a\u00e7\u0131klamada, &#8220;Taraf\u0131ma mail ile iletilen belgeyi tahrif etmi\u015f de\u011filim&#8221; demi\u015fti.<\/p>\n<p style=\"text-align: justify;\">Bug\u00fcne kadar Akman ile ilgili \u00e7ok \u00f6nemli iki belgeyi ortaya \u00e7\u0131karan CNN T\u00dcRK, son olarak Akman hakk\u0131nda Frankfurt Eyalet Savc\u0131l\u0131\u011f\u0131&#8217;nca, <\/p>\n","protected":false},"author":1,"featured_media":0,"comment_status":"open","ping_status":"closed","sticky":false,"template":"","format":"standard","meta":{"footnotes":""},"categories":[105],"tags":[],"class_list":["post-11558","post","type-post","status-publish","format-standard","hentry","category-gundem","odd"],"_links":{"self":[{"href":"http:\/\/www.korhanyilmaz.com\/index.php?rest_route=\/wp\/v2\/posts\/11558","targetHints":{"allow":["GET"]}}],"collection":[{"href":"http:\/\/www.korhanyilmaz.com\/index.php?rest_route=\/wp\/v2\/posts"}],"about":[{"href":"http:\/\/www.korhanyilmaz.com\/index.php?rest_route=\/wp\/v2\/types\/post"}],"author":[{"embeddable":true,"href":"http:\/\/www.korhanyilmaz.com\/index.php?rest_route=\/wp\/v2\/users\/1"}],"replies":[{"embeddable":true,"href":"http:\/\/www.korhanyilmaz.com\/index.php?rest_route=%2Fwp%2Fv2%2Fcomments&post=11558"}],"version-history":[{"count":0,"href":"http:\/\/www.korhanyilmaz.com\/index.php?rest_route=\/wp\/v2\/posts\/11558\/revisions"}],"wp:attachment":[{"href":"http:\/\/www.korhanyilmaz.com\/index.php?rest_route=%2Fwp%2Fv2%2Fmedia&parent=11558"}],"wp:term":[{"taxonomy":"category","embeddable":true,"href":"http:\/\/www.korhanyilmaz.com\/index.php?rest_route=%2Fwp%2Fv2%2Fcategories&post=11558"},{"taxonomy":"post_tag","embeddable":true,"href":"http:\/\/www.korhanyilmaz.com\/index.php?rest_route=%2Fwp%2Fv2%2Ftags&post=11558"}],"curies":[{"name":"wp","href":"https:\/\/api.w.org\/{rel}","templated":true}]}}