{"id":11539,"date":"2009-07-16T18:03:58","date_gmt":"2009-07-16T15:03:58","guid":{"rendered":"http:\/\/www.korhanyilmaz.com\/?p=11539"},"modified":"2009-07-16T18:03:58","modified_gmt":"2009-07-16T15:03:58","slug":"mini-mgk-ii","status":"publish","type":"post","link":"http:\/\/www.korhanyilmaz.com\/?p=11539","title":{"rendered":"Mini MGK II"},"content":{"rendered":"<p style=\"text-align: justify;\"><img loading=\"lazy\" decoding=\"async\" class=\"aligncenter size-full wp-image-11540\" src=\"http:\/\/www.korhanyilmaz.com\/wp-content\/uploads\/2009\/07\/mini_zirve.jpg\" alt=\"\" width=\"350\" height=\"178\" \/><\/p>\n<p style=\"text-align: justify;\">Ba\u015fbakanl\u0131k&#8217;taki s\u00fcrpriz zirvede Ba\u015fbakan Erdo\u011fan, 5 bakanla bir araya geldi. Zirveye, Meclis Anayasa Komisyonu Ba\u015fkan\u0131 Burhan Kuzu da \u00e7a\u011fr\u0131ld\u0131. MGK sonras\u0131 G\u00fcl, \u00c7i\u00e7ek, Erdo\u011fan, Ergin ve Ba\u015fbu\u011f&#8217;un yapt\u0131\u011f\u0131 mini zirveyi hat\u0131rlatan g\u00f6r\u00fc\u015fme sonras\u0131 Cemil \u00c7i\u00e7ek &#8216;Toplant\u0131ya kat\u0131lan arkada\u015flar\u0131m\u0131z\u0131n t\u00fcm\u00fc Milli G\u00fcvenlik Kurulu&#8217;na kat\u0131lan bakanlard\u0131r&#8217; dedi, Yarg\u0131tay Ba\u015fkan\u0131 Ger\u00e7eker&#8217;e de sert \u00e7\u0131kt\u0131.<\/p>\n<p style=\"text-align: justify;\">Ankara&#8217;da d\u00fcn \u00f6\u011fle saatlerinde ger\u00e7ekle\u015fen s\u00fcrpriz bir zirve medya kurulu\u015flar\u0131n\u0131 alarma ge\u00e7irdi. Ba\u015fbakan Recep Tayyip Erdo\u011fan&#8217;\u0131n, aralar\u0131nda Adalet Bakan\u0131 Sadullah Ergin&#8217;in de bulundu\u011fu be\u015f bakanla toplant\u0131 yapt\u0131\u011f\u0131 haberi, Ba\u015fbakanl\u0131k Merkez Binas\u0131n\u0131&#8217;n\u0131n canl\u0131 yay\u0131n ara\u00e7lar\u0131yla ku\u015fat\u0131lmas\u0131na sebep oldu. Erdo\u011fan&#8217;\u0131n ba\u015fkanl\u0131\u011f\u0131nda yap\u0131lan, Devlet Bakan\u0131 ve Ba\u015fbakan Yard\u0131mc\u0131lar\u0131 Cemil \u00c7i\u00e7ek ile Ali Babacan, D\u0131\u015fi\u015fleri Bakan\u0131 Ahmet Davuto\u011flu, Adalet Bakan\u0131 Sadullah Ergin ve \u0130\u00e7i\u015fleri Bakan\u0131 Be\u015fir Atalay&#8217;\u0131n kat\u0131ld\u0131\u011f\u0131 toplant\u0131 s\u00fcrerken televizyonlar canl\u0131 yay\u0131na ge\u00e7ti. Ayn\u0131 saatlerde Anayasa Komisyonu Ba\u015fkan\u0131 Burhan Kuzu&#8217;nun da Ba\u015fbakanl\u0131\u011fa gelmesi, &#8216;mini zirve&#8217; iddialar\u0131n\u0131 art\u0131rd\u0131. Hakim ve savc\u0131lar\u0131n g\u00f6rev yeri de\u011fi\u015fikli\u011fini \u00f6ng\u00f6ren yaz kararnamesinin gecikmesine ili\u015fkin iddialar ve askere sivil yarg\u0131 yolunu a\u00e7an d\u00fczenlemenin iptal isteminin tart\u0131\u015f\u0131ld\u0131\u011f\u0131 s\u00fcre\u00e7te yap\u0131lan toplant\u0131, farkl\u0131 yorumlara yol a\u00e7t\u0131. <!--more--><\/p>\n<p style=\"text-align: justify;\"><strong>G\u00dcVENL\u0130K VE TER\u00d6R<br \/>\n<\/strong>Spek\u00fclasyonlar\u0131n devam etmesi \u00fczerine Ba\u015fbakan Yard\u0131mc\u0131s\u0131 Cemil \u00c7i\u00e7ek, medyan\u0131n kar\u015f\u0131s\u0131na \u00e7\u0131k\u0131p a\u00e7\u0131klama yapt\u0131. Toplant\u0131n\u0131n konusunun &#8216;g\u00fcvenlik ve ter\u00f6r&#8217; oldu\u011funu s\u00f6yleyen \u00c7i\u00e7ek, &#8216;Toplant\u0131ya kat\u0131lan arkada\u015flar\u0131m\u0131z\u0131n t\u00fcm\u00fc Milli G\u00fcvenlik Kurulu&#8217;na (MGK) kat\u0131lan bakanlard\u0131r. Dolay\u0131s\u0131yla bug\u00fcn yapt\u0131\u011f\u0131m\u0131z toplant\u0131n\u0131n g\u00fcndemi g\u00fcvenlik ve ter\u00f6r konusudur&#8217; dedi.<br \/>\n\u00c7i\u00e7ek, Yarg\u0131tay Ba\u015fkan\u0131 Hasan Ger\u00e7eker&#8217;in, &#8216;Askere sivil yarg\u0131 yolunu a\u00e7an d\u00fczenlemenin Anayasa&#8217;ya ayk\u0131r\u0131l\u0131k olu\u015fturdu\u011fu&#8217; y\u00f6n\u00fcndeki a\u00e7\u0131klamas\u0131n\u0131 da de\u011ferlendirdi. Ger\u00e7eker&#8217;in bu konuda a\u00e7\u0131klama yapmas\u0131n\u0131n do\u011fru olmad\u0131\u011f\u0131n\u0131 savunan \u00c7i\u00e7ek, &#8216;Demokratik bir \u00fclkede yarg\u0131 ba\u015fkanlar\u0131n\u0131n, siyaset\u00e7iler gibi her mikrofon uzat\u0131ld\u0131\u011f\u0131nda konu\u015fma yapmamas\u0131 gerekir. Ondan sonra hi\u00e7 kimsenin, &#8216;Yarg\u0131 y\u0131prat\u0131l\u0131yor, yarg\u0131 tart\u0131\u015fma konusu yap\u0131l\u0131yor&#8217; diye \u015fikayet etme hakk\u0131 kalmaz&#8217; dedi.<\/p>\n<p style=\"text-align: justify;\"><strong>YARGITAY TESP\u0130T ETMEZ<br \/>\n<\/strong>Bir yasan\u0131n Anayasa&#8217;ya ayk\u0131r\u0131l\u0131\u011f\u0131n\u0131n tespit edilece\u011fi yerin Yarg\u0131tay olmad\u0131\u011f\u0131na dikkat \u00e7eken \u00c7i\u00e7ek, \u015f\u00f6yle devam etti: &#8216;Dava Anayasa Mahkemesi&#8217;nin \u00f6n\u00fcndedir. Bir yarg\u0131 mensubu olarak Anayasa Mahkemesi \u00fcyesiymi\u015f, ba\u015fkan\u0131ym\u0131\u015f gibi a\u00e7\u0131klama yap\u0131lmas\u0131n\u0131 do\u011fru bulmuyorum. B\u00f6yle bir a\u00e7\u0131klama Anayasa&#8217;ya da ayk\u0131r\u0131d\u0131r. Yarg\u0131 mensuplar\u0131n\u0131n bu tip a\u00e7\u0131klamalar\u0131 yarg\u0131y\u0131 tart\u0131\u015fmalar\u0131n oda\u011f\u0131na getirir, oturtur.&#8217;<\/p>\n<p style=\"text-align: justify;\"><strong>Kararname \u00e7\u0131kamad\u0131<\/strong><br \/>\nHAK\u0130MLER ve Savc\u0131lar Y\u00fcksek Kurulu (HSYK) Ba\u015fkanvekili Kadir \u00d6zbek, adli yarg\u0131daki hakim ve savc\u0131lar\u0131n yer de\u011fi\u015ftirmesine ili\u015fkin kararname \u00e7al\u0131\u015fmalar\u0131na bug\u00fcn de devam edilece\u011fini bildirdi.<br \/>\nErgenekon savc\u0131lar\u0131 ve hakimlerinin kararnameye dahil edilmek istendi\u011fi y\u00f6n\u00fcndeki iddialar ise HSYK taraf\u0131ndan do\u011frulanmad\u0131. Bu talepleri HSYK&#8217;de g\u00fcndeme getirdi\u011fi \u00f6ne s\u00fcr\u00fclen kurul \u00fcyesi Ali Suat Ertosun &#8216;B\u00f6yle bir \u00f6neride bulunmad\u0131m&#8217; dedi.\n<\/p>\n<p style=\"text-align: justify;\">Her y\u0131l haziran ay\u0131 sonunda yay\u0131nlanan ve yakla\u015f\u0131k 1500 hakim savc\u0131y\u0131 ilgilendiren kararnamenin bu y\u0131l gecikmesi ve HSYK&#8217;ya ba\u015fkanl\u0131k etmesi gereken Adalet Bakan\u0131 Sadullah Ergin&#8217;in Ba\u015fbakanl\u0131k&#8217;taki zirveye kat\u0131lmas\u0131, soru i\u015faretlerini \u00e7o\u011faltt\u0131. Ergin&#8217;le birlikte, m\u00fcste\u015far\u0131 Ahmet Kahraman&#8217;\u0131n da d\u00fcnk\u00fc toplant\u0131ya kat\u0131lmamas\u0131 kulislerde &#8216;Kararnamede Ergenekon krizi var ve devam ediyor&#8217; yorumlar\u0131na neden oldu. Bakan Ergin ak\u015fam saatlerinde de \u0130sve\u00e7&#8217;e gitti. Kararnamenin, Ergin&#8217;in yurtd\u0131\u015f\u0131ndan d\u00f6nmesinin ard\u0131ndan haftasonu \u00e7\u0131kmas\u0131 bekleniyor.<\/p>\n<p style=\"text-align: justify;\"><span style=\"color: #888888;\">Kaynak : Ak\u015fam<\/span><\/p>\n","protected":false},"excerpt":{"rendered":"<p style=\"text-align: justify;\">\n<p style=\"text-align: justify;\">Ba\u015fbakanl\u0131k&#8217;taki s\u00fcrpriz zirvede Ba\u015fbakan Erdo\u011fan, 5 bakanla bir araya geldi. Zirveye, Meclis Anayasa Komisyonu Ba\u015fkan\u0131 Burhan Kuzu da \u00e7a\u011fr\u0131ld\u0131. MGK sonras\u0131 G\u00fcl, \u00c7i\u00e7ek, Erdo\u011fan, Ergin ve Ba\u015fbu\u011f&#8217;un yapt\u0131\u011f\u0131 mini zirveyi hat\u0131rlatan g\u00f6r\u00fc\u015fme sonras\u0131 Cemil \u00c7i\u00e7ek &#8216;Toplant\u0131ya kat\u0131lan arkada\u015flar\u0131m\u0131z\u0131n t\u00fcm\u00fc Milli G\u00fcvenlik Kurulu&#8217;na kat\u0131lan bakanlard\u0131r&#8217; dedi, Yarg\u0131tay Ba\u015fkan\u0131 Ger\u00e7eker&#8217;e de sert <\/p>\n","protected":false},"author":1,"featured_media":0,"comment_status":"open","ping_status":"closed","sticky":false,"template":"","format":"standard","meta":{"footnotes":""},"categories":[105],"tags":[],"class_list":["post-11539","post","type-post","status-publish","format-standard","hentry","category-gundem","odd"],"_links":{"self":[{"href":"http:\/\/www.korhanyilmaz.com\/index.php?rest_route=\/wp\/v2\/posts\/11539","targetHints":{"allow":["GET"]}}],"collection":[{"href":"http:\/\/www.korhanyilmaz.com\/index.php?rest_route=\/wp\/v2\/posts"}],"about":[{"href":"http:\/\/www.korhanyilmaz.com\/index.php?rest_route=\/wp\/v2\/types\/post"}],"author":[{"embeddable":true,"href":"http:\/\/www.korhanyilmaz.com\/index.php?rest_route=\/wp\/v2\/users\/1"}],"replies":[{"embeddable":true,"href":"http:\/\/www.korhanyilmaz.com\/index.php?rest_route=%2Fwp%2Fv2%2Fcomments&post=11539"}],"version-history":[{"count":0,"href":"http:\/\/www.korhanyilmaz.com\/index.php?rest_route=\/wp\/v2\/posts\/11539\/revisions"}],"wp:attachment":[{"href":"http:\/\/www.korhanyilmaz.com\/index.php?rest_route=%2Fwp%2Fv2%2Fmedia&parent=11539"}],"wp:term":[{"taxonomy":"category","embeddable":true,"href":"http:\/\/www.korhanyilmaz.com\/index.php?rest_route=%2Fwp%2Fv2%2Fcategories&post=11539"},{"taxonomy":"post_tag","embeddable":true,"href":"http:\/\/www.korhanyilmaz.com\/index.php?rest_route=%2Fwp%2Fv2%2Ftags&post=11539"}],"curies":[{"name":"wp","href":"https:\/\/api.w.org\/{rel}","templated":true}]}}