{"id":11535,"date":"2009-07-16T17:00:06","date_gmt":"2009-07-16T14:00:06","guid":{"rendered":"http:\/\/www.korhanyilmaz.com\/?p=11535"},"modified":"2009-07-16T17:00:06","modified_gmt":"2009-07-16T14:00:06","slug":"beyaz-toros%e2%80%99un-esrari-cozuldu","status":"publish","type":"post","link":"http:\/\/www.korhanyilmaz.com\/?p=11535","title":{"rendered":"Beyaz Toros\u2019un esrar\u0131 \u00e7\u00f6z\u00fcld\u00fc"},"content":{"rendered":"<p style=\"text-align: center;\"><img loading=\"lazy\" decoding=\"async\" class=\"aligncenter size-full wp-image-11537\" src=\"http:\/\/www.korhanyilmaz.com\/wp-content\/uploads\/2009\/07\/1707200901284039884061.jpg\" alt=\"\" width=\"329\" height=\"210\" \/><\/p>\n<p style=\"text-align: justify;\">Diyarbak\u0131r\u2019da a\u00e7\u0131lan davada, Kayseri eski \u0130l Jandarma Alay Komutan\u0131 Cemal Temiz\u00f6z\u2019\u00fcn olu\u015fturdu\u011fu ekibin, 1993-1995\u2019te beyaz Toros\u2019la onlarca ki\u015fiyi usuls\u00fcz g\u00f6zalt\u0131na ald\u0131\u011f\u0131, 6 ki\u015fiyi infaz etti\u011fi \u00f6ne s\u00fcr\u00fcld\u00fc.<\/p>\n<p style=\"text-align: justify;\">Kayser\u0130 eski \u0130l Jandarma Alay Komutan\u0131 Cemal Temiz\u00f6z\u2019\u00fcn ve eski Cizre Belediye Ba\u015fkan\u0131 Kamil Ata\u011f\u2019\u0131n da aralar\u0131nda bulundu\u011fu 6\u2019s\u0131 tutuklu 7 ki\u015fi hakk\u0131nda \u2018su\u00e7 \u00f6rg\u00fct\u00fc kurarak\u2019 1993 -1995aras\u0131nda Cizre\u2019de 20 ki\u015fiyi \u00f6ld\u00fcrd\u00fckleri iddias\u0131yla a\u00e7\u0131lan davada ilgin\u00e7 ayr\u0131nt\u0131lara yer verildi. \u0130ddianamede, \u00f6ld\u00fcr\u00fcld\u00fckten sonra araziye at\u0131lan 6 ki\u015finin \u2018beyaz Toros\u2019la g\u00f6rev yapan itiraf\u00e7\u0131 san\u0131klarca ka\u00e7\u0131r\u0131l\u0131p sorguland\u0131\u011f\u0131 anlat\u0131ld\u0131. Arac\u0131 Temiz\u00f6z\u2019\u00fcn komutanl\u0131\u011f\u0131 yapt\u0131\u011f\u0131 Cizre il\u00e7e Jandarma Komutanl\u0131\u011f\u0131\u2019n\u0131n kulland\u0131\u011f\u0131 b\u00f6lge halk\u0131 taraf\u0131ndan \u00f6ne s\u00fcr\u00fclm\u00fc\u015ft\u00fc. <!--more--><\/p>\n<p style=\"text-align: justify;\">Diyarbak\u0131r Cumhuriyet Ba\u015fsavc\u0131l\u0131\u011f\u0131\u2019n\u0131n haz\u0131rlad\u0131\u011f\u0131 104 sayfal\u0131k iddianamede, askerlerle birlikte \u2019farkl\u0131 konumda\u2019 g\u00f6rev yapan eski PKK\u2019l\u0131 itiraf\u00e7\u0131lar\u0131n \u00e7ok say\u0131da ki\u015fiyi bizzat sorgulad\u0131klar\u0131 anlat\u0131ld\u0131. Bu timin g\u00f6zalt\u0131na ald\u0131klar\u0131 ki\u015fiyi, beyaz Toros\u2019a bindirdikleri ve jandarma karakolu ya da \u00f6zel yerlerde sorgulad\u0131klar\u0131 tan\u0131k anlat\u0131mlar\u0131na dayan\u0131larak aktar\u0131ld\u0131.<\/p>\n<p style=\"text-align: justify;\">\u0130ddianamede, Cizre\u2019de 1993-1995 y\u0131llar\u0131 aras\u0131nda 55 faili me\u00e7hul cinayet i\u015flendi\u011fi belirtildi. Soru\u015fturmada, 20 \u00f6ld\u00fcrme olay\u0131n\u0131n san\u0131klarla ba\u011flant\u0131l\u0131 oldu\u011funun ortaya \u00e7\u0131kar\u0131ld\u0131\u011f\u0131 \u00f6ne s\u00fcr\u00fcld\u00fc. Tan\u0131k anlat\u0131mlar\u0131na g\u00f6re, b\u00f6lgede o d\u00f6nem b\u00fcy\u00fck panik ya\u015fanmas\u0131na neden Renault beyaz Toros ekibin faaliyetlerinde \u00f6nemli rol oynad\u0131.<\/p>\n<p style=\"text-align: justify;\">\u2018T\u00fckenmez Kalem\u2019 adl\u0131 gizli tan\u0131k, PKK\u2019dan koptuktan sonra bir s\u00fcre Cizre\u2019de devlet i\u00e7in faaliyet y\u00fcr\u00fctt\u00fc\u011f\u00fcn\u00fc ve il\u00e7ede olup bitenlere tan\u0131k oldu\u011funu s\u00f6yl\u00fcyor. Ve gizli tan\u0131\u011f\u0131n anlatt\u0131klar\u0131nda Toros \u00f6nemli yer tutuyor:<\/p>\n<p style=\"text-align: justify;\"><strong>El\u00e7i de Toros\u2019a bindirildi<\/strong><\/p>\n<p style=\"text-align: justify;\">\u201c1994 y\u0131l\u0131 yaz aylar\u0131nda Ramazan El\u00e7i i\u00e7in \u2019\u00f6rg\u00fcte yard\u0131m ediyor\u2019 raporu verildi. Yavuz isimli uzman ile Tuna isimli uzman \u00e7avu\u015f talimat \u00fczerine beyaz renkli bir Toros marka ara\u00e7la yola \u00e7\u0131kt\u0131. K\u00f6pr\u00fc \u00fczerinde El\u00e7i\u2019yi otoya ald\u0131lar. Silopi\u2019ye do\u011fru yola \u00e7\u0131kt\u0131k. Ramazan\u2019\u0131n kimli\u011fini ald\u0131. Terk edilmi\u015f bir yerde durduk. Tuna ara\u00e7tan inip Ramazan\u2019\u0131 kolundan \u00e7ekip a\u015fa\u011f\u0131ya indirdi. Duvar\u0131n kenar\u0131na g\u00f6t\u00fcrd\u00fc. Bir el silah sesi geldi, Tuna tek ba\u015f\u0131na arac\u0131n \u00f6n\u00fcne bindi, \u2019Pezevenk gitti\u2019 dedi. Sonra jandarma komutanl\u0131\u011f\u0131na gittik, Yavuz, \u0130l\u00e7e Jandarma Komutan\u0131 Cemal Temiz\u00f6z\u2019\u00fcn odas\u0131na \u00e7\u0131kt\u0131, kimlik de elindeydi&#8230;\u201d<\/p>\n<p style=\"text-align: justify;\"><strong>\u00d6ld\u00fcr\u00fclen 4 ki\u015fi de&#8230;<\/strong><\/p>\n<p style=\"text-align: justify;\">Bozalan k\u00f6y\u00fcn\u00fcn yak\u0131n\u0131nda 4 ki\u015finin \u00f6ld\u00fcr\u00fclerek g\u00f6m\u00fclmesi olay\u0131nda da Toros yer al\u0131yor. Gizli tan\u0131k \u015f\u00f6yle anlat\u0131yor: \u201cYavuz, \u2019Hadi g\u00f6rev var\u2019 dedi. \u0130ki beyaz Toros marka araca bindik. Tuna bizim arac\u0131, Adem Yak\u0131n di\u011ferini kullan\u0131yordu. Silopi yolunda bir arac\u0131 durdurduk, 4-5 ki\u015fiyi ara\u00e7lar\u0131m\u0131za ald\u0131k. Adem\u2019in arac\u0131ndaki ki\u015fi kendisini a\u015fa\u011f\u0131ya att\u0131, Adem ate\u015f ederek bu \u015fahs\u0131 yaralay\u0131p; arac\u0131n bagaj\u0131na att\u0131. Bozalan k\u00f6y\u00fcne yak\u0131n k\u00fc\u00e7\u00fck mezray\u0131 ge\u00e7tikte sonra, dere yata\u011f\u0131nda ara\u00e7lar\u0131 durdurduk. Yavuz ile Adem, bu 4-5 ki\u015fiyi bizden 50 metre kadar uzakla\u015ft\u0131ktan sonra Kale\u015f\u2019le tarayarak \u00f6ld\u00fcrd\u00fc. Cesetleri \u00f6ld\u00fckleri yerde \u00fczerlerine toprak att\u0131k. Yavuz kimlikleri Temiz\u00f6z\u2019e teslim ett.\u201d<\/p>\n<p style=\"text-align: justify;\"><span style=\"color: #888888;\"><span style=\"color: #000000;\"><strong>VATAN\u2019IN NOTU:<\/strong><\/span> <\/span>Savc\u0131l\u0131k, \u00f6ld\u00fcr\u00fclen d\u00f6rt ki\u015finin ad\u0131n\u0131 soru\u015fturma s\u0131ras\u0131nda \u015f\u00f6yle belirledi: S\u00fcleyman Gasyak (25), Abdulaziz Gasyak (13), \u00d6mer Candoruk( 38) Yahya Akman (17).<\/p>\n<p style=\"text-align: justify;\"><strong>Toros\u2019tan ate\u015f a\u00e7\u0131ld\u0131 <\/strong><\/p>\n<p style=\"text-align: justify;\">22 \u015eubat 1994\u2019te Nusaybin\u2019de Ramazan Uykur\u2019un vurulmas\u0131n\u0131 akrabalar\u0131 \u015f\u00f6yle anlatt\u0131: \u201cPlakas\u0131z beyaz Renault marka bir ara\u00e7 amcam\u0131 kolundan \u00e7ekerek arac\u0131n i\u00e7ine \u00e7ekmeye \u00e7al\u0131\u015ft\u0131. Amcam direndi. Ara\u00e7tan ate\u015f ettiler. Birisinin elinde tabanca di\u011ferinde Kala\u015fnikof vard\u0131. Amcam yere d\u00fc\u015ft\u00fc, ara\u00e7 h\u0131zla ka\u00e7t\u0131.\u201d<\/p>\n<p style=\"text-align: justify;\"><strong>C\u0130ZRE\u2019DEK\u0130 SUSURLUK<\/strong><\/p>\n<p style=\"text-align: justify;\">D\u0130yarbakIr Savc\u0131s\u0131 Erg\u00fcn Tokg\u00f6z, ididanamesinde \u2018Mafya-polis \u015fefi-politikac\u0131\u2019 ittifak\u0131 olarak bilinen Susurluk \u00c7etesi\u2019ne de g\u00f6ndermede bulundu. Yarg\u0131tay\u2019\u0131n Susurluk davas\u0131ndaki mahkumiyet karar\u0131n\u0131 onaylarken belirtti\u011fi \u015fu de\u011ferlendirmeyi iddianamesine ald\u0131: \u201cTer\u00f6rle m\u00fccadele ad\u0131 alt\u0131nda da olsa hukuk d\u0131\u015f\u0131 bir \u00f6rg\u00fctlenme ile devletin me\u015fru g\u00fc\u00e7leri gibi g\u00fc\u00e7 kullanarak y\u00fcr\u00fcrl\u00fckteki yasalar yerine kendi kurallar\u0131 ile s\u00f6zde yasalar olu\u015fturman\u0131n, devleti, hukuk devleti olmaktan \u00e7\u0131karaca\u011f\u0131, bu ko\u015fullarda da g\u00fc\u00e7l\u00fcn\u00fcn s\u00f6z\u00fcn\u00fcn ge\u00e7ti\u011fi, nerede ba\u015flay\u0131p nerede sona erece\u011fi belli olmayan her t\u00fcrl\u00fc yasad\u0131\u015f\u0131l\u0131\u011f\u0131n egemen oldu\u011fu bir sistem olu\u015faca\u011f\u0131, sonu\u00e7ta yurtta\u015f-devlet ili\u015fkisinde hukuk kurallar\u0131 yerine korku ve kayg\u0131n\u0131n ge\u00e7erli olaca\u011f\u0131, bunun da bir Anayasa ve yasa ihlalinin \u00f6tesinde tam bir hukuk ihlali niteli\u011fi ta\u015f\u0131yaca\u011f\u0131 ve hukuk devletinin b\u00fct\u00fcn\u00fc ile ortadan kalkmas\u0131 sonu\u00e7unu do\u011furaca\u011f\u0131 g\u00f6z \u00f6n\u00fcne al\u0131nd\u0131\u011f\u0131nda san\u0131klar\u0131n eylemler TCK\u2019n\u0131n 313. maddesine uyar niteliktedir.\u201d Savc\u0131, Cizre\u2019deki \u2019su\u00e7 \u00f6rg\u00fct\u00fcn\u00fc\u2019 Susurluk\u2019taki yap\u0131ya benzetirken \u015f\u00f6yle dedi: \u201cYukar\u0131da a\u00e7\u0131klanan tespitlerin gerek yap\u0131lanma gerekse kullan\u0131lan y\u00f6ntemler a\u00e7\u0131s\u0131ndan, tamam\u0131n\u0131n olay\u0131m\u0131zda \u015f\u00fcphelilerin olu\u015fturdu\u011fu te\u015fekk\u00fcl a\u00e7\u0131s\u0131ndan da b\u00fcy\u00fck benzerlikler g\u00f6stermekte.\u201d<\/p>\n<p style=\"text-align: justify;\"><span style=\"color: #888888;\">Kaynak : Vatan<\/span><\/p>\n","protected":false},"excerpt":{"rendered":"<p style=\"text-align: center;\">\n<p style=\"text-align: justify;\">Diyarbak\u0131r\u2019da a\u00e7\u0131lan davada, Kayseri eski \u0130l Jandarma Alay Komutan\u0131 Cemal Temiz\u00f6z\u2019\u00fcn olu\u015fturdu\u011fu ekibin, 1993-1995\u2019te beyaz Toros\u2019la onlarca ki\u015fiyi usuls\u00fcz g\u00f6zalt\u0131na ald\u0131\u011f\u0131, 6 ki\u015fiyi infaz etti\u011fi \u00f6ne s\u00fcr\u00fcld\u00fc.<\/p>\n<p style=\"text-align: justify;\">Kayser\u0130 eski \u0130l Jandarma Alay Komutan\u0131 Cemal Temiz\u00f6z\u2019\u00fcn ve eski Cizre Belediye Ba\u015fkan\u0131 Kamil Ata\u011f\u2019\u0131n da aralar\u0131nda bulundu\u011fu 6\u2019s\u0131 tutuklu 7 <\/p>\n","protected":false},"author":1,"featured_media":0,"comment_status":"open","ping_status":"closed","sticky":false,"template":"","format":"standard","meta":{"footnotes":""},"categories":[105],"tags":[],"class_list":["post-11535","post","type-post","status-publish","format-standard","hentry","category-gundem","odd"],"_links":{"self":[{"href":"http:\/\/www.korhanyilmaz.com\/index.php?rest_route=\/wp\/v2\/posts\/11535","targetHints":{"allow":["GET"]}}],"collection":[{"href":"http:\/\/www.korhanyilmaz.com\/index.php?rest_route=\/wp\/v2\/posts"}],"about":[{"href":"http:\/\/www.korhanyilmaz.com\/index.php?rest_route=\/wp\/v2\/types\/post"}],"author":[{"embeddable":true,"href":"http:\/\/www.korhanyilmaz.com\/index.php?rest_route=\/wp\/v2\/users\/1"}],"replies":[{"embeddable":true,"href":"http:\/\/www.korhanyilmaz.com\/index.php?rest_route=%2Fwp%2Fv2%2Fcomments&post=11535"}],"version-history":[{"count":0,"href":"http:\/\/www.korhanyilmaz.com\/index.php?rest_route=\/wp\/v2\/posts\/11535\/revisions"}],"wp:attachment":[{"href":"http:\/\/www.korhanyilmaz.com\/index.php?rest_route=%2Fwp%2Fv2%2Fmedia&parent=11535"}],"wp:term":[{"taxonomy":"category","embeddable":true,"href":"http:\/\/www.korhanyilmaz.com\/index.php?rest_route=%2Fwp%2Fv2%2Fcategories&post=11535"},{"taxonomy":"post_tag","embeddable":true,"href":"http:\/\/www.korhanyilmaz.com\/index.php?rest_route=%2Fwp%2Fv2%2Ftags&post=11535"}],"curies":[{"name":"wp","href":"https:\/\/api.w.org\/{rel}","templated":true}]}}