{"id":11527,"date":"2009-07-16T17:05:32","date_gmt":"2009-07-16T14:05:32","guid":{"rendered":"http:\/\/www.korhanyilmaz.com\/?p=11527"},"modified":"2009-07-16T17:05:32","modified_gmt":"2009-07-16T14:05:32","slug":"kapali-alanda-sigara-icmek-icin-%e2%80%98deli%e2%80%99-olmak-lazim","status":"publish","type":"post","link":"http:\/\/www.korhanyilmaz.com\/?p=11527","title":{"rendered":"Kapal\u0131 alanda sigara i\u00e7mek i\u00e7in \u2018deli\u2019 olmak laz\u0131m!"},"content":{"rendered":"<p style=\"text-align: center;\"><img loading=\"lazy\" decoding=\"async\" class=\"aligncenter size-full wp-image-11528\" title=\"170720090121408539820\" src=\"http:\/\/www.korhanyilmaz.com\/wp-content\/uploads\/2009\/07\/170720090121408539820.jpg\" alt=\"170720090121408539820\" width=\"329\" height=\"210\" \/><\/p>\n<p style=\"text-align: justify;\"><strong>19 Temmuz\u2019dan sonra yasa\u011fa ra\u011fmen nerelerde sigara i\u00e7ilebilinecek? <\/strong><\/p>\n<p style=\"text-align: justify;\">19 Temmuz\u2019da y\u00fcr\u00fcrl\u00fc\u011fe girecek sigara yasa\u011f\u0131n\u0131n genelgesine g\u00f6re, apartman merdivenleri ve tente alt\u0131 dahil t\u00fcm kapal\u0131 alanlarda sigara yasak. Ancak 3 istisna var: Ak\u0131l hastaneleri, cezaevleri ve ya\u015fl\u0131 bak\u0131m evleri gibi kurumlarda kapal\u0131 alanlar\u0131n y\u00fczde 10\u2019unda sigara i\u00e7ilebilecek.<\/p>\n<p style=\"text-align: justify;\">Sigara yasa\u011f\u0131na 2 g\u00fcn kald\u0131. Gelecek pazar g\u00fcn\u00fcnden itibaren kapal\u0131 mekanlarda kesinlikle sigara i\u00e7ilemeyecek. Ba\u015fbakanl\u0131k sigara yasa\u011f\u0131 kapsam\u0131n\u0131n 19 Temmuz\u2019dan itibaren geni\u015fletilmesi nedeniyle uygulama birli\u011finin sa\u011flanmas\u0131 ve herhangi bir aksakl\u0131k ya\u015fanmamas\u0131 i\u00e7in genelge yay\u0131mlad\u0131. Sigara yasa\u011f\u0131n\u0131n ayr\u0131nt\u0131lar\u0131n\u0131 d\u00fczenleyen y\u00f6netmeli\u011fe g\u00f6re, kapal\u0131 alanda sigara i\u00e7ebilecek ki\u015filer sadece ak\u0131l hastalar\u0131, mahkumlar ve ya\u015fl\u0131lar olacak. Sigara yasa\u011f\u0131n\u0131n \u2019uygulama esaslar\u0131n\u0131n ayr\u0131nt\u0131lar\u0131n\u0131\u2019Sigara ve Sa\u011fl\u0131k Ulusal Komitesi Ba\u015fkan\u0131 Prof. Dr. Elif Da\u011fl\u0131, \u201c\u015eahsa \u00f6zel ya da kamuya ait t\u00fcm kapal\u0131 alanlar sigara i\u00e7imi yasak olacak. Sadece \u00fc\u00e7 istisna var. Hapishaneler, ya\u015fl\u0131 bak\u0131m evleri ve ak\u0131l hastanelerin de y\u00fczde onundan fazlas\u0131nda sigara i\u00e7ilmeyecek. Ancak buralara 18 ya\u015f\u0131ndan k\u00fc\u00e7\u00fckler giremeyecek.\u201d <!--more--><\/p>\n<p style=\"text-align: justify;\"><strong>Akda\u011f: Geri ad\u0131m yok<\/strong><\/p>\n<p style=\"text-align: justify;\">D\u00fcn bir bas\u0131n toplant\u0131s\u0131 d\u00fczenleyen Sa\u011fl\u0131k Bakan\u0131 Recep akda\u011f da yasada geri ad\u0131m at\u0131lmayaca\u011f\u0131n\u0131 s\u00f6yledi ve yeni kurallarla ilgili bilgi verdi: \u201c\u00c7ok net ifade ediyorum; \u2019kapal\u0131 mekanlarda \u00f6zel yerler yap\u0131ls\u0131n, buralarda iyi klima sistemleri haz\u0131rlans\u0131n ve sigara i\u00e7ilmesine m\u00fcsaade edilsin\u2019\u015feklinde bir uygulama 19 Temmuz tarihinden itibaren olamaz. S\u00fcreyi uzatmay\u0131 ya da uygulamay\u0131 taleplere g\u00f6re de\u011fi\u015ftirmeyi de asla d\u00fc\u015f\u00fcnm\u00fcyoruz.\u201d<\/p>\n<p style=\"text-align: justify;\"><strong>Okey\u2019e 5\u2019inci gerekecek!<\/strong><\/p>\n<p style=\"text-align: justify;\">\u201cBu kanundan zarar g\u00f6recek bir tek sekt\u00f6r vard\u0131r. O da sigara \u00fcreten ve satanlar\u0131n sekt\u00f6r\u00fcd\u00fcr. Ba\u015fka kimse bundan zarar g\u00f6rmeyecektir. Sigara i\u00e7ilmiyor diye lokantaya da m\u0131 gitmeyeceksiniz? Sevdi\u011finiz yiyecekleri oralarda yemekten vaz m\u0131 ge\u00e7eceksiniz? Vatanda\u015f\u0131m\u0131z kahvehaneye gidip okey oynad\u0131\u011f\u0131nda en fazla 5. ki\u015fiye diyecek ki \u2019arkada\u015f, benim ta\u015flara 2 dakika bak, ben bir sigara i\u00e7ip geleyim\u2019.\u201d<\/p>\n<p style=\"text-align: justify;\"><strong>Evler ve a\u00e7\u0131k alanda serbest<\/strong><\/p>\n<p style=\"text-align: justify;\">19 Temmuz\u2019dan itibaren ikamete mahsus evlerde, kahvehane, kafeterya, birahane, nargile i\u00e7ilen mekanlar, dernek ve vak\u0131flara ait lokaller gibi e\u011flence hizmeti verilen i\u015fletmeler ve lokantalar dahil kamu ve \u00f6zel hukuk ki\u015filerine ait t\u00fcm binalar\u0131n a\u00e7\u0131k alanlar\u0131nda t\u00fct\u00fcn \u00fcr\u00fcnleri i\u00e7ilebilecek.<\/p>\n<p style=\"text-align: justify;\"><strong>Yasa\u011f\u0131 delmek i\u00e7in dernek kurdular ama&#8230;<\/strong><\/p>\n<p style=\"text-align: justify;\">S\u0130GARA yasaklar\u0131na kar\u015f\u0131 ilgin\u00e7 bir \u00e7\u00f6z\u00fcm D\u00fczce\u2019den geldi. Sigaray\u0131 kahvehanesinde serbest k\u0131lmak i\u00e7in \u0130brahim Seyman, \u201cD\u00fczce Sigaray\u0131 ve T\u00fct\u00fcn Mamullerini Sevenler ve \u0130\u00e7enler Derne\u011fi\u201dni kurdu. T\u00fcrkiye\u2019de bir ilk olan derne\u011fin ba\u015fkan\u0131 Seyman VATAN\u2019a konu\u015ftu. Devletin sigara yasa\u011f\u0131na kar\u015f\u0131 olmad\u0131klar\u0131n\u0131 sadece fakat sigaray\u0131 sevdikleri i\u00e7in b\u00f6yle bir \u00e7\u00f6z\u00fcm bulduklar\u0131n\u0131 s\u00f6ylebelirten Saylan, \u201cDernekte sigara i\u00e7ece\u011fiz\u201d dedi. Ancak yasa buna da izin vermiyor. Sigara ve Sa\u011fl\u0131k Ulusal Komitesi Ba\u015fkan\u0131 Prof. Dr. Elif Da\u011fl\u0131 \u201cBu t\u00fcr derneklerin kurulmas\u0131 yasald\u0131r. Ancak bu derneklerde ortak insanlar\u0131n bir arada oldu\u011fu kamusal alan oldu\u011fu i\u00e7in burada da sigara i\u00e7ilmesi yasak olacakt\u0131r. Gereken cezay\u0131 \u00f6demeleri gerekir. Bu t\u00fcr derneklerin T\u00fcrkiye\u2019de \u00e7o\u011falmas\u0131 s\u00f6z konusu olamaz \u00e7\u00fcnk\u00fc dernekler de ne ama\u00e7 alt\u0131nda olursa olsun yasa\u011f\u0131 delmek i\u00e7in bir zemin haz\u0131rlam\u0131yor\u201d diyerek D\u00fczceli giri\u015fimcinin hevesini kursa\u011f\u0131nda b\u0131rakt\u0131.<\/p>\n<p style=\"text-align: justify;\"><strong>C\u0130N F\u0130K\u0130RLER \u0130\u015e BA\u015eINDA<\/strong><\/p>\n<p style=\"text-align: justify;\">19 Temmuz\u2018da ba\u015flayacak kapal\u0131 mekanlarda sigara yasa\u011f\u0131na kar\u015f\u0131 yeni \u00e7\u00f6z\u00fcmler de ortaya \u00e7\u0131kmaya ba\u015flad\u0131. Ama yasa t\u00fcm bu giri\u015fimleri dikkate alm\u0131\u015f olacak ki, yasa\u011f\u0131n delinmesine imkan tan\u0131m\u0131yor.<\/p>\n<p style=\"text-align: justify;\"><span style=\"color: #888888;\">Duygu \u00d6ZEL \/ VATAN HABER MERKEZ\u0130<\/span><\/p>\n","protected":false},"excerpt":{"rendered":"<p style=\"text-align: center;\">\n<p style=\"text-align: justify;\">19 Temmuz\u2019dan sonra yasa\u011fa ra\u011fmen nerelerde sigara i\u00e7ilebilinecek? <\/p>\n<p style=\"text-align: justify;\">19 Temmuz\u2019da y\u00fcr\u00fcrl\u00fc\u011fe girecek sigara yasa\u011f\u0131n\u0131n genelgesine g\u00f6re, apartman merdivenleri ve tente alt\u0131 dahil t\u00fcm kapal\u0131 alanlarda sigara yasak. Ancak 3 istisna var: Ak\u0131l hastaneleri, cezaevleri ve ya\u015fl\u0131 bak\u0131m evleri gibi kurumlarda kapal\u0131 alanlar\u0131n y\u00fczde 10\u2019unda sigara i\u00e7ilebilecek.<\/p>\n<p  \n\n","protected":false},"author":1,"featured_media":0,"comment_status":"open","ping_status":"closed","sticky":false,"template":"","format":"standard","meta":{"footnotes":""},"categories":[105],"tags":[],"class_list":["post-11527","post","type-post","status-publish","format-standard","hentry","category-gundem","odd"],"_links":{"self":[{"href":"http:\/\/www.korhanyilmaz.com\/index.php?rest_route=\/wp\/v2\/posts\/11527","targetHints":{"allow":["GET"]}}],"collection":[{"href":"http:\/\/www.korhanyilmaz.com\/index.php?rest_route=\/wp\/v2\/posts"}],"about":[{"href":"http:\/\/www.korhanyilmaz.com\/index.php?rest_route=\/wp\/v2\/types\/post"}],"author":[{"embeddable":true,"href":"http:\/\/www.korhanyilmaz.com\/index.php?rest_route=\/wp\/v2\/users\/1"}],"replies":[{"embeddable":true,"href":"http:\/\/www.korhanyilmaz.com\/index.php?rest_route=%2Fwp%2Fv2%2Fcomments&post=11527"}],"version-history":[{"count":0,"href":"http:\/\/www.korhanyilmaz.com\/index.php?rest_route=\/wp\/v2\/posts\/11527\/revisions"}],"wp:attachment":[{"href":"http:\/\/www.korhanyilmaz.com\/index.php?rest_route=%2Fwp%2Fv2%2Fmedia&parent=11527"}],"wp:term":[{"taxonomy":"category","embeddable":true,"href":"http:\/\/www.korhanyilmaz.com\/index.php?rest_route=%2Fwp%2Fv2%2Fcategories&post=11527"},{"taxonomy":"post_tag","embeddable":true,"href":"http:\/\/www.korhanyilmaz.com\/index.php?rest_route=%2Fwp%2Fv2%2Ftags&post=11527"}],"curies":[{"name":"wp","href":"https:\/\/api.w.org\/{rel}","templated":true}]}}