{"id":11522,"date":"2009-07-16T17:43:42","date_gmt":"2009-07-16T14:43:42","guid":{"rendered":"http:\/\/www.korhanyilmaz.com\/?p=11522"},"modified":"2009-07-16T17:43:42","modified_gmt":"2009-07-16T14:43:42","slug":"ben-dogru-bildigimi-soylerim","status":"publish","type":"post","link":"http:\/\/www.korhanyilmaz.com\/?p=11522","title":{"rendered":"&#039;Ben do\u011fru bildi\u011fimi s\u00f6ylerim&#039;"},"content":{"rendered":"<p><img loading=\"lazy\" decoding=\"async\" class=\"aligncenter size-full wp-image-11523\" src=\"http:\/\/www.korhanyilmaz.com\/wp-content\/uploads\/2009\/07\/170720090031424850541.jpg\" alt=\"\" width=\"320\" height=\"100\" \/><\/p>\n<p style=\"text-align: justify;\"><strong>Yarg\u0131tay Ba\u015fkan\u0131&#8217;ndan \u00c7i\u00e7ek&#8217;e sert cevap <\/strong><\/p>\n<p style=\"text-align: justify;\">ANKARA- Ba\u015fbakan Yard\u0131mc\u0131s\u0131, H\u00fck\u00fcmet S\u00f6zc\u00fcs\u00fc Cemil \u00c7i\u00e7ek ile Yarg\u0131tay Ba\u015fkan\u0131 Hasan Ger\u00e7eker aras\u0131ndaki \u201cat\u0131\u015fma\u201d s\u00fcr\u00fcyor. Ger\u00e7eker\u2019in askerlere sivil yarg\u0131 yolunu a\u00e7an yasaya ili\u015fkin s\u00f6zlerine sert tepki g\u00f6steren \u00c7i\u00e7ek\u2019e d\u00fcn Yarg\u0131tay Ba\u015fkan\u0131\u2019ndan yan\u0131t geldi. Ger\u00e7eker, \u015funlar\u0131 s\u00f6yledi:<\/p>\n<p style=\"text-align: justify;\">* S\u00f6yledi\u011fim s\u00f6zler bir b\u00fct\u00fcnl\u00fck i\u00e7inde de\u011ferlendirilseydi, \u00f6yle bir anlam \u00e7\u0131kmas\u0131 m\u00fcmk\u00fcn de\u011fil. Bu t\u00fcr d\u00fczenlemeler Anayasa de\u011fi\u015fikli\u011fiyle birlikte yap\u0131lsayd\u0131 bu tart\u0131\u015fmalar ortaya \u00e7\u0131kmazd\u0131. Biz \u2019askeri yarg\u0131 alan\u0131nda bir de\u011fi\u015fiklik yap\u0131lmas\u0131n\u2019 demiyoruz. B\u00fct\u00fcnl\u00fck i\u00e7inde yap\u0131ls\u0131n. Yap\u0131lan bir yanl\u0131\u015fl\u0131k varsa yanl\u0131\u015fl\u0131\u011f\u0131n devam etmemesini sa\u011flamak a\u00e7\u0131s\u0131ndan bu benim hem sorumluluk hem yetkim dahilinde olan bir \u015fey. Sadece kendi d\u00fc\u015f\u00fcncelerimi ortaya koyuyorum. <!--more--><\/p>\n<p style=\"text-align: justify;\">* Askeri yarg\u0131 sisteminde AB m\u00fcktesebat\u0131na ayk\u0131r\u0131 konular varsa elbette bunlar olmal\u0131 ama Anayasa de\u011fi\u015fikli\u011fi yap\u0131larak. Demokratik bir tart\u0131\u015fma ortam\u0131nda olmas\u0131 gerekli. Bir kelimeyi de\u011fi\u015ftirmekle i\u015f bitmiyor. Anayasa maddesiyle, Askeri Ceza Kanunu ile Askeri Usul Kanunu ile \u00e7eli\u015fki var m\u0131 yok mu? Bunlara bak\u0131lmal\u0131. \u00c7eli\u015fki ortaya \u00e7\u0131k\u0131yor. Bunlar bizim g\u00f6revimizin i\u00e7inde olan \u015feyler. Yar\u0131n bunlar sorun olarak kar\u015f\u0131m\u0131za \u00e7\u0131kacak. Ben burada do\u011fru bildi\u011fim \u015feyi s\u00f6ylemeyece\u011fim de ne s\u00f6yleyece\u011fim? Bunun siyasalla\u015fmayla ne alakas\u0131 var? Hayat\u0131m boyunca, demokrasi m\u00fccadelesi verdim.<\/p>\n<p style=\"text-align: justify;\"><span style=\"color: #888888;\">Kaynak : Vatan<\/span><\/p>\n","protected":false},"excerpt":{"rendered":"<\/p>\n<p style=\"text-align: justify;\">Yarg\u0131tay Ba\u015fkan\u0131&#8217;ndan \u00c7i\u00e7ek&#8217;e sert cevap <\/p>\n<p style=\"text-align: justify;\">ANKARA- Ba\u015fbakan Yard\u0131mc\u0131s\u0131, H\u00fck\u00fcmet S\u00f6zc\u00fcs\u00fc Cemil \u00c7i\u00e7ek ile Yarg\u0131tay Ba\u015fkan\u0131 Hasan Ger\u00e7eker aras\u0131ndaki \u201cat\u0131\u015fma\u201d s\u00fcr\u00fcyor. Ger\u00e7eker\u2019in askerlere sivil yarg\u0131 yolunu a\u00e7an yasaya ili\u015fkin s\u00f6zlerine sert tepki g\u00f6steren \u00c7i\u00e7ek\u2019e d\u00fcn Yarg\u0131tay Ba\u015fkan\u0131\u2019ndan yan\u0131t geldi. Ger\u00e7eker, \u015funlar\u0131 s\u00f6yledi:<\/p>\n<p style=\"text-align: justify;\">* S\u00f6yledi\u011fim s\u00f6zler bir b\u00fct\u00fcnl\u00fck i\u00e7inde <\/p>\n","protected":false},"author":1,"featured_media":0,"comment_status":"open","ping_status":"closed","sticky":false,"template":"","format":"standard","meta":{"footnotes":""},"categories":[105],"tags":[],"class_list":["post-11522","post","type-post","status-publish","format-standard","hentry","category-gundem","odd"],"_links":{"self":[{"href":"http:\/\/www.korhanyilmaz.com\/index.php?rest_route=\/wp\/v2\/posts\/11522","targetHints":{"allow":["GET"]}}],"collection":[{"href":"http:\/\/www.korhanyilmaz.com\/index.php?rest_route=\/wp\/v2\/posts"}],"about":[{"href":"http:\/\/www.korhanyilmaz.com\/index.php?rest_route=\/wp\/v2\/types\/post"}],"author":[{"embeddable":true,"href":"http:\/\/www.korhanyilmaz.com\/index.php?rest_route=\/wp\/v2\/users\/1"}],"replies":[{"embeddable":true,"href":"http:\/\/www.korhanyilmaz.com\/index.php?rest_route=%2Fwp%2Fv2%2Fcomments&post=11522"}],"version-history":[{"count":0,"href":"http:\/\/www.korhanyilmaz.com\/index.php?rest_route=\/wp\/v2\/posts\/11522\/revisions"}],"wp:attachment":[{"href":"http:\/\/www.korhanyilmaz.com\/index.php?rest_route=%2Fwp%2Fv2%2Fmedia&parent=11522"}],"wp:term":[{"taxonomy":"category","embeddable":true,"href":"http:\/\/www.korhanyilmaz.com\/index.php?rest_route=%2Fwp%2Fv2%2Fcategories&post=11522"},{"taxonomy":"post_tag","embeddable":true,"href":"http:\/\/www.korhanyilmaz.com\/index.php?rest_route=%2Fwp%2Fv2%2Ftags&post=11522"}],"curies":[{"name":"wp","href":"https:\/\/api.w.org\/{rel}","templated":true}]}}