{"id":11506,"date":"2009-07-16T13:26:55","date_gmt":"2009-07-16T10:26:55","guid":{"rendered":"http:\/\/www.korhanyilmaz.com\/?p=11506"},"modified":"2009-07-16T13:26:55","modified_gmt":"2009-07-16T10:26:55","slug":"issizler-ordusu-buyuyor","status":"publish","type":"post","link":"http:\/\/www.korhanyilmaz.com\/?p=11506","title":{"rendered":"\u0130\u015fsizler Ordusu B\u00fcy\u00fcyor"},"content":{"rendered":"<p style=\"text-align: center;\"><img loading=\"lazy\" decoding=\"async\" class=\"aligncenter size-full wp-image-11507\" src=\"http:\/\/www.korhanyilmaz.com\/wp-content\/uploads\/2009\/07\/worker_1247740196.jpg\" alt=\"\" width=\"270\" height=\"207\" \/><\/p>\n<p style=\"text-align: justify;\">T\u00fcrkiye \u0130statistik Kurumu\u2019nun nisan ay\u0131 i\u015fsizlik oran\u0131 rakamlar\u0131na g\u00f6re, ge\u00e7en y\u0131l\u0131n ayn\u0131 d\u00f6nemine g\u00f6re i\u015fsizlik y\u00fczde 5 artarak y\u00fczde 14.9\u2019a y\u00fckseldi. \u0130\u015fsiz say\u0131s\u0131 3.6 milyona \u00e7\u0131kt\u0131. Her d\u00f6rt gen\u00e7ten birinin i\u015fsiz kald\u0131\u011f\u0131 yurtta, ger\u00e7ek i\u015fsiz rakam\u0131 ise bu say\u0131n\u0131n \u00e7ok \u00fcst\u00fcnde<\/p>\n<p>T\u00fcrkiye&#8217;de, 2009 y\u0131l\u0131 Nisan ay\u0131nda, i\u015fsizlik oran\u0131 bir \u00f6nceki y\u0131l\u0131n ayn\u0131 d\u00f6nemine g\u00f6re 5 puan artarak y\u00fczde 14,9&#8217;a y\u00fckseldi. T\u00fcrkiye \u0130statistik Kurumunun (T\u00dc\u0130K) \u00fc\u00e7er ayl\u0131k d\u00f6nemler itibar\u0131yla her ay a\u00e7\u0131klad\u0131\u011f\u0131 Hanehalk\u0131 \u0130\u015fg\u00fcc\u00fc Anketinin, &#8221;Mart-Nisan-May\u0131s 2009&#8221; d\u00f6nemini kapsayan, &#8221;Nisan&#8221; sonu\u00e7lar\u0131na g\u00f6re, bu d\u00f6nemde i\u015f g\u00fcc\u00fcne kat\u0131l\u0131m oran\u0131 ise y\u00fczde 47,2 olarak hesapland\u0131.<!--more--><\/p>\n<p><strong>1 M\u0130LYON 285 B\u0130N ARTTI<\/strong><br \/>\n\u0130\u015fsizlik oran\u0131 kentlerde y\u00fczde 17,5, k\u0131rsal kesimde y\u00fczde 9,5 olarak belirlendi. T\u00fcrkiye&#8217;deki i\u015fsiz say\u0131s\u0131, Nisan 2009 d\u00f6neminde, bir \u00f6nceki y\u0131l\u0131n ayn\u0131 d\u00f6nemine g\u00f6re 1 milyon 285 bin ki\u015fi artarak, 3 milyon 618 bin ki\u015fi oldu. Bu d\u00f6nemde istihdam edilenlerin say\u0131s\u0131 ise bir \u00f6nceki y\u0131la k\u0131yasla 530 bin ki\u015fi azal\u0131\u015fla 20 milyon 698 bin ki\u015fiye indi. \u0130\u015fg\u00fcc\u00fc anketine g\u00f6re, Nisan d\u00f6neminde T\u00fcrkiye&#8217;de kurumsal olmayan sivil n\u00fcfus, bir \u00f6nceki y\u0131l\u0131n ayn\u0131 d\u00f6nemine g\u00f6re 819 bin ki\u015filik art\u0131\u015fla 70 milyon 698 bin ki\u015fiye, kurumsal olmayan \u00e7al\u0131\u015fma \u00e7a\u011f\u0131ndaki n\u00fcfus da 880 bin ki\u015fi artarak, 51 milyon 507 bin ki\u015fiye ula\u015ft\u0131.<\/p>\n<p><strong>3 M\u0130LYON 618 B\u0130N \u0130\u015eS\u0130Z<\/strong><br \/>\nBu d\u00f6nemde, tar\u0131m sekt\u00f6r\u00fcnde \u00e7al\u0131\u015fan say\u0131s\u0131 94 bin ki\u015fi, tar\u0131m d\u0131\u015f\u0131 sekt\u00f6rlerde \u00e7al\u0131\u015fan say\u0131s\u0131 ise 436 bin ki\u015fi azald\u0131.\u0130stihdam edilenlerin y\u00fczde 24&#8217;\u00fc tar\u0131m, y\u00fczde 19,2&#8217;si sanayi, y\u00fczde 5,6&#8217;s\u0131 in\u015faat, y\u00fczde 51,2&#8217;si ise hizmetler sekt\u00f6r\u00fcnde yer ald\u0131.<br \/>\nT\u00fcrkiye genelinde i\u015fsiz say\u0131s\u0131, Nisan d\u00f6neminde, 2008&#8217;in ayn\u0131 d\u00f6nemine g\u00f6re 1 milyon 285 bin ki\u015fi artarak 3 milyon 618 bin ki\u015fiye y\u00fckseldi. \u0130\u015fsizlik oran\u0131 ise 5 puanl\u0131k art\u0131\u015fla y\u00fczde 14,9 seviyesinde ger\u00e7ekle\u015fti. Kentsel yerlerde i\u015fsizlik oran\u0131 5,7 puanl\u0131k art\u0131\u015fla y\u00fczde 17,5&#8217;e, k\u0131rsal yerlerde ise 3,4 puanl\u0131k art\u0131\u015fla y\u00fczde 9,5 oldu.<\/p>\n<p><strong>GEN\u00c7 N\u00dcFUSTA \u0130\u015eS\u0130ZL\u0130K Y\u00dcZDE 26,5<\/strong><br \/>\nNisan 2009 d\u00f6neminde gen\u00e7 n\u00fcfusta i\u015fsizlik oran\u0131 y\u00fczde 26,5 olarak hesapland\u0131. Bu oran 2008 y\u0131l\u0131n\u0131n ayn\u0131 d\u00f6neminde y\u00fczde 17,6, 2009 y\u0131l\u0131n\u0131n Mart ay\u0131nda y\u00fczde 27,5 idi. T\u00fcrkiye&#8217;de tar\u0131m d\u0131\u015f\u0131 i\u015fsizlik oran\u0131, ge\u00e7en y\u0131l\u0131n ayn\u0131 d\u00f6nemine g\u00f6re 5,9 puan artarak y\u00fczde 18,2 oldu. Bu oran erkeklerde ge\u00e7en y\u0131l\u0131n ayn\u0131 d\u00f6nemine g\u00f6re 5,8 puanl\u0131k art\u0131\u015fla y\u00fczde 17,1, kad\u0131nlarda ise 5,4 puanl\u0131k y\u00fckseli\u015fle y\u00fczde 21,6 oldu.<\/p>\n<p><strong>GER\u00c7EK \u0130\u015eS\u0130ZL\u0130K DAHA Y\u00dcKSEK<\/strong><br \/>\nT\u00dc\u0130K, aralar\u0131nda i\u015f bulma umudu olmayanlar\u0131n da yer ald\u0131\u011f\u0131 i\u015fsizlik oran\u0131na i\u015f aramay\u0131p, \u00e7al\u0131\u015fmaya haz\u0131r olanlar ile mevsimlik \u00e7al\u0131\u015ft\u0131\u011f\u0131 i\u00e7in i\u015fsiz durumda bulunanlar\u0131 dahil etmeksizin i\u015fsizlik oran\u0131n\u0131 belirliyor. An\u0131lan iki grup dahil edilerek yap\u0131lan hesap ise ger\u00e7ek i\u015fsizli\u011fin, resmi say\u0131n\u0131n \u00e7ok \u00fczerine \u00e7\u0131kt\u0131\u011f\u0131n\u0131 g\u00f6sterdi. Buna g\u00f6re; i\u015f aramay\u0131p \u00e7al\u0131\u015fmaya haz\u0131r olan 2 milyon 486 bin ki\u015fi ile mevsimlik \u00e7al\u0131\u015ft\u0131\u011f\u0131 i\u00e7in halen i\u015fsiz durumda bulunan 183 bin ki\u015fi eklenerek hesaplanan ger\u00e7ek i\u015fsiz say\u0131s\u0131n\u0131n 6 milyon 598 bin olmas\u0131 gerekiyor.<\/p>\n<p><strong>PATRONLAR: \u0130\u015eS\u0130ZL\u0130K KRON\u0130K B\u0130R HAL ALDI<\/strong><br \/>\nT\u00fcrkiye \u0130\u015fveren Sendikalar\u0131 Konfederasyonu (T\u0130SK) Y\u00f6netim Kurulu Ba\u015fkan\u0131 Tu\u011frul Kudatgobilik, i\u015fsizli\u011fin direncini s\u00fcrd\u00fcrd\u00fc\u011f\u00fcn\u00fc belirterek, bu durumun i\u015fsizli\u011fin \u00f6n\u00fcm\u00fczdeki d\u00f6nemde daha kronik bir hal alaca\u011f\u0131n\u0131n g\u00f6stergesi oldu\u011funu kaydetti.<\/p>\n<p><strong>D\u0130SK\u2019e g\u00f6re i\u015fsiz say\u0131s\u0131 5 milyon 837 bini buldu<\/strong><\/p>\n<p>\u0130\u015e\u00c7\u0130Y\u0130 maliyet \u00f6\u011fesi olarak g\u00f6ren politikalarla i\u015fsizli\u011fin azalt\u0131lamayaca\u011f\u0131na dikkat \u00e7eken T\u00fcrkiye Devrimci \u0130\u015f\u00e7i Sendikalar\u0131 Konfederasyonu\u2019na (D\u0130SK) g\u00f6re, Nisan 2009\u2019da ger\u00e7ek i\u015fsiz say\u0131s\u0131 5 milyon 837 bin olurken, ger\u00e7ek i\u015fsizlik oran\u0131 y\u00fczde 22 d\u00fczeyinde ger\u00e7ekle\u015fti. \u0130\u015fsizli\u011fin artt\u0131\u011f\u0131n\u0131, sadece i\u015fsizlik art\u0131\u015f h\u0131z\u0131n\u0131n nispeten yava\u015flad\u0131\u011f\u0131n\u0131 a\u00e7\u0131klayan D\u0130SK, \u201ciyimserlik\u201d in\u015fa etmek i\u00e7in i\u015fsizlik verilerinin bir ay \u00f6nceki rakamlarla k\u0131yaslanmas\u0131n\u0131n yeterli olmad\u0131\u011f\u0131na i\u015faret etti.<\/p>\n<p><strong>GER\u00c7EK \u0130\u015eS\u0130Z ORANI Y\u00dcZDE 22<\/strong><br \/>\nD\u0130SK Ara\u015ft\u0131rma Merkezi\u2019nden yap\u0131lan a\u00e7\u0131klamada, \u201cT\u00dc\u0130K resmi verilerine g\u00f6re 2008 Nisan\u2019\u0131nda 2 milyon 115 olan bu kategorideki i\u015fsiz say\u0131s\u0131 104 bin ki\u015fi artarak Nisan 2009\u2019da 2 milyon 219 bine \u00e7\u0131kt\u0131. Ger\u00e7ek i\u015fsiz say\u0131s\u0131na ula\u015fmak i\u00e7in bu kategoriyi, resmi i\u015fsiz say\u0131s\u0131na d\u00e2hil etti\u011fimizde toplam i\u015fsiz say\u0131s\u0131 5 milyon 837 bine ula\u015ft\u0131\u201d denildi. D\u0130SK\u2019in yapt\u0131\u011f\u0131 hesaplamalara g\u00f6re 2009 y\u0131l\u0131 Nisan\u2019da ger\u00e7ek i\u015fsiz oran\u0131 y\u00fczde 22 oldu. \u0130\u015fsizlikte tarihi rekorun k\u0131r\u0131ld\u0131\u011f\u0131 \u015fubat ay\u0131nda ger\u00e7ek i\u015fsiz say\u0131s\u0131 6 milyon 471 bin, ger\u00e7ek i\u015fsizlik oran\u0131 y\u00fczde 24.7, Mart ay\u0131nda ger\u00e7ek i\u015fsiz say\u0131s\u0131 6 milyon 249 bin, ger\u00e7ek i\u015fsizlik oran\u0131 ise 23.7 olarak hesaplanm\u0131\u015ft\u0131.<\/p>\n<p><strong>T\u00dcRK-\u0130\u015e: DEVLET ANLAYI\u015eI DE\u011e\u0130\u015eMEL\u0130<\/strong><br \/>\nT\u00fcrk-\u0130\u015f yap\u0131sal sorun haline d\u00f6n\u00fc\u015fen i\u015fsizli\u011fin, sosyal devlet yakla\u015f\u0131m\u0131yla \u00e7\u00f6z\u00fclebilece\u011fini a\u00e7\u0131klad\u0131. \u0130\u015fverenlerin taleplerini yerine getirmekle, k\u0131smi ve ge\u00e7ici yakla\u015f\u0131mlarla i\u015fsizlik sorunun \u00e7\u00f6z\u00fcme kavu\u015fturulmas\u0131n\u0131n m\u00fcmk\u00fcn olmad\u0131\u011f\u0131na dikkat \u00e7eken T\u00fcrk-\u0130\u015f, T\u00dc\u0130K taraf\u0131ndan a\u00e7\u0131klanan i\u015fsizlik rakamlar\u0131n\u0131n \u00f6zellikle siyasal iktidar taraf\u0131ndan dikkatle de\u011ferlendirilmesi gerekti\u011fini vurgulad\u0131.<\/p>\n<p style=\"text-align: justify;\"><span style=\"color: #888888;\">BirG\u00fcn<\/span><\/p>\n","protected":false},"excerpt":{"rendered":"<p style=\"text-align: center;\">\n<p style=\"text-align: justify;\">T\u00fcrkiye \u0130statistik Kurumu\u2019nun nisan ay\u0131 i\u015fsizlik oran\u0131 rakamlar\u0131na g\u00f6re, ge\u00e7en y\u0131l\u0131n ayn\u0131 d\u00f6nemine g\u00f6re i\u015fsizlik y\u00fczde 5 artarak y\u00fczde 14.9\u2019a y\u00fckseldi. \u0130\u015fsiz say\u0131s\u0131 3.6 milyona \u00e7\u0131kt\u0131. Her d\u00f6rt gen\u00e7ten birinin i\u015fsiz kald\u0131\u011f\u0131 yurtta, ger\u00e7ek i\u015fsiz rakam\u0131 ise bu say\u0131n\u0131n \u00e7ok \u00fcst\u00fcnde<\/p>\n<p>T\u00fcrkiye&#8217;de, 2009 y\u0131l\u0131 Nisan ay\u0131nda, i\u015fsizlik oran\u0131 bir \u00f6nceki <\/p>\n","protected":false},"author":1,"featured_media":0,"comment_status":"open","ping_status":"closed","sticky":false,"template":"","format":"standard","meta":{"footnotes":""},"categories":[7],"tags":[],"class_list":["post-11506","post","type-post","status-publish","format-standard","hentry","category-ekonomi","odd"],"_links":{"self":[{"href":"http:\/\/www.korhanyilmaz.com\/index.php?rest_route=\/wp\/v2\/posts\/11506","targetHints":{"allow":["GET"]}}],"collection":[{"href":"http:\/\/www.korhanyilmaz.com\/index.php?rest_route=\/wp\/v2\/posts"}],"about":[{"href":"http:\/\/www.korhanyilmaz.com\/index.php?rest_route=\/wp\/v2\/types\/post"}],"author":[{"embeddable":true,"href":"http:\/\/www.korhanyilmaz.com\/index.php?rest_route=\/wp\/v2\/users\/1"}],"replies":[{"embeddable":true,"href":"http:\/\/www.korhanyilmaz.com\/index.php?rest_route=%2Fwp%2Fv2%2Fcomments&post=11506"}],"version-history":[{"count":0,"href":"http:\/\/www.korhanyilmaz.com\/index.php?rest_route=\/wp\/v2\/posts\/11506\/revisions"}],"wp:attachment":[{"href":"http:\/\/www.korhanyilmaz.com\/index.php?rest_route=%2Fwp%2Fv2%2Fmedia&parent=11506"}],"wp:term":[{"taxonomy":"category","embeddable":true,"href":"http:\/\/www.korhanyilmaz.com\/index.php?rest_route=%2Fwp%2Fv2%2Fcategories&post=11506"},{"taxonomy":"post_tag","embeddable":true,"href":"http:\/\/www.korhanyilmaz.com\/index.php?rest_route=%2Fwp%2Fv2%2Ftags&post=11506"}],"curies":[{"name":"wp","href":"https:\/\/api.w.org\/{rel}","templated":true}]}}