{"id":11502,"date":"2009-07-16T17:12:00","date_gmt":"2009-07-16T14:12:00","guid":{"rendered":"http:\/\/www.korhanyilmaz.com\/?p=11502"},"modified":"2009-07-16T17:12:00","modified_gmt":"2009-07-16T14:12:00","slug":"sel-felaketinin-nedeni-hatali-yapilan-bentler","status":"publish","type":"post","link":"http:\/\/www.korhanyilmaz.com\/?p=11502","title":{"rendered":"&#039;Sel felaketinin nedeni hatal\u0131 yap\u0131lan bentler&#039;"},"content":{"rendered":"<p style=\"text-align: center;\"><img loading=\"lazy\" decoding=\"async\" class=\"aligncenter size-full wp-image-11503\" src=\"http:\/\/www.korhanyilmaz.com\/wp-content\/uploads\/2009\/07\/fft28_mf209785.Jpeg\" alt=\"\" width=\"306\" height=\"204\" \/><\/p>\n<p style=\"text-align: justify;\">\u015eav\u015fat Beledeye Ba\u015fkan\u0131 Naci K\u00f6ro\u011flu, sel nedeniyle y\u0131k\u0131larak 4 ki\u015finin \u00f6l\u00fcm\u00fcne neden olan bentlerin hatal\u0131 yap\u0131ld\u0131\u011f\u0131n\u0131 s\u00f6yledi.<\/p>\n<p style=\"text-align: justify;\">Artvin\u2019in \u015eav\u015fat \u0130l\u00e7esi&#8217;nde d\u00fcn ak\u015fam meydana gelen sel felaketinde kaybolanlardan 2&#8217;sinin daha cesedi bulundu. \u00d6lenlerin say\u0131s\u0131 4&#8217;e y\u00fckselirken, k\u00fc\u00e7\u00fck bir \u00e7ocu\u011fu arama \u00e7al\u0131\u015fmalar\u0131 ise s\u00fcr\u00fcyor. Felaketin nedeni olarak g\u00f6sterilen ve DS\u0130 taraf\u0131ndan m\u00fcteahhit firmaya yapt\u0131r\u0131lan tersip bentleriyle ilgili ilgin\u00e7 iddialar ortaya at\u0131ld\u0131. \u015eav\u015fat Belediye Ba\u015fkan\u0131 Mehmet Naci K\u00f6ro\u011flu, bentlerde kaliteli malzeme kullan\u0131lmad\u0131\u011f\u0131n\u0131 ileri s\u00fcrerek, \u201cDS\u0130 B\u00f6lge M\u00fcd\u00fcrl\u00fc\u011f\u00fc\u2019n\u00fc Kaymakam ile uyard\u0131k ama sonu\u00e7 \u00e7\u0131kmad\u0131. 5 insan\u0131m\u0131z\u0131 kaybettik. Hukuki m\u00fccadele ba\u015flataca\u011f\u0131z\u201d dedi.<!--more--><\/p>\n<p style=\"text-align: justify;\">\u015eav\u015fat il\u00e7e merkezinde \u00f6nceki g\u00fcnden bu yana etkili olan ya\u011f\u0131\u015flar\u0131n d\u00fcn ak\u015fam sele d\u00f6n\u00fc\u015fmesi \u00fczerine, Tigrat Deresi \u00fczerinde bulunan ve DS\u0130\u2019nin \u0131slah \u00e7al\u0131\u015fmalar\u0131 i\u00e7in yapt\u0131rd\u0131\u011f\u0131 3 tersip bendi (suyun getirdi\u011fi ta\u015f, topra\u011f\u0131n \u00e7\u00f6kertildi\u011fi) y\u0131k\u0131ld\u0131. Sel felaketinde bir ev ile \u00e7e\u015fitli samanl\u0131k ve kul\u00fcbeler suya kap\u0131larak s\u00fcr\u00fcklendi. Y\u0131k\u0131lan evin alt\u0131nda kalan L\u00fctfiye Acar (70) hayat\u0131n\u0131 kaybederken, \u00d6zgen Demiral (59), Dildar Demiral (61), Selin Demiral (5) ve Mavinur Durmu\u015f (43) ise sel sular\u0131na kap\u0131larak kayboldu. L\u00fctfiye Acar\u2019\u0131n cesedinin enkaz alt\u0131ndan \u00e7\u0131kart\u0131lmas\u0131 sonras\u0131nda; Dildar Demiral\u2019\u0131n cesedi d\u00fcn il\u00e7e merkezinin 15 kilometre uza\u011f\u0131nda, Mavinur Durmu\u015f\u2019un cesedi de bu sabah olay yerinden yakla\u015f\u0131k 4 kilometre uzakl\u0131ktaki Kale mevkinde dere kenar\u0131nda jandarma ekiplerince bulundu. Bug\u00fcn saat 11.30 s\u0131ralar\u0131nda da \u00d6zgen Demiral&#8217;\u0131n cesedi yine Kale mevkiinde bulundu.<\/p>\n<p style=\"text-align: justify;\">Yaralanan ve \u015eav\u015fat Devlet Hastanesi\u2019ne kald\u0131r\u0131lan L\u00fctfiye Acar\u2019\u0131n o\u011flu Orhan Acar\u2019\u0131n tedavisi ise s\u00fcr\u00fcyor.<\/p>\n<p style=\"text-align: justify;\"><strong>ARAMA \u00c7ALI\u015eMALARI S\u00dcR\u00dcYOR<\/strong><\/p>\n<p style=\"text-align: justify;\">Bu arada kaybolan Selin Demiral\u2019\u0131n bulunabilmesi i\u00e7in aramalar aral\u0131ks\u0131z s\u00fcrd\u00fcr\u00fcl\u00fcyor. Jandarma Arama Kurtarma Timi\u2019ne mensup dalg\u0131\u00e7lardan olu\u015fan 44 asker ile Artvin ve Erzurum Sivil Savunma M\u00fcd\u00fcrl\u00fc\u011f\u00fc ile Rize\u2019den gelen AKUT ekibi de \u00e7al\u0131\u015fmalara kat\u0131ld\u0131. Ekipler, Tigrat Deresi\u2019nin iki yakas\u0131n\u0131 da kar\u0131\u015f kar\u0131\u015f tararken, \u00e7al\u0131\u015fmalar\u0131 \u015eav\u015fat Belediye Ba\u015fkan\u0131 Mehmet Naci K\u00f6ro\u011flu ile Artvin Jandarma Alay Komutan\u0131 Albay Mustafa Erdem de takip etti.<\/p>\n<p style=\"text-align: justify;\"><strong>BA\u015eKANDAN SU\u00c7LAMA<\/strong><\/p>\n<p style=\"text-align: justify;\">\u015eav\u015fat\u2019\u0131n CHP\u2019li Belediye Ba\u015fkan\u0131 Mehmet Naci K\u00f6ro\u011flu, Tigrat Deresi \u00fczerinde bir s\u00fcre \u00f6nce yap\u0131lan 3 tersip bendinin neden oldu\u011fu felakette, bentlerin sa\u011fl\u0131kl\u0131 in\u015fa edilmemesinin b\u00fcy\u00fck rol\u00fc oldu\u011funu ileri s\u00fcrd\u00fc. K\u00f6ro\u011flu, Jandarma Genel Komutanl\u0131\u011f\u0131\u2019ndan gelen 44 ki\u015filik ekibin ve di\u011fer kurtarma \u00e7al\u0131\u015fmalar\u0131n\u0131n s\u00fcrd\u00fcr\u00fcld\u00fc\u011f\u00fcn\u00fc belirterek, \u201c\u015eu ana kadar 4 ki\u015fi bulundu, 1 ki\u015fi de kay\u0131p. 1 ki\u015fi de yaral\u0131 olarak kurtar\u0131ld\u0131\u201d dedi.<\/p>\n<p style=\"text-align: justify;\">K\u00f6ro\u011flu, tersip bentlerinde demir kullan\u0131lmad\u0131\u011f\u0131n\u0131 belirterek, \u201cAma \u00e7imento kullan\u0131lmas\u0131 ve temel a\u00e7\u0131lmas\u0131 laz\u0131m. Temel, \u00e7imento, kum malzemesi ve \u00e7ak\u0131l malzemesinin iyi olmas\u0131 gerekir. Burada bunlar\u0131n iyi kullan\u0131lmad\u0131\u011f\u0131 g\u00f6r\u00fcl\u00fcyor. \u0130yi denetlenmemesi s\u00f6z konusu. Bir s\u00fcr\u00fc yerde yap\u0131ld\u0131 bu bentler ve ta\u015fk\u0131nlar\u0131 \u00f6nledi. Bizdeki ise ta\u015fk\u0131na sebep verdi. Temel yok, \u00e7imento yok, har\u00e7 yok\u201d dedi.<\/p>\n<p style=\"text-align: justify;\">Ba\u015fkan K\u00f6ro\u011flu, DS\u0130 B\u00f6lge M\u00fcd\u00fcrl\u00fc\u011f\u00fc\u2019n\u00fcn uyar\u0131ld\u0131\u011f\u0131n\u0131 da ifade ederek, \u201cKaymakam bey ve ben uyard\u0131m. Hatta daha sonra m\u00fcteahhit bana geldi, \u2018Beni niye \u015fikayet ediyorsun?\u2019 dedi. Ama felaket olduktan sonra hesap sorulaca\u011f\u0131 s\u00f6yleniyor. Hesap sorulmas\u0131 y\u00f6n\u00fcnde b\u00fct\u00fcn hukuki m\u00fccadelemi verece\u011fim. Sonu\u00e7ta insan kaybettik. \u0130nsanlar\u0131n kaybedilmesinde insanlar\u0131n hatas\u0131 var. Hata her kimdeyse hesab\u0131 sorulmal\u0131\u201d diye konu\u015ftu.<\/p>\n<p style=\"text-align: justify;\"><strong>BUG\u00dcN PAZAR KURULACAKTI<\/strong><\/p>\n<p style=\"text-align: justify;\">Bu arada felaketin bug\u00fcn meydana gelmesi durumunda can kayb\u0131n\u0131n b\u00fcy\u00fck oranda artaca\u011f\u0131 da ortaya \u00e7\u0131kt\u0131. Bentlerin y\u0131k\u0131lmas\u0131 sonucu meydana gelen sel felaketinin b\u00fcy\u00fck y\u0131k\u0131ma neden oldu\u011fu Yenimahalle H\u00fcseyin G\u00f6kbayrak mevkisinde her Per\u015fembe g\u00fcn\u00fc \u015eav\u015fat\u2019\u0131n haftal\u0131k pazar\u0131n\u0131n kuruldu\u011fu ve \u00e7evre k\u00f6ylerden gelen y\u00fczlerce ki\u015finin pazarda topland\u0131\u011f\u0131 belirtildi. Felaketin Pazar kurulmadan 12 saat \u00f6nce meydana gelmesi de can kayb\u0131n\u0131n ve kay\u0131plar\u0131n artmas\u0131n\u0131 engelledi.<\/p>\n<p style=\"text-align: justify;\"><strong>KIZININ D\u00dc\u011e\u00dcN DAVET\u0130YES\u0130N\u0130 DA\u011eITIYORDU<\/strong><\/p>\n<p style=\"text-align: justify;\">Bu arada sel sular\u0131na kap\u0131larak hayat\u0131n\u0131 kaybeden Mavinur Durmu\u015f\u2019un bir hafta sonra evlenecek olan k\u0131z\u0131n\u0131n d\u00fc\u011f\u00fcn davetiyesini da\u011f\u0131tmak i\u00e7in akrabas\u0131na giderken sel sular\u0131na kap\u0131ld\u0131\u011f\u0131 \u00f6\u011frenildi.<\/p>\n<p style=\"text-align: justify;\"><strong>VATANDA\u015eTAN TEPK\u0130<\/strong><\/p>\n<p style=\"text-align: justify;\">Bu arada M\u00fcfit Y\u0131lmaz adl\u0131 vatanda\u015f ise, \u201cNormal ba\u015flayan ya\u011fmur daha sonra \u015fiddetini art\u0131rd\u0131. Burada 2008 y\u0131l\u0131nda dere \u00fczerinde yap\u0131lmaya ba\u015flan\u0131lan ve halen yap\u0131mlar\u0131 devam eden set duvarlar\u0131n\u0131n k\u00fc\u00e7\u00fck ya\u011fmurlarla su tuttu\u011funu ve g\u00f6l oldu\u011funu bildi\u011fimiz i\u00e7in buraya bakmaya gelmi\u015ftik. Setlerin arkas\u0131ndaki su bas\u0131nc\u0131n\u0131n ne \u015fekilde bir ge\u00e7i\u015f yapaca\u011f\u0131n\u0131 g\u00f6rmek istiyorduk. \u015eiddetini art\u0131ran ya\u011fmurla ta\u015fan derenin kayalar\u0131 da s\u00fcr\u00fckledi\u011fini fark ettik. Sonra kabaran dere burada tahribata yol a\u00e7t\u0131. Deredeki set duvarlar\u0131n\u0131nda demir kullan\u0131lmam\u0131\u015f. Demir kullan\u0131lm\u0131\u015f olsayd\u0131 su bas\u0131nc\u0131na daha dayan\u0131kl\u0131 olacakt\u0131 ve bu tahribata yol a\u00e7mayacakt\u0131\u201d dedi.<\/p>\n<p style=\"text-align: justify;\">G\u00f6rg\u00fc tan\u0131\u011f\u0131 bir kad\u0131n ise, \u201cEv salland\u0131. Ne oluyor diye balkona \u00e7\u0131kt\u0131k, bakt\u0131k ki \u00e7ok b\u00fcy\u00fck su alm\u0131\u015f buralar\u0131 g\u00f6t\u00fcr\u00fcyor. Kom\u015fular\u0131m\u0131z sel sular\u0131na kap\u0131ld\u0131. Evin ikinci kat\u0131na kadar su \u00e7\u0131kt\u0131\u201d diye konu\u015ftu.<\/p>\n<p style=\"text-align: justify;\">Olay\u0131n g\u00f6rg\u00fc tan\u0131klar\u0131ndan Ali Dede, dere kenar\u0131ndaki evinde bulundu\u011fu s\u0131rada patlamay\u0131 and\u0131ran bir ses duydu\u011funu belirterek, \u201cD\u0131\u015far\u0131 \u00e7\u0131kt\u0131\u011f\u0131mda gelen sel arabalar\u0131, at\u00f6lyeleri ve evleri \u00f6n\u00fcne alarak g\u00f6t\u00fcrd\u00fc\u011f\u00fcn\u00fc g\u00f6rd\u00fcm. Her \u015fey 3 saniyede oldu\u201d dedi. Sele kap\u0131lmaktan yak\u0131nlardaki bir demir korkuluklara tutunarak kurtuldu\u011funu ifad eden Ali Dede, \u201cDere k\u0131y\u0131s\u0131ndaki baraka t\u00fcr\u00fc yap\u0131da ekmek yapan halam\u0131n gelininin de aralar\u0131nda bulundu\u011fu biri \u00e7ocuk 4 ki\u015fiyi sular g\u00f6t\u00fcrd\u00fc\u201d dedi.<\/p>\n<p style=\"text-align: justify;\"><span style=\"color: #888888;\">DHA<\/span><\/p>\n","protected":false},"excerpt":{"rendered":"<p style=\"text-align: center;\">\n<p style=\"text-align: justify;\">\u015eav\u015fat Beledeye Ba\u015fkan\u0131 Naci K\u00f6ro\u011flu, sel nedeniyle y\u0131k\u0131larak 4 ki\u015finin \u00f6l\u00fcm\u00fcne neden olan bentlerin hatal\u0131 yap\u0131ld\u0131\u011f\u0131n\u0131 s\u00f6yledi.<\/p>\n<p style=\"text-align: justify;\">Artvin\u2019in \u015eav\u015fat \u0130l\u00e7esi&#8217;nde d\u00fcn ak\u015fam meydana gelen sel felaketinde kaybolanlardan 2&#8217;sinin daha cesedi bulundu. \u00d6lenlerin say\u0131s\u0131 4&#8217;e y\u00fckselirken, k\u00fc\u00e7\u00fck bir \u00e7ocu\u011fu arama \u00e7al\u0131\u015fmalar\u0131 ise s\u00fcr\u00fcyor. Felaketin nedeni olarak g\u00f6sterilen ve DS\u0130 <\/p>\n","protected":false},"author":1,"featured_media":0,"comment_status":"open","ping_status":"closed","sticky":false,"template":"","format":"standard","meta":{"footnotes":""},"categories":[105],"tags":[],"class_list":["post-11502","post","type-post","status-publish","format-standard","hentry","category-gundem","odd"],"_links":{"self":[{"href":"http:\/\/www.korhanyilmaz.com\/index.php?rest_route=\/wp\/v2\/posts\/11502","targetHints":{"allow":["GET"]}}],"collection":[{"href":"http:\/\/www.korhanyilmaz.com\/index.php?rest_route=\/wp\/v2\/posts"}],"about":[{"href":"http:\/\/www.korhanyilmaz.com\/index.php?rest_route=\/wp\/v2\/types\/post"}],"author":[{"embeddable":true,"href":"http:\/\/www.korhanyilmaz.com\/index.php?rest_route=\/wp\/v2\/users\/1"}],"replies":[{"embeddable":true,"href":"http:\/\/www.korhanyilmaz.com\/index.php?rest_route=%2Fwp%2Fv2%2Fcomments&post=11502"}],"version-history":[{"count":0,"href":"http:\/\/www.korhanyilmaz.com\/index.php?rest_route=\/wp\/v2\/posts\/11502\/revisions"}],"wp:attachment":[{"href":"http:\/\/www.korhanyilmaz.com\/index.php?rest_route=%2Fwp%2Fv2%2Fmedia&parent=11502"}],"wp:term":[{"taxonomy":"category","embeddable":true,"href":"http:\/\/www.korhanyilmaz.com\/index.php?rest_route=%2Fwp%2Fv2%2Fcategories&post=11502"},{"taxonomy":"post_tag","embeddable":true,"href":"http:\/\/www.korhanyilmaz.com\/index.php?rest_route=%2Fwp%2Fv2%2Ftags&post=11502"}],"curies":[{"name":"wp","href":"https:\/\/api.w.org\/{rel}","templated":true}]}}