{"id":11491,"date":"2009-07-16T15:57:57","date_gmt":"2009-07-16T12:57:57","guid":{"rendered":"http:\/\/www.korhanyilmaz.com\/?p=11491"},"modified":"2009-07-16T15:57:57","modified_gmt":"2009-07-16T12:57:57","slug":"garipoglu-kizimi-katletti-adli-tip-kurumu-lekeledi","status":"publish","type":"post","link":"http:\/\/www.korhanyilmaz.com\/?p=11491","title":{"rendered":"&#039;Garipo\u011flu k\u0131z\u0131m\u0131 katletti, Adli T\u0131p Kurumu lekeledi&#039;"},"content":{"rendered":"<p style=\"text-align: center;\"><img loading=\"lazy\" decoding=\"async\" class=\"aligncenter size-full wp-image-11492\" src=\"http:\/\/www.korhanyilmaz.com\/wp-content\/uploads\/2009\/07\/fft28_mf209862.Jpeg\" alt=\"\" width=\"357\" height=\"238\" \/><\/p>\n<p style=\"text-align: justify;\">Etilerde ba\u015f\u0131 kesilerek \u00e7\u00f6p konteynerinde bulunan M\u00fcnevver Karabulut&#8217;un babas\u0131 S\u00fcreyya Karabulut&#8217;un, Adalet Bakanl\u0131\u011f\u0131 taraf\u0131ndan Adli T\u0131p Kurumu hakk\u0131nda ba\u015flatt\u0131lan inceleme kapsam\u0131nda ifadesine ba\u015fvuruldu.<\/p>\n<p style=\"text-align: justify;\">Sultanahmet&#8217;te bulunan \u0130stanbul Adliyesi&#8217;ne e\u015fiyle birlikte gelen S\u00fcreyya Karabulut ifade verdikten sonra \u00e7\u0131k\u0131\u015fta bas\u0131n mensuplar\u0131n\u0131n sorular\u0131n\u0131 yan\u0131tlad\u0131. Olay\u0131n skandal oldu\u011funu belirten Karabulut,&#8221;Onlar da kabul ediyorlar skandal oldu\u011funu.B\u00f6lge idare Mahkemesi&#8217;ne dava acaca\u011f\u0131m. Konuyla ilgili bilgi ald\u0131m spermlerin k\u0131z\u0131ma nas\u0131l bula\u015ft\u0131\u011f\u0131 anlatt\u0131lar bana. Bende Adli T\u0131p Kurumu&#8217;nda d\u00f6nen rantlar\u0131, r\u00fc\u015fvetleri anlatt\u0131m&#8221; dedi. &#8220;Garibo\u011flu k\u0131z\u0131m\u0131 katletti, Adli T\u0131p Kurumu k\u0131z\u0131m\u0131 lekeledi&#8221; diyen Karabulut, &#8220;\u0130hmali olanlar hakk\u0131nda dava a\u00e7aca\u011f\u0131m. Davan\u0131n pe\u015findeyim. Sonu nereye giderse ben de oraya kadar gidece\u011fim&#8221; \u015feklinde konu\u015ftu.<!--more--><\/p>\n<p style=\"text-align: justify;\">E\u015fi Nagihan Karabulut&#8217;un ifade vermedi\u011fini belirten S\u00fcreyya Karabulut, &#8220;Adli T\u0131p Kurumu&#8217;nda raporlar gelmedi. Rapor gelir gelmez hemen davam\u0131z\u0131 a\u00e7aca\u011f\u0131z, bu davan\u0131n seyri nereye kadar giderse biz de oraya kadar devam edece\u011fiz. Adli T\u0131p Kurumu&#8217;nda d\u00f6nen kirli i\u015fler su y\u00fcz\u00fcne \u00e7\u0131ks\u0131n. Bu kurumlar\u0131n temiz olmas\u0131 laz\u0131m. Bu kurumlarda rant\u0131n d\u00f6nmemesi laz\u0131m, paran\u0131n d\u00f6nmemesi laz\u0131m. Ben inan\u0131yorum ki Adli T\u0131p Kurumu\u2019nda \u00e7ok b\u00fcy\u00fck yolsuzluklar d\u00f6n\u00fcyor paralar d\u00f6n\u00fcyor. Adalet Bakanl\u0131\u011f\u0131\u2019na da sesleniyorum, say\u0131n Ba\u015fbakana da, Cumhurba\u015fkan\u0131na da sesleniyorum; &#8220;Art\u0131k yeter bu kurumlar\u0131 temizleyin&#8221; a\u00e7\u0131klamas\u0131nda bulundu.<\/p>\n<p style=\"text-align: justify;\">Vali Muammer G\u00fcler&#8217;in a\u00e7\u0131klamalar\u0131yla ilgili sorulara Karabulut,&#8221;Nerede bulsunlar, nerede Garipo\u011flu, nerede ailesi, benim can\u0131m gitmi\u015f, benim hayat\u0131m gitmi\u015f. Bir de bu kirli ili\u015fkiler. Art\u0131k kirli ili\u015fkiler ortaya \u00e7\u0131ks\u0131n&#8221; \u015feklinde konu\u015ftu.<\/p>\n<p style=\"text-align: justify;\"><span style=\"color: #888888;\">Radikal<\/span><\/p>\n","protected":false},"excerpt":{"rendered":"<p style=\"text-align: center;\">\n<p style=\"text-align: justify;\">Etilerde ba\u015f\u0131 kesilerek \u00e7\u00f6p konteynerinde bulunan M\u00fcnevver Karabulut&#8217;un babas\u0131 S\u00fcreyya Karabulut&#8217;un, Adalet Bakanl\u0131\u011f\u0131 taraf\u0131ndan Adli T\u0131p Kurumu hakk\u0131nda ba\u015flatt\u0131lan inceleme kapsam\u0131nda ifadesine ba\u015fvuruldu.<\/p>\n<p style=\"text-align: justify;\">Sultanahmet&#8217;te bulunan \u0130stanbul Adliyesi&#8217;ne e\u015fiyle birlikte gelen S\u00fcreyya Karabulut ifade verdikten sonra \u00e7\u0131k\u0131\u015fta bas\u0131n mensuplar\u0131n\u0131n sorular\u0131n\u0131 yan\u0131tlad\u0131. Olay\u0131n skandal oldu\u011funu belirten Karabulut,&#8221;Onlar da kabul ediyorlar <\/p>\n","protected":false},"author":1,"featured_media":0,"comment_status":"open","ping_status":"closed","sticky":false,"template":"","format":"standard","meta":{"footnotes":""},"categories":[105],"tags":[],"class_list":["post-11491","post","type-post","status-publish","format-standard","hentry","category-gundem","odd"],"_links":{"self":[{"href":"http:\/\/www.korhanyilmaz.com\/index.php?rest_route=\/wp\/v2\/posts\/11491","targetHints":{"allow":["GET"]}}],"collection":[{"href":"http:\/\/www.korhanyilmaz.com\/index.php?rest_route=\/wp\/v2\/posts"}],"about":[{"href":"http:\/\/www.korhanyilmaz.com\/index.php?rest_route=\/wp\/v2\/types\/post"}],"author":[{"embeddable":true,"href":"http:\/\/www.korhanyilmaz.com\/index.php?rest_route=\/wp\/v2\/users\/1"}],"replies":[{"embeddable":true,"href":"http:\/\/www.korhanyilmaz.com\/index.php?rest_route=%2Fwp%2Fv2%2Fcomments&post=11491"}],"version-history":[{"count":0,"href":"http:\/\/www.korhanyilmaz.com\/index.php?rest_route=\/wp\/v2\/posts\/11491\/revisions"}],"wp:attachment":[{"href":"http:\/\/www.korhanyilmaz.com\/index.php?rest_route=%2Fwp%2Fv2%2Fmedia&parent=11491"}],"wp:term":[{"taxonomy":"category","embeddable":true,"href":"http:\/\/www.korhanyilmaz.com\/index.php?rest_route=%2Fwp%2Fv2%2Fcategories&post=11491"},{"taxonomy":"post_tag","embeddable":true,"href":"http:\/\/www.korhanyilmaz.com\/index.php?rest_route=%2Fwp%2Fv2%2Ftags&post=11491"}],"curies":[{"name":"wp","href":"https:\/\/api.w.org\/{rel}","templated":true}]}}