{"id":11485,"date":"2009-07-16T16:51:48","date_gmt":"2009-07-16T13:51:48","guid":{"rendered":"http:\/\/www.korhanyilmaz.com\/?p=11485"},"modified":"2009-07-16T16:51:48","modified_gmt":"2009-07-16T13:51:48","slug":"ukraynada-muhalefet-zam-icin-kursu-isgal-etti","status":"publish","type":"post","link":"http:\/\/www.korhanyilmaz.com\/?p=11485","title":{"rendered":"Ukrayna&#039;da muhalefet &#039;zam&#039; i\u00e7in k\u00fcrs\u00fc i\u015fgal etti"},"content":{"rendered":"<p style=\"text-align: center;\"><img loading=\"lazy\" decoding=\"async\" class=\"aligncenter size-full wp-image-11486\" src=\"http:\/\/www.korhanyilmaz.com\/wp-content\/uploads\/2009\/07\/fft5_mf209898.Jpeg\" alt=\"\" width=\"315\" height=\"234\" \/><\/p>\n<p style=\"text-align: justify;\">Ukrayna&#8217;da, muhalefetteki B\u00f6lgeler Partisi, Meclis Ba\u015fkan\u0131&#8217;n\u0131n yolunu kesti, k\u00fcrs\u00fcy\u00fc zaptetti, mikrofonlar\u0131 k\u0131rd\u0131.<\/p>\n<p style=\"text-align: justify;\">K\u0130EV &#8211; Ukrayna\u2019da, muhalefetteki B\u00f6lgeler Partisi, ikinci kez parlamentonun ola\u011fan\u00fcst\u00fc oturumunu engelledi. 14 Temmuz\u2019da yap\u0131lmas\u0131 planlanan, ancak B\u00f6lgeler Partisinin meclis k\u00fcrs\u00fcs\u00fcn\u00fc i\u015fgal ederek engelledi\u011fi ola\u011fan\u00fcst\u00fc oturum, bug\u00fcn de yap\u0131lamad\u0131.<\/p>\n<p style=\"text-align: justify;\">B\u00f6lgeler Partisi \u00fcyeleri \u00f6nce, Meclis Ba\u015fkan\u0131 Vladimir Litvin\u2019in makam odas\u0131ndan \u00e7\u0131k\u0131\u015f\u0131n\u0131 engelledi. Odadaki korumalarla muhalefet milletvekilleri aras\u0131nda arbede ya\u015fan\u0131rken, oturumun yap\u0131lmas\u0131n\u0131 isteyen Yuliya Timo\u015fenko Bloku (BYuT) \u00fcyeleri de Ba\u015fkan\u0131n yard\u0131m\u0131na ko\u015farak, Litvin\u2019in makam odas\u0131ndan \u00e7\u0131kabilmesine yard\u0131mc\u0131 oldu.<!--more--><\/p>\n<p style=\"text-align: justify;\">Ard\u0131ndan, BYuT \u00fcyelerinin bir \u00f6nceki deneyimlerine dayanarak sabah erkenden zaptettikleri meclis k\u00fcrs\u00fcs\u00fcne ula\u015famayan B\u00f6lgeler Partisi \u00fcyeleri, meclisin elektronik oylama ve ses sistemine m\u00fcdahale ederek, sistemi kapatt\u0131. Muhalefet milletvekillerinin meclis ba\u015fkan\u0131n\u0131n mikrofonunu k\u0131rmaya \u00e7al\u0131\u015fmas\u0131 \u00fczerine de BYuT \u00fcyeleriyle arbede \u00e7\u0131kt\u0131.<\/p>\n<p style=\"text-align: justify;\">Cumhurba\u015fkan\u0131 se\u00e7im kanunu de\u011fi\u015fikli\u011fi ve Ukrayna\u2019n\u0131n Polonya ile birlikte yapaca\u011f\u0131 Avrupa Futbol \u015eampiyonas\u0131 Euro-2012 ile ilgili kanun taslaklar\u0131n\u0131n ele al\u0131naca\u011f\u0131 oturum b\u00f6ylece bir kez daha yap\u0131lamad\u0131.<\/p>\n<p style=\"text-align: justify;\">B\u00f6lgeler Partisi Ba\u015fkan\u0131 Viktor Yanukovi\u00e7, Ukrayna Ba\u015fbakan\u0131 Yulya Timo\u015fenko en yoksul Ukrayna vatanda\u015flar\u0131n\u0131n maa\u015flar\u0131na ve asgari ge\u00e7im yard\u0131m\u0131na zam yapana kadar parlamentonun \u00e7al\u0131\u015fmalar\u0131n\u0131 engelleyece\u011fini belirtmi\u015fti.<\/p>\n<p style=\"text-align: justify;\"><span style=\"color: #888888;\">AA<\/span><\/p>\n","protected":false},"excerpt":{"rendered":"<p style=\"text-align: center;\">\n<p style=\"text-align: justify;\">Ukrayna&#8217;da, muhalefetteki B\u00f6lgeler Partisi, Meclis Ba\u015fkan\u0131&#8217;n\u0131n yolunu kesti, k\u00fcrs\u00fcy\u00fc zaptetti, mikrofonlar\u0131 k\u0131rd\u0131.<\/p>\n<p style=\"text-align: justify;\">K\u0130EV &#8211; Ukrayna\u2019da, muhalefetteki B\u00f6lgeler Partisi, ikinci kez parlamentonun ola\u011fan\u00fcst\u00fc oturumunu engelledi. 14 Temmuz\u2019da yap\u0131lmas\u0131 planlanan, ancak B\u00f6lgeler Partisinin meclis k\u00fcrs\u00fcs\u00fcn\u00fc i\u015fgal ederek engelledi\u011fi ola\u011fan\u00fcst\u00fc oturum, bug\u00fcn de yap\u0131lamad\u0131.<\/p>\n<p style=\"text-align: justify;\">B\u00f6lgeler Partisi \u00fcyeleri \u00f6nce, Meclis <\/p>\n","protected":false},"author":1,"featured_media":0,"comment_status":"open","ping_status":"closed","sticky":false,"template":"","format":"standard","meta":{"footnotes":""},"categories":[105],"tags":[],"class_list":["post-11485","post","type-post","status-publish","format-standard","hentry","category-gundem","odd"],"_links":{"self":[{"href":"http:\/\/www.korhanyilmaz.com\/index.php?rest_route=\/wp\/v2\/posts\/11485","targetHints":{"allow":["GET"]}}],"collection":[{"href":"http:\/\/www.korhanyilmaz.com\/index.php?rest_route=\/wp\/v2\/posts"}],"about":[{"href":"http:\/\/www.korhanyilmaz.com\/index.php?rest_route=\/wp\/v2\/types\/post"}],"author":[{"embeddable":true,"href":"http:\/\/www.korhanyilmaz.com\/index.php?rest_route=\/wp\/v2\/users\/1"}],"replies":[{"embeddable":true,"href":"http:\/\/www.korhanyilmaz.com\/index.php?rest_route=%2Fwp%2Fv2%2Fcomments&post=11485"}],"version-history":[{"count":0,"href":"http:\/\/www.korhanyilmaz.com\/index.php?rest_route=\/wp\/v2\/posts\/11485\/revisions"}],"wp:attachment":[{"href":"http:\/\/www.korhanyilmaz.com\/index.php?rest_route=%2Fwp%2Fv2%2Fmedia&parent=11485"}],"wp:term":[{"taxonomy":"category","embeddable":true,"href":"http:\/\/www.korhanyilmaz.com\/index.php?rest_route=%2Fwp%2Fv2%2Fcategories&post=11485"},{"taxonomy":"post_tag","embeddable":true,"href":"http:\/\/www.korhanyilmaz.com\/index.php?rest_route=%2Fwp%2Fv2%2Ftags&post=11485"}],"curies":[{"name":"wp","href":"https:\/\/api.w.org\/{rel}","templated":true}]}}