{"id":11473,"date":"2009-07-16T16:40:06","date_gmt":"2009-07-16T13:40:06","guid":{"rendered":"http:\/\/www.korhanyilmaz.com\/?p=11473"},"modified":"2009-07-16T16:40:06","modified_gmt":"2009-07-16T13:40:06","slug":"yok-iktidarin-istedigini-yapiyor-dedi-istifa-etti","status":"publish","type":"post","link":"http:\/\/www.korhanyilmaz.com\/?p=11473","title":{"rendered":"&#039;Y\u00d6K iktidar\u0131n istedi\u011fini yap\u0131yor&#039; dedi, istifa etti"},"content":{"rendered":"<p><img loading=\"lazy\" decoding=\"async\" class=\"aligncenter size-full wp-image-11517\" src=\"http:\/\/www.korhanyilmaz.com\/wp-content\/uploads\/2009\/07\/1707200900270447052351.jpg\" alt=\"170720090027044705235\" width=\"320\" height=\"100\" \/><\/p>\n<p style=\"text-align: justify;\">Eski Cumhurba\u015fkan\u0131 Sezer taraf\u0131ndan Y\u00d6K \u00fcyeli\u011fine atanan B\u00fclent Serim, konulara iktidar penceresinden bakan \u00fcyeleri gerek\u00e7e g\u00f6stererek g\u00f6revini b\u0131rakt\u0131.<\/p>\n<p style=\"text-align: justify;\">ANKARA &#8211; B\u00fclent Serim Y\u00d6K \u00fcyeli\u011finden istifa etti. Eski Cumhurba\u015fkan\u0131 Ahmet Necdet Sezer taraf\u0131ndan atanan Serim, &#8216;muhalif \u00fcye&#8217; olarak adland\u0131r\u0131l\u0131yordu.<\/p>\n<p style=\"text-align: justify;\">Serim, istifa dilek\u00e7esinde &#8220;Y\u00d6K Ba\u015fkanvekili\u2019nin \u2019Kuran kurslar\u0131 cemaat ve tarikatlara b\u0131rak\u0131lmal\u0131d\u0131r\u2019 yolundaki ifadesi ve Y\u00d6K Ba\u015fkan\u0131\u2019n\u0131n bas\u0131na yapt\u0131\u011f\u0131 \u2019yeni s\u0131nav sisteminde farkl\u0131 katsay\u0131 uygulamas\u0131 kald\u0131r\u0131lacak\u2019 a\u00e7\u0131klamas\u0131 son noktay\u0131 koymu\u015ftur&#8221; ifadesini kulland\u0131. Serim, Cumhurba\u015fkanl\u0131\u011f\u0131 makam\u0131na sunulmak \u00fczere Y\u00fcksek\u00f6\u011fretim Kurulu Ba\u015fkanl\u0131\u011f\u0131na sundu\u011fu istifa dilek\u00e7esinde, &#8220;Kurulun art\u0131k konulara yaln\u0131zca siyasal iktidar gibi bakmakla kalmad\u0131\u011f\u0131n\u0131, anayasal konumunu bir yana b\u0131rakarak, iktidardaki partinin program\u0131n\u0131 ve ideolojisini ger\u00e7ekle\u015ftirmeye \u00e7al\u0131\u015fan bir kurul durumuna getirildi\u011fini&#8221; \u00f6ne s\u00fcrd\u00fc.<!--more--><\/p>\n<p style=\"text-align: justify;\">B\u00fclent Serim, &#8220;T\u00fcrban\u0131n \u00fcniversitelerde serbest b\u0131rak\u0131lmas\u0131na ili\u015fkin Y\u00d6K Ba\u015fkanl\u0131k genelgesinin, kamu kurumu niteli\u011findeki meslek \u00f6rg\u00fctlerinin denetim ve y\u00f6netimlerinde g\u00f6rev almay\u0131 izne ba\u011flayan genelgenin, imam hatip okullar\u0131n\u0131 bitirenlere uygulanan farkl\u0131 katsay\u0131y\u0131 kald\u0131rabilmek i\u00e7in, s\u0131nav sistemiyle oynamay\u0131 bile g\u00f6ze alan \u00e7abalar\u0131n, ilahiyat fak\u00fcltelerinde Y\u00d6K kararlar\u0131yla ya\u015fanan geli\u015fmelerin, ilahiyat \u00f6n lisans mezunlar\u0131n\u0131n Diyanet \u0130\u015fleri Ba\u015fkanl\u0131\u011f\u0131 d\u0131\u015f\u0131ndaki kamu kurum ve kurulu\u015flar\u0131nda da \u00e7al\u0131\u015fabilmesine olanak sa\u011flayan de\u011fi\u015fikliklerin belirtti\u011fi durumun kan\u0131t\u0131 oldu\u011funu&#8221; iddia etti.<\/p>\n<p style=\"text-align: justify;\">Serim,dilek\u00e7esinde \u015funlar\u0131 kaydetti: &#8220;Ayr\u0131ca, bilimsel \u00e7al\u0131\u015fma yap\u0131lmadan, yeterli alt yap\u0131 olu\u015fturulmadan, gereksinimi kar\u015f\u0131layacak \u00f6\u011fretim eleman\u0131 sorunu \u00e7\u00f6z\u00fclmeden, \u00fcniversitelerden, akademisyenlerden ve ilgili \u00e7evrelerden g\u00f6r\u00fc\u015f al\u0131nmadan, daha da \u00f6nemlisi hangi alanlarda i\u015fg\u00fcc\u00fc gereksinmesi oldu\u011funun saptanmas\u0131na ili\u015fkin Anayasa buyru\u011fu yerine getirilmeden, yine Anayasa\u2019n\u0131n buyurucu kural\u0131 gere\u011fi \u00fcniversitelerin yurt d\u00fczeyine dengeli yay\u0131lmas\u0131 g\u00f6zetilmeden, hi\u00e7bir \u00fclkede benzeri g\u00f6r\u00fclmeyecek h\u0131z ve say\u0131da \u00fcniversite a\u00e7\u0131lmas\u0131na uygun g\u00f6r\u00fc\u015f verilmesi, a\u015f\u0131r\u0131 kontenjan art\u0131\u015f\u0131 yap\u0131lmas\u0131 ve taban puanla tercih yapabilmek i\u00e7in gerekli baraj\u0131n d\u00fc\u015f\u00fcr\u00fclmesi Y\u00d6K\u2019teki iktidar yanl\u0131s\u0131 tutumun ula\u015ft\u0131\u011f\u0131 boyutu g\u00f6stermesi y\u00f6n\u00fcnden \u00f6nemlidir. Bu tutum, ne yaz\u0131k ki, y\u00fcksek\u00f6\u011fretime bir \u015fey katmamakta, tam tersine y\u00fcksek\u00f6\u011fretimi \u2019okulla\u015ft\u0131rarak\u2019 d\u00fczeyini d\u00fc\u015f\u00fcrmektedir.&#8221; Anayasal kurumlar\u0131n uyum i\u00e7inde \u00e7al\u0131\u015fmas\u0131n\u0131n istenen bir durum oldu\u011funu ifade eden Serim, &#8220;Ancak, uyum bahanesiyle sergilenen \u2019teslimiyet\u00e7ilik\u2019, daha a\u00e7\u0131k anlat\u0131m\u0131yla, \u2019tebli\u011f-tebell\u00fc\u011f\u2019 k\u00fclt\u00fcr\u00fcnden gelmedi\u011fimiz i\u00e7in \u2019talimatla \u00e7al\u0131\u015fma\u2019 hi\u00e7bir bi\u00e7imde kabul edilemez ve Y\u00d6K\u2019\u00fcn anayasal konumuyla ba\u011fda\u015ft\u0131r\u0131lamaz&#8221; dedi. Serim, bunun k\u0131sa s\u00fcre \u00f6nce ya\u015fanan son g\u00f6stergesinin de &#8220;Sabanc\u0131, Okan ve I\u015f\u0131k \u00fcniversitelerinin genel kurallara ayk\u0131r\u0131 uygulamalar\u0131n\u0131n, \u2019yayg\u0131nla\u015ft\u0131rmak\u2019 bahanesiyle yasalla\u015ft\u0131r\u0131lmas\u0131&#8221; oldu\u011funu savundu. B\u00fclent Serim, dilek\u00e7esinde, &#8220;Ad\u0131 ge\u00e7en \u00fcniversitelerde uygulanan genel d\u0131\u015f\u0131 sisteme ili\u015fkin 20 g\u00fcn \u00f6nce al\u0131nan tersi y\u00f6ndeki Y\u00fcksek\u00f6\u011fretim Genel Kurulu karar\u0131n\u0131n, bilimsel \u00e7al\u0131\u015fma yap\u0131lmadan, y\u00fcksek\u00f6\u011fretim kurumlar\u0131n\u0131n ve ilgili \u00e7evrelerin g\u00f6r\u00fc\u015f\u00fc al\u0131nmadan, do\u011frulu\u011fu tart\u0131\u015f\u0131lmadan de\u011fi\u015ftirilmesine kat\u0131lmak, ilkesel bazda olanakl\u0131 de\u011fildir&#8221; g\u00f6r\u00fc\u015f\u00fcne yer verdi.<\/p>\n<p style=\"text-align: justify;\"><strong>-REKT\u00d6R SE\u00c7\u0130MLER\u0130NDEK\u0130 TERC\u0130HLER D\u00dc\u015e\u00dcND\u00dcR\u00dcC\u00dc-<\/strong><\/p>\n<p style=\"text-align: justify;\">Y\u00d6K Genel Kurul toplant\u0131s\u0131ndan \u00f6nce g\u00f6r\u00fc\u015f\u00fclecek konular\u0131n kararla\u015ft\u0131r\u0131ld\u0131\u011f\u0131n\u0131, kurallar gere\u011fi g\u00fcndeme al\u0131n\u0131p, &#8220;blok oy&#8221; y\u00f6ntemiyle, esasen kabul edilmi\u015f konulara hukuksall\u0131k kazand\u0131r\u0131ld\u0131\u011f\u0131n\u0131 iddia eden Serim, \u015funlar\u0131 kaydetti: &#8220;Bu, o boyuta vard\u0131r\u0131lm\u0131\u015ft\u0131r ki, Say\u0131n Ba\u015fkan Genel Kurul yetkisinde olan konularda \u00f6nceden, sanki Kurul\u2019ca kabul edilmi\u015f gibi bas\u0131na a\u00e7\u0131klama yapabilmektedir. \u00c7al\u0131\u015fma Y\u00f6netmeli\u011fi\u2019ne, toplant\u0131 mant\u0131\u011f\u0131na ve genel kabul g\u00f6rm\u00fc\u015f toplant\u0131 gelene\u011fine ayk\u0131r\u0131 olarak, g\u00fcndem eki raporlar\u0131n ve di\u011fer metinlerin \u00f6nceden \u00fcyelere da\u011f\u0131tmayarak, toplant\u0131 s\u0131ras\u0131nda tart\u0131\u015fmaya a\u00e7\u0131lmas\u0131 da konular\u0131n Genel Kurul toplant\u0131s\u0131ndan \u00f6nce kararla\u015ft\u0131r\u0131ld\u0131\u011f\u0131n\u0131n bir ba\u015fka \u00f6rne\u011fini olu\u015fturmaktad\u0131r.&#8221; Rekt\u00f6r se\u00e7imlerindeki tercihlerin &#8220;\u00fclkenin e\u011fitim sistemi y\u00f6n\u00fcnden d\u00fc\u015f\u00fcnd\u00fcr\u00fcc\u00fc&#8221; oldu\u011funu savunan Serim, &#8220;Bu se\u00e7imlerde, bilimsel yeterlilik, deneyim ve \u00fcniversitenin tercihi yerine, t\u00fcrbana \u00f6zg\u00fcrl\u00fck bildirisine imza koymak, siyasal yanda\u015fl\u0131k ya da ilahiyat\u00e7\u0131 \u00f6zellik gibi \u00f6l\u00e7\u00fctlerin a\u011f\u0131rl\u0131k kazanmas\u0131 kayg\u0131 vericidir&#8221; iddias\u0131na yer verdi\u011fi dilek\u00e7esine \u015f\u00f6yle devam etti: &#8220;Ama\u00e7, \u00fcniversiteleri \u2019yanda\u015f\u2019 kurumlar durumuna getirmek, \u2019ho\u015fg\u00f6r\u00fc\u2019 ve \u2019g\u00f6rmezden gelme\u2019 y\u00f6ntemiyle \u00fcniversitelerde t\u00fcrban yasa\u011f\u0131n\u0131 kald\u0131rmak ve kar\u015f\u0131t g\u00f6r\u00fc\u015fleri sindirmektir. Anayasal kurallara, Anayasa Mahkemesi, Dan\u0131\u015ftay, Yarg\u0131tay ve A\u0130HM kararlar\u0131na kar\u015f\u0131n, \u00fcniversitelerde t\u00fcrbana ho\u015fg\u00f6r\u00fc g\u00f6stermek b\u00fcy\u00fck hukuksal sorumlulu\u011fu da birlikte getirecektir. Kar\u015f\u0131t g\u00f6r\u00fc\u015flerin sindirilmesi konusunda ba\u015far\u0131l\u0131 olundu\u011fu ise, g\u00f6zlerden ka\u00e7mamaktad\u0131r. Ne yaz\u0131k ki, kendilerini do\u011frudan ilgilendiren konularda bile bilim insanlar\u0131n\u0131n suskunlu\u011fu inan\u0131l\u0131r gibi de\u011fildir. Ayr\u0131ca, atanan rekt\u00f6rlerle olu\u015fturulan y\u00f6netimlerin, laik Cumhuriyet\u00e7i \u00f6\u011fretim \u00fcyelerinden \u2019\u00f6\u00e7\u2019 alma ve ideolojik yanda\u015flar\u0131n\u0131 \u00f6d\u00fcllendirme gruplar\u0131na nas\u0131l d\u00f6n\u00fc\u015ft\u00fckleri ibretle izlenmektedir. Y\u00d6K\u2019\u00fcn \u00f6zg\u00fcrl\u00fck anlay\u0131\u015f\u0131, ne yaz\u0131k ki, yaln\u0131zca \u2019t\u00fcrbana \u00f6zg\u00fcrl\u00fck\u2019 ve benzeri konularla s\u0131n\u0131rl\u0131 kalmakta, \u00e7al\u0131\u015fmalar \u00e7o\u011funlukla, \u00fcniversiteleri do\u011frudan ilgilendiren konularda bile g\u00f6r\u00fc\u015f almaya gerek duymayan \u2019merkeziyet\u00e7i\u2019 bir anlay\u0131\u015fla y\u00fcr\u00fct\u00fclmektedir. D\u00fcnyadaki uygulamalarda \u00fcniversitelere daha fazla \u00f6zg\u00fcrl\u00fck verilmesi g\u00fcndemi i\u015fgal ederken, Y\u00d6K\u2019\u00fcn \u00fcniversite \u00f6zerkli\u011fini, anayasal kurallara ve Anayasa Mahkemesi\u2019nin konu ile ilgili karar\u0131na kar\u015f\u0131n yaln\u0131zca bir slogan olarak alg\u0131lamas\u0131 kabul edilebilir bir olgu de\u011fildir.&#8221;<\/p>\n<p style=\"text-align: justify;\"><strong>\u2013\u00d6\u011eRENC\u0130LER\u0130 \u2019M\u00dc\u015eTER\u0130\u2019 G\u0130B\u0130 G\u00d6REN YAKLA\u015eIM &#8212;<\/strong><\/p>\n<p style=\"text-align: justify;\">Kabul edilemeyecek bir ba\u015fka konunun da &#8220;y\u00fcksek\u00f6\u011fretimi kazan\u00e7 kap\u0131s\u0131 ve \u00f6\u011frencileri \u2019m\u00fc\u015fteri\u2019 gibi g\u00f6ren yakla\u015f\u0131m&#8221; oldu\u011funu ifade eden Serim, &#8220;Araplarda \u00e7ok para var&#8221; yakla\u015f\u0131m\u0131yla, T\u00fcrk \u00fcniversitelerine \u00f6\u011frenci \u00e7ekebilmek i\u00e7in Arap \u00fclkelerinin ziyaret edilmesinin, bak\u0131\u015f a\u00e7\u0131s\u0131n\u0131 ortaya koyan son \u00f6rnek oldu\u011funu ileri s\u00fcrd\u00fc. Serim, &#8220;Korkar\u0131z ki bu yakla\u015f\u0131m\u0131n ard\u0131ndan Arap \u00fcniversitelerine denklik verilmesi g\u00fcndeme gelecektir&#8221; dedi.<\/p>\n<p style=\"text-align: justify;\">Y\u00fcksek\u00f6\u011fretim Yasas\u0131\u2019n\u0131n 53. maddesi ile Disiplin Y\u00f6netmeli\u011fi\u2019nde de\u011fi\u015fiklikle &#8220;yanda\u015flar\u0131n ge\u00e7mi\u015f cezalar\u0131n\u0131 ortadan kald\u0131rmaya y\u00f6nelik \u00e7aba sergilendi\u011fini&#8221; iddia eden Serim, &#8220;laiklik kar\u015f\u0131t\u0131 eylemlere ili\u015fkin soru\u015fturmalar\u0131 zaman a\u015f\u0131m\u0131na u\u011fratarak g\u00fcndemden \u00e7\u0131karman\u0131n, ger\u00e7ek gidi\u015fin y\u00f6n\u00fcn\u00fc g\u00f6stermesi a\u00e7\u0131s\u0131ndan \u00f6nemli oldu\u011funu&#8221; ifade etti. Serim, dilek\u00e7esinde \u015funlar\u0131 kaydetti: &#8220;Bu geli\u015fmelerden y\u00fcksek\u00f6\u011fretim ve \u00fclkemiz a\u00e7\u0131s\u0131ndan b\u00fcy\u00fck kayg\u0131 duyuyorum. Bug\u00fcne kadar, kimi \u00fcye arkada\u015flarla gerek Genel Kurul toplant\u0131lar\u0131 s\u0131ras\u0131nda, gerek kamuoyu \u00f6n\u00fcnde yapt\u0131\u011f\u0131m\u0131z uyar\u0131lar\u0131n sonu\u00e7 vermemesi, beni istifa noktas\u0131na getirmi\u015ftir. Bu karar\u0131mda, Y\u00d6K Ba\u015fkanvekili\u2019nin \u2019Kuran kurslar\u0131 cemaat ve tarikatlara b\u0131rak\u0131lmal\u0131d\u0131r\u2019 yolundaki ifadesi ve Y\u00d6K Ba\u015fkan\u0131\u2019n\u0131n bas\u0131na yapt\u0131\u011f\u0131 \u2019yeni s\u0131nav sisteminde farkl\u0131 katsay\u0131 uygulamas\u0131 kald\u0131r\u0131lacak\u2019 a\u00e7\u0131klamas\u0131 son noktay\u0131 koymu\u015ftur. Laik Cumhuriyet ile asla ba\u011fda\u015fmayan bu d\u00fc\u015f\u00fcncenin \u00e7o\u011funlukta oldu\u011fu Y\u00fcksek\u00f6\u011fretim Kurulu\u2019nda g\u00f6rev yapman\u0131n y\u00fck\u00fc, kald\u0131r\u0131lamayacak boyuta ula\u015fm\u0131\u015ft\u0131r. Sergilenen \u2019oyunun\u2019 par\u00e7as\u0131 olmamak i\u00e7in, Y\u00fcksek\u00f6\u011fretim Kurulu \u00fcyeli\u011finden istifa ediyorum.&#8221;<\/p>\n<p style=\"text-align: justify;\"><span style=\"color: #888888;\">AA<\/span><\/p>\n","protected":false},"excerpt":{"rendered":"<\/p>\n<p style=\"text-align: justify;\">Eski Cumhurba\u015fkan\u0131 Sezer taraf\u0131ndan Y\u00d6K \u00fcyeli\u011fine atanan B\u00fclent Serim, konulara iktidar penceresinden bakan \u00fcyeleri gerek\u00e7e g\u00f6stererek g\u00f6revini b\u0131rakt\u0131.<\/p>\n<p style=\"text-align: justify;\">ANKARA &#8211; B\u00fclent Serim Y\u00d6K \u00fcyeli\u011finden istifa etti. Eski Cumhurba\u015fkan\u0131 Ahmet Necdet Sezer taraf\u0131ndan atanan Serim, &#8216;muhalif \u00fcye&#8217; olarak adland\u0131r\u0131l\u0131yordu.<\/p>\n<p style=\"text-align: justify;\">Serim, istifa dilek\u00e7esinde &#8220;Y\u00d6K Ba\u015fkanvekili\u2019nin \u2019Kuran kurslar\u0131 cemaat ve tarikatlara <\/p>\n","protected":false},"author":1,"featured_media":0,"comment_status":"open","ping_status":"closed","sticky":false,"template":"","format":"standard","meta":{"footnotes":""},"categories":[105],"tags":[],"class_list":["post-11473","post","type-post","status-publish","format-standard","hentry","category-gundem","odd"],"_links":{"self":[{"href":"http:\/\/www.korhanyilmaz.com\/index.php?rest_route=\/wp\/v2\/posts\/11473","targetHints":{"allow":["GET"]}}],"collection":[{"href":"http:\/\/www.korhanyilmaz.com\/index.php?rest_route=\/wp\/v2\/posts"}],"about":[{"href":"http:\/\/www.korhanyilmaz.com\/index.php?rest_route=\/wp\/v2\/types\/post"}],"author":[{"embeddable":true,"href":"http:\/\/www.korhanyilmaz.com\/index.php?rest_route=\/wp\/v2\/users\/1"}],"replies":[{"embeddable":true,"href":"http:\/\/www.korhanyilmaz.com\/index.php?rest_route=%2Fwp%2Fv2%2Fcomments&post=11473"}],"version-history":[{"count":0,"href":"http:\/\/www.korhanyilmaz.com\/index.php?rest_route=\/wp\/v2\/posts\/11473\/revisions"}],"wp:attachment":[{"href":"http:\/\/www.korhanyilmaz.com\/index.php?rest_route=%2Fwp%2Fv2%2Fmedia&parent=11473"}],"wp:term":[{"taxonomy":"category","embeddable":true,"href":"http:\/\/www.korhanyilmaz.com\/index.php?rest_route=%2Fwp%2Fv2%2Fcategories&post=11473"},{"taxonomy":"post_tag","embeddable":true,"href":"http:\/\/www.korhanyilmaz.com\/index.php?rest_route=%2Fwp%2Fv2%2Ftags&post=11473"}],"curies":[{"name":"wp","href":"https:\/\/api.w.org\/{rel}","templated":true}]}}