{"id":11465,"date":"2009-07-16T13:47:48","date_gmt":"2009-07-16T10:47:48","guid":{"rendered":"http:\/\/www.korhanyilmaz.com\/?p=11465"},"modified":"2009-07-16T13:47:48","modified_gmt":"2009-07-16T10:47:48","slug":"asiri-yagislar-karadenizi-vurdu-6-olu","status":"publish","type":"post","link":"http:\/\/www.korhanyilmaz.com\/?p=11465","title":{"rendered":"A\u015f\u0131r\u0131 ya\u011f\u0131\u015flar Karadeniz&#039;i vurdu: 6 \u00f6l\u00fc"},"content":{"rendered":"<p><img loading=\"lazy\" decoding=\"async\" class=\"aligncenter size-full wp-image-11466\" src=\"http:\/\/www.korhanyilmaz.com\/wp-content\/uploads\/2009\/07\/file.ashx5.jpg\" alt=\"\" width=\"292\" height=\"202\" \/><\/p>\n<p style=\"text-align: justify;\">Artvin ve Ordu&#8217;da a\u015f\u0131r\u0131 ya\u011f\u0131\u015f\u0131n neden oldu\u011fu sel sonucu 6 ki\u015fi hayat\u0131n\u0131 kaybetti. Artvin&#8217;in \u015eav\u015fat Belediye Ba\u015fkan\u0131 Naci K\u00f6ro\u011flu, felakete Tigrat deresi \u00fczerindeki bentlerin amac\u0131na uygun \u015fekilde yap\u0131lmamas\u0131n\u0131n neden oldu\u011funu s\u00f6yledi. 13 bendin 7&#8217;si y\u0131k\u0131ld\u0131\u011f\u0131n\u0131 s\u00f6yleyen K\u00f6ro\u011flu, kalan 6 bendin a\u00e7\u0131lma durumunun oldu\u011funu vurgulad\u0131.<\/p>\n<p style=\"text-align: justify;\"><strong>Artvin:<\/strong><\/p>\n<p style=\"text-align: justify;\">Artvin&#8217;in \u015eav\u015fat il\u00e7esinden ge\u00e7en Tigrat Deresi&#8217;nde, DS\u0130 taraf\u0131ndan sel bask\u0131nlar\u0131na kar\u015f\u0131 yap\u0131lan iki bendin, b\u00f6lgede etkili olan yo\u011fun ya\u011f\u0131\u015f sonucu d\u00fcn saat 17.00 s\u0131ralar\u0131nda y\u0131k\u0131lmas\u0131 sonucu aniden sel meydana geldi.<\/p>\n<p style=\"text-align: justify;\">Selde, y\u0131k\u0131lan evinin enkaz\u0131 alt\u0131nda kalan L\u00fctfiye A\u00e7ar (70) hayat\u0131n\u0131 kaybetti, o\u011flu Orhan Acar yaraland\u0131. Sel sular\u0131na kap\u0131lan \u00d6zgen Demiral (60), e\u015fi Dildar Demiral ve Mavinur Durmu\u015f&#8217;un (40) cesetlerine ula\u015f\u0131ld\u0131.<\/p>\n<p style=\"text-align: justify;\">Selde kaybolan 6 ya\u015f\u0131ndaki Selin Demiral&#8217;\u0131n aranmas\u0131na ise devam ediliyor. <!--more--><\/p>\n<p style=\"text-align: justify;\">\u015eav\u015fat Belediyesi, hoparl\u00f6rle yapt\u0131\u011f\u0131 anonsla vatanda\u015flara meteorolojik uyar\u0131da bulundu. Artvin Meteoroloji M\u00fcd\u00fcrl\u00fc\u011f\u00fcnden al\u0131nan bilgiler do\u011frultusunda, b\u00f6lgede bug\u00fcn de ya\u011f\u0131\u015f beklendi\u011fi belirtilen anonsta vatanda\u015flar\u0131n sel, su bask\u0131n\u0131, dolu ya\u011f\u0131\u015f\u0131 ve y\u0131ld\u0131r\u0131m d\u00fc\u015fmesine kar\u015f\u0131 dikkatli olmalar\u0131 istendi.<\/p>\n<p style=\"text-align: justify;\">Ayr\u0131ca vatanda\u015flara, selin etkiledi\u011fi b\u00f6lge ile tahliye edilen binalara girmemesi \u00e7a\u011fr\u0131s\u0131 yap\u0131ld\u0131. Selin hasar olu\u015fturdu\u011fu H\u00fcseyin G\u00f6kb\u00fcy\u00fck Caddesi&#8217;nde de baz\u0131 vatanda\u015flar ev ve i\u015fyerlerini yeni sel riskine kar\u015f\u0131 bo\u015faltt\u0131.<\/p>\n<p style=\"text-align: justify;\">Sel y\u00fcz\u00fcnden y\u0131k\u0131lan bentlerden kopan beton bloklar\u0131n dere \u00fczerinde s\u00fcr\u00fcklendi\u011fi, ayr\u0131ca dere kenar\u0131ndaki baz\u0131 beton ve demir elektrik direkleri ile a\u011fa\u00e7lar\u0131n y\u0131k\u0131ld\u0131\u011f\u0131 g\u00f6r\u00fcld\u00fc. Olayda \u00e7ok say\u0131da ev ve i\u015f yerinde b\u00fcy\u00fck \u00e7apl\u0131 hasar olu\u015ftu.<\/p>\n<p style=\"text-align: justify;\">\u015eav\u015fat Belediye Ba\u015fkan\u0131 Naci K\u00f6ro\u011flu, dere \u00fczerinde bulunan 13 bendin 7&#8217;sinin y\u0131k\u0131ld\u0131\u011f\u0131n\u0131 ve bunun da ya\u015fanan felakete neden oldu\u011funu s\u00f6yledi.<\/p>\n<p style=\"text-align: justify;\">Bentlerin amac\u0131na uygun olarak yap\u0131lmad\u0131\u011f\u0131n\u0131 kaydeden K\u00f6ro\u011flu, &#8220;Yap\u0131l\u0131\u015f \u015feklinde, in\u015faat \u015feklinde yanl\u0131\u015flar var. Kullan\u0131lan \u00e7imento yeterli de\u011fil, kum uygun de\u011fil, kullan\u0131l\u0131n \u00e7ak\u0131l ucuz. Bizim bir s\u00f6z\u00fcm\u00fcz var, &#8216;Halep oradaysa ar\u015f\u0131n buradad\u0131r&#8217;. Beton burada, \u015eav\u015fat burada. Sa\u011flam olsa 13 bendin 7&#8217;si y\u0131k\u0131l\u0131r m\u0131, temel yok, malzeme yok. 2 milyon lira diye s\u00f6yleniyor Bay\u0131nd\u0131rl\u0131k Bakanl\u0131\u011f\u0131n\u0131n birim fiyat\u0131. Ancak 935 bin liraya ihale edilmi\u015f, verilmi\u015f. Y\u00fczde 50&#8217;den fazla fiyat k\u0131ran adam elbette \u00e7alacak, elbette ki bir \u015feyler yapacak&#8221; diye konu\u015ftu.<\/p>\n<p style=\"text-align: justify;\">K\u00f6ro\u011flu, 50 ya\u015f\u0131nda oldu\u011funu ve b\u00f6yle bir sel felaketi \u015eav\u015fat&#8217;ta g\u00f6rmedi\u011fini anlatarak, &#8220;\u00c7\u00fcnk\u00fc orada 130 y\u0131ll\u0131k de\u011firmen var ve o de\u011firmen d\u00fcne kadar ya\u015f\u0131yordu. Bentler yap\u0131lmadan \u00f6ncede ayn\u0131 ya\u011fmur ya\u011f\u0131yordu. 7 bendin bozulmas\u0131yla birden bo\u015falan suyun g\u00fcc\u00fcn\u00fc d\u00fc\u015f\u00fcn\u00fcn. 7-10 metre dolu kab\u0131n bo\u015fald\u0131\u011f\u0131n\u0131 d\u00fc\u015f\u00fcn\u00fcn, ne olur? 5 katl\u0131 binan\u0131n 5&#8217;inci kat\u0131n\u0131 da vurur. De\u011firmen yerinde yok. Bentlerin yap\u0131lma amac\u0131nda de\u011fil, yap\u0131l\u0131\u015f \u015feklinde yanl\u0131\u015f var. Bir metrek\u00fcp kuma, 6 tane \u00e7imento olmal\u0131, ama 1 metrek\u00fcp y\u0131kanm\u0131\u015f temizlenmi\u015f \u00e7ak\u0131l olmal\u0131. Burada dereden rastgele \u00e7\u0131kar\u0131lt\u0131lan kumlu, ta\u015fl\u0131, \u00e7amurlu \u015feye 3 tane \u00e7imento katarsan b\u00f6yle beton olur&#8221; ifadesini kulland\u0131.<\/p>\n<p style=\"text-align: justify;\">Bentlerin yap\u0131m\u0131yla ilgili konuyu Kaymakama s\u00f6yledi\u011fini ifade eden K\u00f6ro\u011flu, Kaymakaml\u0131\u011f\u0131n da bunu DS\u0130&#8217;ye aktard\u0131\u011f\u0131n\u0131, ancak herhangi bir sonu\u00e7 al\u0131namad\u0131\u011f\u0131n\u0131 kaydetti.<\/p>\n<p style=\"text-align: justify;\"><strong>&#8220;Daha k\u00f6t\u00fcs\u00fc olabilir&#8221;<\/strong><\/p>\n<p style=\"text-align: justify;\">Naci K\u00f6ro\u011flu, \u015fu anda 6 bendin ayakta oldu\u011funu, bunlar\u0131n y\u0131k\u0131lmas\u0131 durumunda daha k\u00f6t\u00fc felaketler ya\u015fanabilece\u011fini belirterek, &#8220;Vali Bey&#8217;e de konuyu arz ettim. Bu bentlerin a\u00e7\u0131lma durumu var. Allah korusun bu olursa o zaman daha \u00e7ok kay\u0131plar olacak. \u015eu anda arama kurtarma \u00e7al\u0131\u015fmalar\u0131 s\u00fcr\u00fcyor. Arkada\u015flara, &#8216;Temelleri iyi kontrol edelim ondan sonra dereye girip \u00e7al\u0131\u015fmalara devam edelim&#8217; dedim. Kay\u0131plarda, akrabam derecesinde ki\u015filer de var. Buna ra\u011fmen, &#8216;Arama kurtarma \u00e7al\u0131\u015fmalar\u0131n\u0131 durdural\u0131m, bentlerin temeline bakal\u0131m&#8217; dedim. Bir bent u\u00e7arsa di\u011ferleri de u\u00e7ar. Bentlerin delinerek, suyun kontroll\u00fc olarak bo\u015falt\u0131lmas\u0131 laz\u0131m&#8221; dedi.<\/p>\n<p style=\"text-align: justify;\">Bentlerin amac\u0131na uygun \u015fekilde yap\u0131lmas\u0131 halinde faydas\u0131 olaca\u011f\u0131n\u0131 vurgulayan K\u00f6ro\u011flu, &#8220;Ama b\u00f6yle yap\u0131lacaksa hi\u00e7 yap\u0131lmas\u0131n. Eski deremiz daha g\u00fczeldi&#8221; dedi.<\/p>\n<p style=\"text-align: justify;\">Olay\u0131n g\u00f6rg\u00fc tan\u0131klar\u0131ndan Ali Dede, dere kenar\u0131ndaki evlerinde bulunduklar\u0131 s\u0131rada patlama sesi gibi bir ses duyduklar\u0131n\u0131 belirterek, &#8220;\u0130lk \u00f6nce han\u0131m d\u0131\u015far\u0131 \u00e7\u0131kt\u0131. Daha sonra ben de d\u0131\u015far\u0131 \u00e7\u0131kt\u0131\u011f\u0131mda gelen sel arabalar\u0131, at\u00f6lyeleri ve evleri \u00f6n\u00fcne alarak g\u00f6t\u00fcrd\u00fc\u011f\u00fcn\u00fc g\u00f6rd\u00fcm. Her \u015fey 3 saniyede oldu&#8221; dedi.<\/p>\n<p style=\"text-align: justify;\">Sele kap\u0131lmaktan son anda kurtuldu\u011funu ifade eden Dede, &#8220;Sel sular\u0131 gelmeye ba\u015flay\u0131nca ben dereden uzakla\u015farak evimin yak\u0131n\u0131ndaki demir korkuluklara tutunarak kurtuldum. Ama dere kenar\u0131ndaki baraka t\u00fcr\u00fc bir yap\u0131da ekmek yapan halam\u0131n gelininin de aralar\u0131nda bulundu\u011fu biri \u00e7ocuk 4 ki\u015fiyi sular g\u00f6t\u00fcrd\u00fc&#8221; diye konu\u015ftu.<\/p>\n<p style=\"text-align: justify;\">Makine teknisyeni M\u00fcfit Y\u0131lmaz da, dere \u00fczerinde 2008 y\u0131l\u0131ndan beri bent yap\u0131m\u0131n\u0131n s\u00fcrd\u00fc\u011f\u00fcn\u00fc belirterek, &#8220;Dere yata\u011f\u0131n\u0131n \u00fcst k\u0131sm\u0131ndaki birinci bent y\u0131k\u0131l\u0131nca, a\u015fa\u011f\u0131daki di\u011fer bent de y\u0131k\u0131ld\u0131. Bentlerden kopan beton par\u00e7alar\u0131 ve su a\u015fa\u011f\u0131ya do\u011fru gelip ev ve i\u015f yerlerinde tahribat olu\u015fturdu. Bentler yeterince demir kullan\u0131lmad\u0131\u011f\u0131 i\u00e7in y\u0131k\u0131ld\u0131. Su bask\u0131n\u0131 sonras\u0131 deh\u015fet verici bir g\u00f6r\u00fcnt\u00fc olu\u015ftu. \u015eav\u015fat bir da\u011f\u0131n ete\u011fine kuruldu\u011fu i\u00e7in 5 ile 10 y\u0131lda bir sel olur. Ancak bug\u00fcne kadar en \u015fiddetli olan ve en a\u011f\u0131r tahribat yapan sel, bu oldu&#8221; diye konu\u015ftu.<\/p>\n<p style=\"text-align: justify;\">G\u00f6rg\u00fc tan\u0131klar\u0131ndan Haydar Yurtcan ise ya\u015fanan selden kendilerini zarar g\u00f6rmedi\u011fini ancak kom\u015fular\u0131n\u0131n \u00e7ok zarar\u0131 oldu\u011funu belirterek, &#8220;B\u00f6yle bir afet daha \u00f6nce hi\u00e7 g\u00f6r\u00fclmedi&#8221; dedi.<\/p>\n<p style=\"text-align: justify;\"><strong>Ordu:<\/strong><\/p>\n<p style=\"text-align: justify;\">Ordu&#8217;nun Per\u015fembe Kaymakam\u0131 Mustafa As\u0131m Alkan, sel ve heyelanda en b\u00fcy\u00fck hasar\u0131n il\u00e7e merkezinde olu\u015ftu\u011funu belirtti.<\/p>\n<p style=\"text-align: justify;\">Heyelan nedeniyle kapanan k\u00f6y yollar\u0131n\u0131n a\u00e7\u0131ld\u0131\u011f\u0131n\u0131, \u00fc\u00e7 k\u00f6yde de \u00e7al\u0131\u015fmalar\u0131n devam etti\u011fini belirten Alkan, &#8220;Elektrik verilemeyen 16 k\u00f6ye, 3 mahalle d\u0131\u015f\u0131nda elektrik verilmeye ba\u015fland\u0131. K\u00f6y yollar\u0131nda \u0130l \u00d6zel \u0130daresi, Ordu Belediyesi, Kaymakaml\u0131k ve Karayollar\u0131 ekipleri \u00e7al\u0131\u015fmalar\u0131n\u0131 s\u00fcrd\u00fcr\u00fcyor. En b\u00fcy\u00fck hasar il\u00e7e merkezinde meydana geldi. \u0130l\u00e7e merkezinde de \u00e7al\u0131\u015fmalar devam ediyor. Ordu Belediyesi ba\u015fta olmak \u00fczere il\u00e7e ve belde belediye ekiplerinden yard\u0131m al\u0131yoruz&#8221; dedi.<\/p>\n<p style=\"text-align: justify;\">Alkan, b\u00f6lgede sel ve heyelan riskinin devam etti\u011fine de i\u015faret ederek vatanda\u015flar\u0131 dikkatli olmalar\u0131 konusunda uyard\u0131. \u00d6te yandan, il\u00e7enin b\u00fcy\u00fck b\u00f6l\u00fcm\u00fcne altyap\u0131n\u0131n g\u00f6rd\u00fc\u011f\u00fc hasar nedeniyle su verilemiyor. Vatanda\u015flara belediye taraf\u0131ndan, sular\u0131 kaynatarak t\u00fcketmeleri konusunda uyar\u0131 yap\u0131l\u0131rken, belediyenin klor da\u011f\u0131t\u0131m\u0131nda bulundu\u011fu da bildirildi. \u0130l\u00e7e merkezinde su basan ev ve i\u015f yerlerinde tahliye \u00e7al\u0131\u015fmalar\u0131 belediye ekiplerinin yard\u0131m\u0131 ile yap\u0131l\u0131yor. Heyelan sonucu hayat\u0131n\u0131 kaybeden 2 ki\u015finin cenazesi ise Bo\u011fazc\u0131k k\u00f6y\u00fcnde topra\u011fa verilecek.<\/p>\n<p style=\"text-align: justify;\"><strong>Bart\u0131n:<\/strong><\/p>\n<p style=\"text-align: justify;\">Bart\u0131n&#8217;da etkili olan sa\u011fanak ya\u011f\u0131\u015f nedeniyle Bart\u0131n Irma\u011f\u0131 sabah saatlerinde ta\u015ft\u0131. Kentte etkili olan sa\u011fanakla birlikte, yakla\u015f\u0131k 15 kilometrelik b\u00f6l\u00fcm\u00fc Bart\u0131n kent merkezinden ge\u00e7erek Karadeniz&#8217;e d\u00f6k\u00fclen Bart\u0131n Irma\u011f\u0131&#8217;n\u0131n, Kemerk\u00f6pr\u00fc, Orduyeri ve Sar\u0131lar K\u00f6pr\u00fcs\u00fc mevkilerinde ta\u015fma meydana geldi.<\/p>\n<p style=\"text-align: justify;\">Yer yer 2,5-3 metre civar\u0131nda su birikintilerin olu\u015fmas\u0131 nedeniyle ev ve i\u015f yerlerini su basan kentte, \u00e7ok say\u0131da vatanda\u015f konutlar\u0131nda mahsur kald\u0131. Kentin bir\u00e7ok yerine ara\u00e7larla ula\u015f\u0131m sa\u011flanamamas\u0131ndan dolay\u0131 vatanda\u015flar\u0131n i\u015f yerlerine y\u00fcr\u00fcyerek gitti. Belediye halka \u00f6zel ara\u00e7larla trafi\u011fe \u00e7\u0131kmamalar\u0131 konusunda uyar\u0131larda bulundu.<\/p>\n<p style=\"text-align: justify;\">Yakla\u015f\u0131k 1000 civar\u0131nda ki\u015fi \u0131rma\u011f\u0131n ta\u015fmas\u0131 sonucu evlerinde mahsur kald\u0131. Irmak kenar\u0131ndaki evlerde oturan vatanda\u015flara yat\u0131l\u0131 okullar ve yurtlar a\u00e7\u0131ld\u0131. K\u0131z\u0131lay mobil a\u015fevi kurarak yemek da\u011f\u0131t\u0131m\u0131na ba\u015flad\u0131.<\/p>\n<p style=\"text-align: justify;\">Bart\u0131n Valisi Halil I\u015f\u0131k, kentte 3 g\u00fcnd\u00fcr etkili ya\u011f\u0131\u015flar\u0131n ya\u015fand\u0131\u011f\u0131n\u0131 ve metrekareye 300 kilogram ya\u011f\u0131\u015f d\u00fc\u015ft\u00fc\u011f\u00fcn\u00fc s\u00f6yledi. Ya\u011f\u0131\u015f oran\u0131n\u0131n di\u011fer y\u0131llarla k\u0131yasland\u0131\u011f\u0131nda \u00e7ok y\u00fcksek oldu\u011funa i\u015faret eden I\u015f\u0131k, &#8220;Bu sabah saatlerinden ak\u015fama kadar 30 kilogram daha ya\u011f\u0131\u015f bekliyoruz. Devlet olarak \u00e7ok iyi organize olduk. \u00d6nemli tedbirler ald\u0131k. Bu \u00e7er\u00e7evede olas\u0131 can ve mal kay\u0131plar\u0131n\u0131 \u00f6nledik. K\u0131rsal kesimde sele kap\u0131lan insanlar\u0131m\u0131z oldu. Ancak, bunlar\u0131 kurtard\u0131k. Kriz merkezi olarak halk\u0131m\u0131z\u0131 devaml\u0131 uyard\u0131k. O uyar\u0131lar\u0131m\u0131z\u0131n ne kadar etkili oldu\u011funu da sabah saatlerinde anlad\u0131k. Su seviyesi s\u00fcrekli y\u00fckselen \u0131rmak, tahmin etti\u011fimiz gibi ta\u015ft\u0131. Irma\u011f\u0131n ge\u00e7ti\u011fi baz\u0131 g\u00fczergahlar suyla kapland\u0131. Oralarda bulunan ev ve i\u015f yerlerimizi de su bast\u0131. Bu nedenle Amasra ve Kuruca\u015file il\u00e7emizle ula\u015f\u0131m kesildi&#8221; dedi.<\/p>\n<p style=\"text-align: justify;\">K\u0131z\u0131lay b\u00f6lgeye bir adet seyyar mutfak ve 1000 adet battaniye ve i\u00e7me suyu g\u00f6nderdi.<\/p>\n<p style=\"text-align: justify;\"><strong>Bolu:<\/strong><\/p>\n<p style=\"text-align: justify;\">Bolu Abant Tabiat Park\u0131 yolu \u00fczerinde bulunan k\u00f6ylerde derenin ta\u015fmas\u0131 sonucu da yakla\u015f\u0131k 50 ki\u015fi evlerinde mahsur kald\u0131. Sular alt\u0131nda kalan ev ve pansiyondaki vatanda\u015flar dozerlerin kep\u00e7elerine al\u0131narak kurtar\u0131ld\u0131. Abant&#8217;a 2 kilometre kala meydana gelen heyelan nedeniyle yol ula\u015f\u0131ma kapand\u0131.<\/p>\n<p style=\"text-align: justify;\">Gece etkili olan ya\u011fmur sonucu Abant Tabiat Park\u0131 yolu \u00fczerinde bulunan Derece\u00f6ren ve Ak\u00e7aalan k\u00f6ylerinde derenin kenar\u0131nda bulunan evleri su bast\u0131.<\/p>\n<p style=\"text-align: justify;\">Derenin ta\u015fmas\u0131 sonucu bir su fabrikas\u0131, evler ve bir pansiyonda mahsur kalan vatanda\u015flar\u0131 kurtarmak i\u00e7in itfaiye ve belediye ekipleri \u00e7al\u0131\u015fma yapt\u0131lar.<\/p>\n<p style=\"text-align: justify;\">Derenin kenar\u0131nda bulunan su fabrikas\u0131 tamamen sular alt\u0131nda kal\u0131rken mahsur kalan 12 \u00e7al\u0131\u015fan\u0131 ise itfaiyenin merdivenli arac\u0131 ile kurtar\u0131ld\u0131. Evlerde mahsur kalanlar ise dozerin kep\u00e7esine al\u0131narak y\u00fcksek kesimlere \u00e7\u0131kar\u0131ld\u0131.<\/p>\n<p style=\"text-align: justify;\">Bir pansiyonda kalan aile de kep\u00e7e ile kurtar\u0131ld\u0131. Engelli \u00e7ocu\u011funu kuca\u011f\u0131na alan baba dozerin kep\u00e7esine bindi. Islanan \u00e7ocu\u011fun titredi\u011fi g\u00f6r\u00fcld\u00fc.<\/p>\n<p style=\"text-align: justify;\">Abant&#8217;\u0131n giri\u015fine 2 kilometre kala ise heyelan meydana geldi. Toprak ve a\u011fa\u00e7larla kaplanan yolu ula\u015f\u0131ma a\u00e7mak i\u00e7in Bolu Belediyesi ve Karayollar\u0131 ekipleri \u00e7al\u0131\u015fma ba\u015flatt\u0131. Yolun gece 01.00&#8217;den itibaren kapal\u0131 oldu\u011fu \u00f6\u011frenilirken, ula\u015f\u0131m Abant ile Mudurnu aras\u0131ndaki yoldan sa\u011flan\u0131yor.<\/p>\n<p style=\"text-align: justify;\">\u00d6te yandan, b\u00f6lgeye giden ve mahsur kalan bir grup gazeteciyi de Karayollar\u0131 Genel M\u00fcd\u00fcrl\u00fc\u011f\u00fc ekipleri kurtard\u0131.<\/p>\n<p style=\"text-align: justify;\"><strong>D\u00fczce:<\/strong><\/p>\n<p style=\"text-align: justify;\">D\u00fczce&#8217;de meydana gelen sel nedeniyle kente i\u00e7me suyu sa\u011flayan \u015febeke patlad\u0131, Kayna\u015fl\u0131 il\u00e7esi ve Beyk\u00f6y beldesinde yollar \u00e7\u00f6kt\u00fc.<\/p>\n<p style=\"text-align: justify;\">Kayna\u015fl\u0131 il\u00e7esinde gece ba\u015flayan a\u015f\u0131r\u0131 ya\u011f\u0131\u015f nedeniyle meydana gelen sel vatanda\u015flar\u0131 uykuda yakalad\u0131. Ev ve i\u015f yerlerine sel sular\u0131 dolan vatanda\u015flar sabah saatlerine kadar sular\u0131 tahliye etmeye \u00e7al\u0131\u015ft\u0131.<\/p>\n<p style=\"text-align: justify;\">Kayna\u015fl\u0131 Belediyesi ekipleri, DS\u0130 ve K\u00f6y Hizmetlerinden gelen takviye i\u015f makineleri yard\u0131m\u0131yla ta\u015fan derelerin a\u00e7\u0131lmas\u0131 ve heyelanlar\u0131n temizlenmesi \u00e7al\u0131\u015fmalar\u0131na ba\u015flad\u0131.<\/p>\n<p style=\"text-align: justify;\">Beyk\u00f6y Beldesinde ise sel sular\u0131 nedeniyle elektrik direkleri y\u0131k\u0131ld\u0131 vatanda\u015flar geceyi elektriksiz ge\u00e7irmek zorunda kald\u0131. U\u011fur k\u00f6y\u00fc yolunun sel sular\u0131yla \u00e7\u00f6kmesi \u00fczerine D\u00fczce&#8217;ye i\u00e7me suyu sa\u011flayan \u015febeke patlad\u0131, 15 k\u00f6y\u00fcn Beyk\u00f6y ile olan ba\u011flant\u0131s\u0131 tamamen kesildi. Asar Deresi&#8217;ne akan sel sular\u0131 derede bir i\u015fletmeye ait restoran ama\u00e7l\u0131 kullan\u0131lan geminin s\u00fcr\u00fcklenmesine neden oldu.<\/p>\n<p style=\"text-align: justify;\">Daha sonra alabora olan gemi \u015eagu\u00e7 k\u00f6pr\u00fcs\u00fc alt\u0131nda par\u00e7aland\u0131. K\u00f6pr\u00fc ayaklar\u0131n\u0131 t\u0131kayan ve b\u00f6lgede sel sular\u0131n\u0131n y\u00fckselmesi riskini art\u0131ran gemi, ekiplerin m\u00fcdahalesiyle k\u00f6pr\u00fcn\u00fcn ayaklar\u0131ndan kurtar\u0131ld\u0131. Yakla\u015f\u0131k 5 kilometre par\u00e7alanm\u0131\u015f halde s\u00fcr\u00fcklenen geminin iskeleti, belediye ekiplerince Yeni Ta\u015fk\u00f6pr\u00fc k\u00f6y\u00fc giri\u015finde dereden \u00e7\u0131kart\u0131larak k\u0131y\u0131ya al\u0131nd\u0131.<\/p>\n<p style=\"text-align: justify;\"><strong> Zonguldak:<\/strong><\/p>\n<p style=\"text-align: justify;\">Zonguldak&#8217;\u0131n G\u00f6k\u00e7ebey il\u00e7esinde de gece meydana gelen su bask\u0131nlar\u0131yla ilgili Kaymakam \u00c7etin K\u0131l\u0131n\u00e7, ev ve i\u015f yerlerine su girmesinden dolay\u0131 maddi hasar\u0131n olu\u015ftu\u011funu, herhangi can kayb\u0131n\u0131n ya\u015fanmad\u0131\u011f\u0131n\u0131 bildirdi.<\/p>\n<p style=\"text-align: justify;\">Su bask\u0131nlar\u0131ndan dolay\u0131 baz\u0131 k\u00f6y yollar\u0131n\u0131n kapand\u0131\u011f\u0131n\u0131 anlatan K\u0131l\u0131n\u00e7, &#8220;Gerekli \u00e7al\u0131\u015fmalar\u0131 ba\u015flatt\u0131k. \u015eu an i\u00e7in tehlike yok. Hasar tespit \u00e7al\u0131\u015fmalar\u0131 yap\u0131l\u0131yor. \u0130l\u00e7e merkezinde 1-1,5 metre civar\u0131nda su vard\u0131, ancak tamamen \u00e7ekildi&#8221; dedi.<\/p>\n<p style=\"text-align: justify;\"><span style=\"color: #888888;\">CNN T\u00dcRK<\/span><\/p>\n","protected":false},"excerpt":{"rendered":"<\/p>\n<p style=\"text-align: justify;\">Artvin ve Ordu&#8217;da a\u015f\u0131r\u0131 ya\u011f\u0131\u015f\u0131n neden oldu\u011fu sel sonucu 6 ki\u015fi hayat\u0131n\u0131 kaybetti. Artvin&#8217;in \u015eav\u015fat Belediye Ba\u015fkan\u0131 Naci K\u00f6ro\u011flu, felakete Tigrat deresi \u00fczerindeki bentlerin amac\u0131na uygun \u015fekilde yap\u0131lmamas\u0131n\u0131n neden oldu\u011funu s\u00f6yledi. 13 bendin 7&#8217;si y\u0131k\u0131ld\u0131\u011f\u0131n\u0131 s\u00f6yleyen K\u00f6ro\u011flu, kalan 6 bendin a\u00e7\u0131lma durumunun oldu\u011funu vurgulad\u0131.<\/p>\n<p style=\"text-align: justify;\">Artvin:<\/p>\n<p style=\"text-align: justify;\">Artvin&#8217;in \u015eav\u015fat il\u00e7esinden <\/p>\n","protected":false},"author":1,"featured_media":0,"comment_status":"open","ping_status":"closed","sticky":false,"template":"","format":"standard","meta":{"footnotes":""},"categories":[105],"tags":[],"class_list":["post-11465","post","type-post","status-publish","format-standard","hentry","category-gundem","odd"],"_links":{"self":[{"href":"http:\/\/www.korhanyilmaz.com\/index.php?rest_route=\/wp\/v2\/posts\/11465","targetHints":{"allow":["GET"]}}],"collection":[{"href":"http:\/\/www.korhanyilmaz.com\/index.php?rest_route=\/wp\/v2\/posts"}],"about":[{"href":"http:\/\/www.korhanyilmaz.com\/index.php?rest_route=\/wp\/v2\/types\/post"}],"author":[{"embeddable":true,"href":"http:\/\/www.korhanyilmaz.com\/index.php?rest_route=\/wp\/v2\/users\/1"}],"replies":[{"embeddable":true,"href":"http:\/\/www.korhanyilmaz.com\/index.php?rest_route=%2Fwp%2Fv2%2Fcomments&post=11465"}],"version-history":[{"count":0,"href":"http:\/\/www.korhanyilmaz.com\/index.php?rest_route=\/wp\/v2\/posts\/11465\/revisions"}],"wp:attachment":[{"href":"http:\/\/www.korhanyilmaz.com\/index.php?rest_route=%2Fwp%2Fv2%2Fmedia&parent=11465"}],"wp:term":[{"taxonomy":"category","embeddable":true,"href":"http:\/\/www.korhanyilmaz.com\/index.php?rest_route=%2Fwp%2Fv2%2Fcategories&post=11465"},{"taxonomy":"post_tag","embeddable":true,"href":"http:\/\/www.korhanyilmaz.com\/index.php?rest_route=%2Fwp%2Fv2%2Ftags&post=11465"}],"curies":[{"name":"wp","href":"https:\/\/api.w.org\/{rel}","templated":true}]}}