{"id":11461,"date":"2009-07-15T19:34:10","date_gmt":"2009-07-15T16:34:10","guid":{"rendered":"http:\/\/www.korhanyilmaz.com\/?p=11461"},"modified":"2009-07-15T19:34:10","modified_gmt":"2009-07-15T16:34:10","slug":"gul-konuttan-cikmadi-bakana-villa-kiralandi","status":"publish","type":"post","link":"http:\/\/www.korhanyilmaz.com\/?p=11461","title":{"rendered":"G\u00fcl konuttan \u00e7\u0131kmad\u0131 bakana villa kiraland\u0131"},"content":{"rendered":"<p><img loading=\"lazy\" decoding=\"async\" class=\"aligncenter size-full wp-image-11462\" src=\"http:\/\/www.korhanyilmaz.com\/wp-content\/uploads\/2009\/07\/davutoglu2606.jpg\" alt=\"\" width=\"260\" height=\"195\" \/><\/p>\n<p style=\"text-align: justify;\">Cumhurba\u015fkan\u0131 G\u00fcl, g\u00f6revi bitene kadar D\u0131\u015fi\u015fleri Konutu\u2019nu ikametgah olarak kullanacak.<\/p>\n<p style=\"text-align: justify;\">Konutun m\u00fclkiyeti bakanl\u0131kta kalacak, b\u00fct\u00e7esi ise \u00c7ankaya K\u00f6\u015fk\u00fc\u2019ne dahil edilecek. D\u0131\u015fi\u015fleri, Davuto\u011flu i\u00e7in ayl\u0131k 20 bin dolara Hattatlar\u2019\u0131n villas\u0131n\u0131 kiralad\u0131.<\/p>\n<p style=\"text-align: justify;\">ANKARA- Cumhurba\u015fkan\u0131 Abdullah G\u00fcl\u2019\u00fcn, g\u00f6rev s\u00fcresinin bitimine kadar ikametgah olarak D\u0131\u015fi\u015fleri Konutu\u2019nu kullanaca\u011f\u0131 kesinle\u015fti. \u00c7ankaya K\u00f6\u015fk\u00fc ile D\u0131\u015fi\u015fleri Bakanl\u0131\u011f\u0131 aras\u0131nda ge\u00e7en hafta \u201cCumhurba\u015fkan\u0131 Abdullah G\u00fcl\u2019\u00fcn g\u00f6rev s\u00fcresi bitine kadar D\u0131\u015fi\u015fleri Konutu\u2019nun Cumhurba\u015fkanl\u0131\u011f\u0131\u2019na ait olmas\u0131na\u201d ili\u015fkin ge\u00e7ici protokol imzaland\u0131. <!--more--><\/p>\n<p style=\"text-align: justify;\"><strong>D\u0131\u015fi\u015fleri konutu Cumhurba\u015fkanl\u0131\u011f\u0131\u2019n\u0131n<\/strong><\/p>\n<p style=\"text-align: justify;\">VATAN\u2019\u0131n edindi\u011fi bilgiye g\u00f6re Cumhurba\u015fkanl\u0131\u011f\u0131 ile D\u0131\u015fi\u015fleri Bakanl\u0131\u011f\u0131 aras\u0131ndaki protokol ge\u00e7ti\u011fimiz hafta i\u00e7erisinde \u00c7ankaya K\u00f6\u015fk\u00fc\u2019nde imzaland\u0131. S\u00f6z konusu protokol\u00fcn imzalanmas\u0131n\u0131 bizzat Cumhurba\u015fkan\u0131 Abdullah G\u00fcl istedi.<\/p>\n<p style=\"text-align: justify;\">Protokol\u00fc Cumhurba\u015fkanl\u0131\u011f\u0131 ad\u0131na Genel Sekreteri Mustafa \u0130sen; D\u0131\u015fi\u015fleri Bakanl\u0131\u011f\u0131 ad\u0131na da M\u00fcste\u015far Ertu\u011frul Apakan imzalad\u0131. Cumhurba\u015fkan\u0131 Abdullah G\u00fcl\u2019\u00fcn g\u00f6rev s\u00fcresinin bitimine kadar ge\u00e7erli olacak \u201cge\u00e7ici protokol\u201d gere\u011fi, D\u0131\u015fi\u015fleri Konutu Cumhurba\u015fkanl\u0131\u011f\u0131\u2019na tahsis edildi. Yine protokol gere\u011fi, Di\u015fi\u015fleri Konutu\u2019nda \u00e7al\u0131\u015fan personelin giderleri de \u00c7ankaya K\u00f6\u015fk\u00fc b\u00fct\u00e7esine dahil edildi. Konutun m\u00fclkiyeti ise D\u0131\u015fi\u015fleri Bakanl\u0131\u011f\u0131\u2019nda kald\u0131.<\/p>\n<p style=\"text-align: justify;\">Davuto\u011flu\u2019nun ailesi ile birlikte yerle\u015fece\u011fi konut, temsil d\u00fczeyi ve g\u00fcvenlik boyutu g\u00f6zetilerek belirlendi. \u00c7ankaya\u2019daki Pembe K\u00f6\u015fk\u2019\u00fcn koruma alt\u0131nda olmas\u0131 nedeniyle tadilat\u0131n uzamas\u0131 \u00fczerine Cumhurba\u015fkan\u0131 G\u00fcl\u2019\u00fcn buraya ta\u015f\u0131nmas\u0131 gecikti.<\/p>\n<p style=\"text-align: justify;\"><strong>Davuto\u011flu i\u00e7in y\u00fczme havuzlu villa<\/strong><\/p>\n<p style=\"text-align: justify;\">S\u00f6z konusu protokol, Cumhurba\u015fkan\u0131 G\u00fcl\u2019\u00fcn, D\u0131\u015fi\u015fleri Konutu\u2019ndan \u00c7ankaya K\u00f6\u015fk\u00fc\u2019ne ta\u015f\u0131nmayaca\u011f\u0131n\u0131 da kesinle\u015ftirmi\u015f oldu. \u00c7ankaya K\u00f6\u015fk\u00fc\u2019ndeki tadilat\u0131n uzamas\u0131, G\u00fcl\u2019\u00fcn 6 y\u0131ld\u0131r kulland\u0131\u011f\u0131 D\u0131\u015fi\u015fleri Konutu\u2019nda ikamete devam etmeye karar vermesine neden oldu.<\/p>\n<p style=\"text-align: justify;\">Protokol\u00fcn ard\u0131ndan D\u0131\u015fi\u015fleri Bakanl\u0131\u011f\u0131, halen bir kamu kurulu\u015funun misafirhanesinde kalan D\u0131\u015fi\u015fleri Bakan\u0131 Ahmet Davuto\u011flu i\u00e7in ikametgah aray\u0131\u015f\u0131na girdi. D\u0131\u015fi\u015fleri Bakanl\u0131\u011f\u0131, Kayserili \u0130\u015fadam\u0131 Ahmet Hattat\u2019\u0131n K\u0131rlang\u0131\u00e7 Sokak\u2019taki d\u00f6rt katl\u0131 olan ancak kot katlar\u0131yla birlikte 7 katl\u0131 oldu\u011fu belirtilen y\u00fczme havuzlu ve \u00f6zel g\u00fcvenlikli villas\u0131n\u0131 kiralad\u0131. Davuto\u011flu\u2019nun ailesi ile birlikte yerle\u015fece\u011fi konut, temsil d\u00fczeyi ve g\u00fcvenlik boyutu g\u00f6zetilerek belirlendi.<\/p>\n<p style=\"text-align: justify;\">D\u0131\u015fi\u015fleri Bakanl\u0131\u011f\u0131\u2019n\u0131n s\u00f6z konusu villa i\u00e7in ayda 20 bin ABD Dolar\u0131 kira \u00f6deyece\u011fi \u00f6\u011frenildi. Davuto\u011flu\u2019nun 1 A\u011fustos tarihinde yeni evine ta\u015f\u0131naca\u011f\u0131 belirtildi. Hattat\u2019lar\u0131n villadan ta\u015f\u0131nma faaliyeti de s\u00fcr\u00fcyor. D\u00fcn villadan antikalar \u00e7\u0131kar\u0131ld\u0131. Evlerini D\u0131\u015fi\u015fleri Bakan\u0131\u2019na kiraya veren Hattatlar\u2019\u0131n Beysukent\u2019te bir villaya yerle\u015fecekleri bildirildi.<\/p>\n<p style=\"text-align: justify;\"><strong>Ta\u015f\u0131nma haz\u0131rl\u0131klar\u0131 ba\u015flad\u0131<\/strong><\/p>\n<p style=\"text-align: justify;\">Uzun y\u0131llar Ba\u015fbakan\u2019\u0131n dan\u0131\u015fmanl\u0131\u011f\u0131n\u0131 yapan Ahmet Davuto\u011flu kabinenin milletvekili olmayan tek bakan\u0131. 1984\u2019te Dr. Sare Han\u0131m\u2019la evlenen Davuto\u011flu d\u00f6rt \u00e7ocuk sahibi. Davuto\u011flu ailesi \u015fimdi D\u0131\u015fi\u015fleri Konutu yerine yeni villaya ta\u015f\u0131nmaya haz\u0131rlan\u0131yor. Davuto\u011flu\u2019nun en k\u00fc\u00e7\u00fck \u00e7ocu\u011fu 9 ya\u015f\u0131ndaki Hacer B\u00fcke. K\u00fc\u00e7\u00fck Hacer, Ba\u015fbakan\u2019a yazd\u0131\u011f\u0131 mektupla g\u00fcndeme gelmi\u015fti. Babas\u0131n\u0131 g\u00f6rememekten yak\u0131nan Hacer mektubunda \u2019Tayyip amca babam\u0131 i\u015ften at..!\u2019 diye yazm\u0131\u015ft\u0131.<\/p>\n<p style=\"text-align: justify;\"><span style=\"color: #888888;\">Hale G\u00d6N\u00dcLTA\u015e \/ VATAN<\/span><\/p>\n","protected":false},"excerpt":{"rendered":"<\/p>\n<p style=\"text-align: justify;\">Cumhurba\u015fkan\u0131 G\u00fcl, g\u00f6revi bitene kadar D\u0131\u015fi\u015fleri Konutu\u2019nu ikametgah olarak kullanacak.<\/p>\n<p style=\"text-align: justify;\">Konutun m\u00fclkiyeti bakanl\u0131kta kalacak, b\u00fct\u00e7esi ise \u00c7ankaya K\u00f6\u015fk\u00fc\u2019ne dahil edilecek. D\u0131\u015fi\u015fleri, Davuto\u011flu i\u00e7in ayl\u0131k 20 bin dolara Hattatlar\u2019\u0131n villas\u0131n\u0131 kiralad\u0131.<\/p>\n<p style=\"text-align: justify;\">ANKARA- Cumhurba\u015fkan\u0131 Abdullah G\u00fcl\u2019\u00fcn, g\u00f6rev s\u00fcresinin bitimine kadar ikametgah olarak D\u0131\u015fi\u015fleri Konutu\u2019nu kullanaca\u011f\u0131 kesinle\u015fti. \u00c7ankaya K\u00f6\u015fk\u00fc ile D\u0131\u015fi\u015fleri <\/p>\n","protected":false},"author":1,"featured_media":0,"comment_status":"open","ping_status":"closed","sticky":false,"template":"","format":"standard","meta":{"footnotes":""},"categories":[105],"tags":[],"class_list":["post-11461","post","type-post","status-publish","format-standard","hentry","category-gundem","odd"],"_links":{"self":[{"href":"http:\/\/www.korhanyilmaz.com\/index.php?rest_route=\/wp\/v2\/posts\/11461","targetHints":{"allow":["GET"]}}],"collection":[{"href":"http:\/\/www.korhanyilmaz.com\/index.php?rest_route=\/wp\/v2\/posts"}],"about":[{"href":"http:\/\/www.korhanyilmaz.com\/index.php?rest_route=\/wp\/v2\/types\/post"}],"author":[{"embeddable":true,"href":"http:\/\/www.korhanyilmaz.com\/index.php?rest_route=\/wp\/v2\/users\/1"}],"replies":[{"embeddable":true,"href":"http:\/\/www.korhanyilmaz.com\/index.php?rest_route=%2Fwp%2Fv2%2Fcomments&post=11461"}],"version-history":[{"count":0,"href":"http:\/\/www.korhanyilmaz.com\/index.php?rest_route=\/wp\/v2\/posts\/11461\/revisions"}],"wp:attachment":[{"href":"http:\/\/www.korhanyilmaz.com\/index.php?rest_route=%2Fwp%2Fv2%2Fmedia&parent=11461"}],"wp:term":[{"taxonomy":"category","embeddable":true,"href":"http:\/\/www.korhanyilmaz.com\/index.php?rest_route=%2Fwp%2Fv2%2Fcategories&post=11461"},{"taxonomy":"post_tag","embeddable":true,"href":"http:\/\/www.korhanyilmaz.com\/index.php?rest_route=%2Fwp%2Fv2%2Ftags&post=11461"}],"curies":[{"name":"wp","href":"https:\/\/api.w.org\/{rel}","templated":true}]}}