{"id":11450,"date":"2009-07-15T10:50:29","date_gmt":"2009-07-15T07:50:29","guid":{"rendered":"http:\/\/www.korhanyilmaz.com\/?p=11450"},"modified":"2011-08-27T13:54:11","modified_gmt":"2011-08-27T10:54:11","slug":"polattan-yildirima-sok-yanit","status":"publish","type":"post","link":"http:\/\/www.korhanyilmaz.com\/?p=11450","title":{"rendered":"Polat&#8217;tan Y\u0131ld\u0131r\u0131m&#8217;a \u015fok yan\u0131t"},"content":{"rendered":"<p><img loading=\"lazy\" decoding=\"async\" class=\"aligncenter size-full wp-image-11451\" src=\"http:\/\/www.korhanyilmaz.com\/wp-content\/uploads\/2009\/07\/ardayanitib.jpg\" alt=\"\" width=\"275\" height=\"175\" \/><\/p>\n<p style=\"text-align: justify;\">U\u011fur D\u00fcndar&#8217;\u0131n sundu\u011fu programa yine Arda Turan konusu damga vurdu.<\/p>\n<p style=\"text-align: justify;\">Aziz Y\u0131ld\u0131r\u0131m, \u201cArda ile 10-15 dakika konu\u015fal\u0131m. Olumlu &#8211; olumsuz konuyu kapat\u0131r\u0131z. Bu iddiam devam ediyor\u201d demesi \u00fczerine, Adnan Polat, \u201cBen Arda ile ba\u015f ba\u015fa kald\u0131\u011f\u0131 vakit Aziz Bey\u2019in Galatasarayl\u0131 olmas\u0131ndan korkuyorum. O y\u00fczden g\u00f6r\u00fc\u015fmelerine izin vermiyorum\u201d yan\u0131t\u0131n\u0131 verdi.<!--more--><\/p>\n<p style=\"text-align: justify;\">Fenerbah\u00e7e Kul\u00fcb\u00fc Ba\u015fkan\u0131 Aziz Y\u0131ld\u0131r\u0131m, Galatasaray Kul\u00fcb\u00fc Ba\u015fkan\u0131 Adnan Polat ve Trabzonspor Kul\u00fcb\u00fc Ba\u015fkan\u0131 Sadri \u015eener, usta gazeteci U\u011fur D\u00fcndar\u2019\u0131n sundu\u011fu Arena\u2019da kul\u00fcplerinin hedefleri, futboldaki yeni rolleri ve bu sezon m\u00fccadele edecekleri UEFA Avrupa Ligi hakk\u0131nda \u00f6nemli a\u00e7\u0131klamalar yapt\u0131lar.<\/p>\n<p style=\"text-align: justify;\">Program\u0131n ba\u015f\u0131nda U\u011fur D\u00fcndar, bu tarihi zirvenin ni\u00e7in ger\u00e7ekle\u015ftirildi\u011fini a\u00e7\u0131klarken, \u201cUEFA bu y\u0131l UEFA Kupas\u0131\u2019n\u0131 UEFA Avrupa Ligi\u2019ne \u00e7evirdi. Ve bu ligin t\u00fcm ma\u00e7lar\u0131 da 2013 y\u0131l\u0131na kadar D-Smart dijital platformunda olacak.<br \/>\n\u00dclkemizden 3 tak\u0131m bu ligin \u00f6n elemelerine kat\u0131lacak. Bu arada Be\u015fikta\u015f Ba\u015fkan\u0131 Y\u0131ld\u0131r\u0131m Demir\u00f6ren ve Sivasspor Ba\u015fkan\u0131 Mecnun Odyakmaz\u2019\u0131n burada bulunmamas\u0131n\u0131n tek sebebi de tak\u0131mlar\u0131 \u015eampiyonlar Ligi\u2019nde oynayacak olmas\u0131. Biz UEFA Avrupa Ligi konulu bir programda bulu\u015ftuk\u201d ifadelerini kulland\u0131.<\/p>\n<p style=\"text-align: justify;\">Adnan Polat, bu y\u0131l ba\u015far\u0131l\u0131 olmak istediklerini belirtti ve hem Avrupa Kupalar\u0131\u2019na, hem de S\u00fcper Lig\u2019e haz\u0131r olmaya mecbur olduklar\u0131n\u0131 s\u00f6yledi. Polat, eskiden \u00e7eyrek finale kadar zarar ettikleri UEFA Kupas\u0131\u2019n\u0131n art\u0131k \u015eampiyonlar Ligi\u2019nin yeni bir versiyonu haline geldi\u011fi i\u00e7in de mutlu olduklar\u0131n\u0131 kaydetti, \u201cBu durum medyan\u0131n ve taraftar\u0131n ilgisini daha \u00e7ok \u00e7ekecek. \u0130lk ma\u00e7\u0131 uzak bir yerde, Kazakistan\u2019da oynayacak olmam\u0131z bende bir endi\u015fe yaratm\u0131yor\u201d dedi.<\/p>\n<p style=\"text-align: justify;\">Aziz Y\u0131ld\u0131r\u0131m da Avrupa Ligi\u2019yle ilgili olarak; \u201cEski formatta kazan\u00e7 sa\u011flayam\u0131yorduk. Yeni formatta ise \u015eampiyonlar Ligi kadar olmasa da yine de bir hayli gelir sa\u011flanacak. Bu nedenle daha \u00f6nemli bir organizasyon haline geldi. Umar\u0131m D-Smart da, kul\u00fcpler de bu i\u015ften mutlu \u00e7\u0131kar\u201d ifadelerini kulland\u0131.<\/p>\n<p style=\"text-align: justify;\">Sadri \u015eener de ayn\u0131 dileklere kat\u0131l\u0131rken, kendilerinin bu sezon play-off\u2019tan ba\u015flayaca\u011f\u0131 i\u00e7in biraz daha avantajl\u0131 olduklar\u0131n\u0131, bu ligi \u00e7ok \u00f6nemsediklerini s\u00f6yledi. \u015eener, Trabzon \u015fehrinin turizm ve spor a\u00e7\u0131s\u0131ndan, ayr\u0131ca \u00fclke puan\u0131 a\u00e7\u0131s\u0131ndan gruplara kalmalar\u0131n\u0131n \u00e7ok \u00f6nemli oldu\u011funu s\u00f6yledi.<\/p>\n<p style=\"text-align: justify;\">U\u011fur D\u00fcndar \u00fc\u00e7 b\u00fcy\u00fck kul\u00fcb\u00fcn ikisinin final oynas\u0131n\u0131 dilerken, Aziz Y\u0131ld\u0131r\u0131m\u2019a, Mehmet Ali Yal\u00e7\u0131nda\u011f\u2019\u0131n evindeki yemekte konu\u015fulan \u015fakala\u015fma niteli\u011findeki \u201cArda transferi\u201d konusunu sordu: \u201cArda\u2019y\u0131 ikna ederim\u201d laf\u0131 konusunda iddial\u0131 m\u0131s\u0131n\u0131z?<\/p>\n<p style=\"text-align: justify;\">Y\u0131ld\u0131r\u0131m, \u201c15 dakika konu\u015fal\u0131m. Olumlu-olumsuz konuyu kapatal\u0131m dedim. Adnan oyuncuyu veriyorsa, o iddiam devam ediyor. Biz kul\u00fcp olarak var\u0131z derse, biz de al\u0131r\u0131z\u201d dedi.<\/p>\n<p style=\"text-align: justify;\"><strong>D\u0131\u015far\u0131dan al\u0131r\u0131z!<\/strong><\/p>\n<p style=\"text-align: justify;\">Adnan Polat g\u00fcl\u00fcmseyerek, \u201cAziz bey \u00e7ok iyi Fenerbah\u00e7eli. Ama 15-20 dakika Arda\u2019yla ba\u015f ba\u015fa kald\u0131\u011f\u0131 vakit Aziz Bey\u2019in Galatasarayl\u0131 olaca\u011f\u0131ndan korkuyorum! Onun i\u00e7in g\u00f6r\u00fc\u015fmelerine m\u00fcsaade etmiyorum. Arda \u00e7ok iyi bir Galatasarayl\u0131. Tak\u0131m\u0131n sembol futbolcusu. Onun i\u00e7in tekliflerine te\u015fekk\u00fcr ediyorum ama ba\u015fkan bo\u015funa zaman\u0131n\u0131 harcam\u0131\u015f olur. Arda\u2019y\u0131 T\u00fcrkiye\u2019de bir yere parayla satmay\u0131z. Onun kariyer plan\u0131na g\u00f6re 1-2 sene sonra yurtd\u0131\u015f\u0131 projeleri var\u201d kar\u015f\u0131l\u0131\u011f\u0131n\u0131 verdi.<\/p>\n<p style=\"text-align: justify;\">Y\u0131ld\u0131r\u0131m bunun \u00fczerine, \u201cY\u00f6neticiler tak\u0131m de\u011fi\u015ftirmez ama oyuncular de\u011fi\u015ftirir. D\u0131\u015far\u0131 satars\u0131n, d\u0131\u015far\u0131dan al\u0131r\u0131z! Bunu bil yani. Bu Arda\u2019n\u0131n tercihidir\u201d diye konu\u015ftu.<\/p>\n<p style=\"text-align: justify;\"><strong>Y\u0131ld\u0131r\u0131m\u2019dan hakem \u00e7\u0131k\u0131\u015f\u0131<\/strong><\/p>\n<p style=\"text-align: justify;\">D\u00dcNDAR: \u201cBir ba\u015fka konu da hakem m\u00fcessesesi. Ben hakemlerin iyi niyetli oldu\u011funu d\u00fc\u015f\u00fcn\u00fcyorum. Ama biz maalesef hakemler konusunda b\u00fcy\u00fck liglerin kalitesini yakalayam\u0131yoruz. Yabanc\u0131 hakem konusunda ne d\u00fc\u015f\u00fcn\u00fcyorsunuz?\u201d<\/p>\n<p style=\"text-align: justify;\">YILDIRIM: \u201cT\u00fcrk futbolu bir de\u011fi\u015fim i\u00e7erisinde. Ama hakemler ayn\u0131 \u015fekilde de\u011fi\u015fim g\u00f6steremedi. T\u00fcm hatalar\u0131 \u00e7\u0131karal\u0131m. Bizim ma\u00e7lar\u0131m\u0131zda aleyhimizde yap\u0131lan hata \u00e7ok y\u00fcksek. K\u00f6t\u00fc niyet yok ama kalite \u00e7\u0131tas\u0131 y\u00fckseltilmeli. Israrla ba\u015far\u0131s\u0131z oldu\u011funuzda bu da bir t\u00fcr k\u00f6t\u00fc niyettir. Biz oyuncu, antren\u00f6r getiriyoruz, hakem de getirilsin dedik. \u00d6te yandan hakemler Avrupa\u2019da ma\u00e7 y\u00f6netti\u011finde ba\u015far\u0131l\u0131 oluyor. Bu durum irdelenmeli. Ayr\u0131ca hakemlerin ko\u015fullar\u0131 iyile\u015ftirilmeli.\u201d<\/p>\n<p style=\"text-align: justify;\"><strong>\u2018Rahat b\u0131rakal\u0131m\u2019<\/strong><\/p>\n<p style=\"text-align: justify;\">D\u00dcNDAR: \u201cHakemleri rahat b\u0131raksak. Kimse hakemler hakk\u0131nda yorum yapmasa. O zaman yurtd\u0131\u015f\u0131ndaki ba\u015far\u0131 \u00e7izgisini yurti\u00e7inde de yakalayamazlar m\u0131?\u201d<\/p>\n<p style=\"text-align: justify;\">\u015eENER: \u201cBenim d\u00fc\u015f\u00fcncem, daha iyi \u00e7al\u0131\u015f\u0131rlarsa hakemlerimizin iyi olaca\u011f\u0131 y\u00f6n\u00fcnde. Futbolcular\u0131n hakemlere itiraz\u0131 konusunda da kul\u00fcpler tav\u0131r almal\u0131. Bizde hakem \u201cmerhaba\u201d dese oyuncu itiraz ediyor. Bu da hakem \u00fczerinde b\u00fcy\u00fck bask\u0131 olu\u015fturuyor.\u201d<\/p>\n<p style=\"text-align: justify;\">YILDIRIM: \u201cBiz Belediye ma\u00e7\u0131nda 2 ofsayt gol\u00fcyle 3 puan kaybediyoruz. 2 hafta sonra hakem yine ma\u00e7 al\u0131yor. Bu haliyle \u201cT\u00fcrk hakemleriyle yola devam edelim\u201d diyemeyiz<\/p>\n<p style=\"text-align: justify;\">Polat: \u201cFutbolcu d\u00fczeyinde y\u00fcksek seviyeleri yakalayabiliyorsak, hakemlerimiz neden yapmas\u0131n? Hakemlik kurumunun iyi olmas\u0131 i\u00e7in her t\u00fcrl\u00fc \u00e7abay\u0131 g\u00f6stermeliyiz.\u201d<\/p>\n<p style=\"text-align: justify;\"><strong>Naklen yay\u0131n gelirleri artmal\u0131<\/strong><\/p>\n<p style=\"text-align: justify;\">D\u00dcNDAR: \u201cS\u00fcper Ligimiz \u00f6nem a\u00e7\u0131s\u0131ndan san\u0131r\u0131m 6\u2019nc\u0131 s\u0131rada yer al\u0131yor. Ama gelir a\u00e7\u0131s\u0131ndan daha az bir imk\u00e2na sahip. Yeni yay\u0131n ihalesi konusunda de\u011ferlendirme yap\u0131l\u0131rken rakamlar yeniden g\u00f6zden ge\u00e7irilmeli mi?\u201d<\/p>\n<p style=\"text-align: justify;\">POLAT: \u201cAsl\u0131nda \u00e7ok b\u00fcy\u00fck harcamalar yapmad\u0131k. Bonservis bedeli fazla \u00f6demedik. Ama bizden beklenen Avrupa\u2019da kupa kald\u0131rmam\u0131z. D\u00f6rt b\u00fcy\u00fck kul\u00fcb\u00fcm\u00fczden bahsediyorum. Rekabet edebilmemiz i\u00e7in daha fazla b\u00fct\u00e7e laz\u0131m. Yay\u0131n gelirleri kul\u00fcplerin en b\u00fcy\u00fck gelir kayna\u011f\u0131. T\u00fcrkiye\u2019de futbola olan ilgi nedeniyle bizden beklentiler var. TV\u2019den al\u0131nan rakamla 1 y\u0131ld\u0131z futbolcu bile transfer edilemiyor.\u201d<\/p>\n<p style=\"text-align: justify;\">\u2018Tav\u0131r koyaca\u011f\u0131z\u2019 YILDIRIM: \u201cFenerbah\u00e7e\u2019nin b\u00fct\u00e7esi 220 milyon dolar. Fenerbah\u00e7e\u2019nin TV gelirlerinden ald\u0131\u011f\u0131 toplam yay\u0131n geliri her \u015fey dahil edildi\u011finde sadece 20 milyon dolar. 1998\u2019de b\u00fct\u00e7emiz 20-25 milyon dolar civar\u0131ndayd\u0131. Ve televizyondan 13 milyon dolar gelirimiz vard\u0131. Havuz bozulmas\u0131n, g\u00fczel. Ama b\u00fcy\u00fck kul\u00fcpler tek ba\u015f\u0131na hareket etse daha fazla gelir elde edebilirler. Bayern M\u00fcnih\u2019in televizyon geliri 70 milyon euro. B\u00fct\u00e7eleri 300 milyon euro. Yani b\u00fct\u00e7elerinin ciddi bir k\u0131sm\u0131. Teknoloji de\u011fi\u015fiyor. Bu kat\u0131klar\u0131 da ortaya koyup marka de\u011ferini art\u0131rmak laz\u0131m. 400 milyon dolar\u0131n alt\u0131nda bir ihale bedeli olmamal\u0131. Bu pastay\u0131 b\u00fcy\u00fctmeliyiz. \u00c7a\u011fda\u015f teknolojileri de i\u015fe katmal\u0131y\u0131z. Aksi takdirde futbol tak\u0131mlar\u0131m\u0131z iyi oyuncu alamayacakt\u0131r. Kul\u00fcpler ve federasyonla konu\u015fuyoruz. \u0130hale yap\u0131l\u0131rken tav\u0131r koyaca\u011f\u0131z. Muammen bedel 400\u2019\u00fcn \u00fczerine \u00e7\u0131kmal\u0131 art\u0131k T\u00fcrkiye\u2019de.\u201d<\/p>\n<p style=\"text-align: justify;\"><strong>\u2018\u0130ki transfer yapaca\u011f\u0131z\u2019<\/strong><\/p>\n<p style=\"text-align: justify;\">D\u00dcNDAR: \u201cFenerbah\u00e7e \u015fu an transferde GS kadar atak de\u011fil. Bence i\u00e7ten i\u00e7e bir haz\u0131rl\u0131k i\u00e7indesiniz. Bir transfer bombas\u0131 patlatacak m\u0131s\u0131n\u0131z?\u201d<\/p>\n<p style=\"text-align: justify;\">YILDIRIM: \u201cKul\u00fcpler laf olsun diye de\u011fil ihtiyaca g\u00f6re transfer yapar. Biz Mehmet, \u00d6zer, Bekir ve Bilica\u2019y\u0131 ald\u0131k. \u00c7\u00fcnk\u00fc bu mevkilerde eksiklerimiz vard\u0131. Onun i\u00e7in \u201cbomba\u201d demek yanl\u0131\u015f. Bu tak\u0131ma monte edilecek, ihtiyac\u0131m\u0131z\u0131 kar\u015f\u0131layacak 2 oyuncu daha al\u0131p transferi kapataca\u011f\u0131z. Ge\u00e7enlerde Ronaldinho yaz\u0131ld\u0131. Yaz\u0131lan rakam 12 milyon euro. 4 y\u0131lda 48\u2019e gelir. B\u00fct\u00e7emizin 3\u2019te birine kar\u015f\u0131l\u0131k gelir. Bu paralar \u00e7ok fazla. Taraftar beklenti i\u00e7ine sokuluyor. Bor\u00e7 bata\u011f\u0131na girerseniz bir s\u00fcre sonra bankalar kredi vermez. 1 orta saha ve 1 de stoper ya da sol kanat oyuncusu alaca\u011f\u0131z. Daum bu mevkilerde oynayan 5\u2019er oyuncu tespit etti. Bunlarda 2\u2019sini alaca\u011f\u0131z.\u201d<\/p>\n<p style=\"text-align: justify;\"><strong>\u2018Rijkaard\u2019\u0131n kredibilitesi var\u2019 <\/strong><\/p>\n<p style=\"text-align: justify;\">D\u00dcNDAR: \u201cRijkaard \u00e7ok iyi bir kariyere sahip. Ama T\u00fcrkiye\u2019yi tan\u0131mas\u0131 gecikirse aksayabilir mi? Ona ne kadar zaman tan\u0131yorsunuz?\u201d<\/p>\n<p style=\"text-align: justify;\">POLAT: \u201c\u0130ki senelik s\u00f6zle\u015fmesi var. S\u00f6zle\u015fmesi s\u00fcresince Galatasaray\u2019da kalmas\u0131n\u0131 arzu ediyoruz. \u00d6n\u00fcm\u00fczdeki sezon beklenen yerde olmasa da devam edecek kredibilitesi vard\u0131r. B\u00fcy\u00fck kul\u00fcplerde ikinci olmak ba\u015far\u0131s\u0131zl\u0131k kabul ediliyor. Ge\u00e7en y\u0131l Aziz bey, Avrupa \u015fampiyonu hocay\u0131 getirdi, \u0130spanya gol kral\u0131n\u0131 getirdi ama yerden yere vurdular. Bu i\u015fin garantisi yok. Yabanc\u0131 hocalara zaman tan\u0131mak laz\u0131m.\u201d<\/p>\n<p style=\"text-align: justify;\"><span style=\"color: #888888;\">SKY TURK<\/span><\/p>\n","protected":false},"excerpt":{"rendered":"<\/p>\n<p style=\"text-align: justify;\">U\u011fur D\u00fcndar&#8217;\u0131n sundu\u011fu programa yine Arda Turan konusu damga vurdu.<\/p>\n<p style=\"text-align: justify;\">Aziz Y\u0131ld\u0131r\u0131m, \u201cArda ile 10-15 dakika konu\u015fal\u0131m. Olumlu &#8211; olumsuz konuyu kapat\u0131r\u0131z. Bu iddiam devam ediyor\u201d demesi \u00fczerine, Adnan Polat, \u201cBen Arda ile ba\u015f ba\u015fa kald\u0131\u011f\u0131 vakit Aziz Bey\u2019in Galatasarayl\u0131 olmas\u0131ndan korkuyorum. O y\u00fczden g\u00f6r\u00fc\u015fmelerine izin vermiyorum\u201d yan\u0131t\u0131n\u0131 verdi.<\/p>\n","protected":false},"author":1,"featured_media":0,"comment_status":"open","ping_status":"closed","sticky":false,"template":"","format":"standard","meta":{"footnotes":""},"categories":[42],"tags":[],"class_list":["post-11450","post","type-post","status-publish","format-standard","hentry","category-spor","odd"],"_links":{"self":[{"href":"http:\/\/www.korhanyilmaz.com\/index.php?rest_route=\/wp\/v2\/posts\/11450","targetHints":{"allow":["GET"]}}],"collection":[{"href":"http:\/\/www.korhanyilmaz.com\/index.php?rest_route=\/wp\/v2\/posts"}],"about":[{"href":"http:\/\/www.korhanyilmaz.com\/index.php?rest_route=\/wp\/v2\/types\/post"}],"author":[{"embeddable":true,"href":"http:\/\/www.korhanyilmaz.com\/index.php?rest_route=\/wp\/v2\/users\/1"}],"replies":[{"embeddable":true,"href":"http:\/\/www.korhanyilmaz.com\/index.php?rest_route=%2Fwp%2Fv2%2Fcomments&post=11450"}],"version-history":[{"count":0,"href":"http:\/\/www.korhanyilmaz.com\/index.php?rest_route=\/wp\/v2\/posts\/11450\/revisions"}],"wp:attachment":[{"href":"http:\/\/www.korhanyilmaz.com\/index.php?rest_route=%2Fwp%2Fv2%2Fmedia&parent=11450"}],"wp:term":[{"taxonomy":"category","embeddable":true,"href":"http:\/\/www.korhanyilmaz.com\/index.php?rest_route=%2Fwp%2Fv2%2Fcategories&post=11450"},{"taxonomy":"post_tag","embeddable":true,"href":"http:\/\/www.korhanyilmaz.com\/index.php?rest_route=%2Fwp%2Fv2%2Ftags&post=11450"}],"curies":[{"name":"wp","href":"https:\/\/api.w.org\/{rel}","templated":true}]}}