{"id":11447,"date":"2009-07-15T11:16:18","date_gmt":"2009-07-15T08:16:18","guid":{"rendered":"http:\/\/www.korhanyilmaz.com\/?p=11447"},"modified":"2009-07-15T11:16:18","modified_gmt":"2009-07-15T08:16:18","slug":"vali-bey-costu","status":"publish","type":"post","link":"http:\/\/www.korhanyilmaz.com\/?p=11447","title":{"rendered":"Vali Bey \u00e7o\u015ftu"},"content":{"rendered":"<p><img loading=\"lazy\" decoding=\"async\" class=\"aligncenter size-full wp-image-11448\" src=\"http:\/\/www.korhanyilmaz.com\/wp-content\/uploads\/2009\/07\/baglabb.jpg\" alt=\"\" width=\"275\" height=\"175\" \/><\/p>\n<p style=\"text-align: justify;\">\u2019MGK kald\u0131r\u0131ls\u0131n, Genelkurmay, Savunma Bakanl\u0131\u011f\u0131na ba\u011flans\u0131n. Askeri Yarg\u0131tay kapat\u0131ls\u0131n. Jandarma\u2019n\u0131n varl\u0131\u011f\u0131 g\u00f6zden ge\u00e7irilsin. Anayasa Mahkemesi \u00fcyelerini Meclis se\u00e7sin\u00b4 Bu \u00e7arp\u0131c\u0131 \u00f6neriler Bolu Valisi Halil \u0130brahim Akp\u0131nar\u00b4e ait&#8230;<\/p>\n<p style=\"text-align: justify;\">Abant Platformu\u2019nun d\u00fczenledi\u011fi toplant\u0131daki s\u00f6zleriyle dikkatleri \u00e7eken Bolu Valisi Halil \u0130brahim Akp\u0131nar, \u015fimdi de Milli G\u00fcvenlik Kurulu ve Askeri Yarg\u0131tay\u2019\u0131n kald\u0131r\u0131lmas\u0131n\u0131, Genelkurmay Ba\u015fkanl\u0131\u011f\u0131n\u0131n da Milli Savunma Bakanl\u0131\u011f\u0131na ba\u011flanmas\u0131n\u0131 istedi.<\/p>\n<p style=\"text-align: justify;\">Ki\u015fisel internet sitesinde daha \u00f6nce de \u2018\u2019\u0130rtica laf\u0131 da Jakoben markal\u0131d\u0131r\u2019\u2019 diyen Akp\u0131nar, son yaz\u0131s\u0131nda ise 12 Eyl\u00fcl darbesini yapanlar\u0131n yan\u0131 s\u0131ra, 28 \u015eubat\u2019a kar\u0131\u015fanlar\u0131n da yarg\u0131lanmas\u0131n\u0131 istedi. Vali Akp\u0131nar, yeni bir Anayasa da \u00f6nerdi. <!--more--><\/p>\n<p style=\"text-align: justify;\"><strong>\u2018\u2019JANDARMA\u2019NIN VARLI\u011eI G\u00d6ZDEN GE\u00c7\u0130R\u0130LS\u0130N\u2019\u2019 <\/strong><\/p>\n<p style=\"text-align: justify;\">\u2018\u2019Genelkurmay Ba\u015fkanl\u0131\u011f\u0131 1960 \u00f6ncesinde ve ger\u00e7ek demokrasilerde oldu\u011fu gibi Savunma Bakanl\u0131\u011f\u0131na ba\u011flanmal\u0131d\u0131r\u2019\u2019 diyen Akp\u0131nar \u015funlar\u0131 yazd\u0131:<\/p>\n<p style=\"text-align: justify;\">&#8220;Genelkurmay Ba\u015fkan\u0131, Bakanlar Kurulu Karar\u0131yla, Kuvvet Komutanlar\u0131 ise m\u00fc\u015fterek kararname ile atanmal\u0131, di\u011fer generallerin atanmas\u0131nda Savunma Bakan\u0131 oluru yeterli olmal\u0131d\u0131r. Jandarma te\u015fkilat\u0131n\u0131n varl\u0131\u011f\u0131 g\u00f6zden ge\u00e7irilmelidir. Milli G\u00fcvenlik Kurulu kald\u0131r\u0131lmal\u0131d\u0131r. Askeri Yarg\u0131tay ve Askeri Y\u00fcksek \u0130dare Mahkemesi kald\u0131r\u0131lmal\u0131d\u0131r. Anayasa Mahkemesi \u00fcyelerinin en az yar\u0131s\u0131, TBMM taraf\u0131ndan se\u00e7ilmelidir. Siyasi partilerin kapat\u0131lmas\u0131na ili\u015fkin d\u00fczenleme tamamen kald\u0131r\u0131lmal\u0131d\u0131r. Anayasa Mahkemesinin Y\u00fcce Divan g\u00f6revi Yarg\u0131tay\u2019a devredilmelidir. TSK \u0130\u00e7 Hizmet Kanununun 35. maddesi (Silahl\u0131 Kuvvetlerin vazifesi; T\u00fcrk yurdunu ve Anayasa ile tayin edilmi\u015f olan T\u00fcrkiye Cumhuriyetini kollamak ve korumakt\u0131r.) ya tamamen kald\u0131r\u0131lmal\u0131 ya da bu maddenin halk\u0131n oyu ile iktidara gelmi\u015f olan h\u00fck\u00fcmeti devirmek veya tehdit etmek anlam\u0131na gelmeyece\u011fi belirtilmelidir(\u2026) Gitmemiz gereken yer, e\u011fer \u00e7a\u011fda\u015f uygarl\u0131k d\u00fczeyi ise bu de\u011fi\u015fiklikler yap\u0131lmadan o amaca ula\u015fmam\u0131z m\u00fcmk\u00fcn de\u011fildir.\u2019\u2019<\/p>\n<p style=\"text-align: justify;\"><span style=\"color: #888888;\">Gazeteport<\/span><\/p>\n","protected":false},"excerpt":{"rendered":"<\/p>\n<p style=\"text-align: justify;\">\u2019MGK kald\u0131r\u0131ls\u0131n, Genelkurmay, Savunma Bakanl\u0131\u011f\u0131na ba\u011flans\u0131n. Askeri Yarg\u0131tay kapat\u0131ls\u0131n. Jandarma\u2019n\u0131n varl\u0131\u011f\u0131 g\u00f6zden ge\u00e7irilsin. Anayasa Mahkemesi \u00fcyelerini Meclis se\u00e7sin\u00b4 Bu \u00e7arp\u0131c\u0131 \u00f6neriler Bolu Valisi Halil \u0130brahim Akp\u0131nar\u00b4e ait&#8230;<\/p>\n<p style=\"text-align: justify;\">Abant Platformu\u2019nun d\u00fczenledi\u011fi toplant\u0131daki s\u00f6zleriyle dikkatleri \u00e7eken Bolu Valisi Halil \u0130brahim Akp\u0131nar, \u015fimdi de Milli G\u00fcvenlik Kurulu ve Askeri Yarg\u0131tay\u2019\u0131n kald\u0131r\u0131lmas\u0131n\u0131, Genelkurmay Ba\u015fkanl\u0131\u011f\u0131n\u0131n <\/p>\n","protected":false},"author":1,"featured_media":0,"comment_status":"open","ping_status":"closed","sticky":false,"template":"","format":"standard","meta":{"footnotes":""},"categories":[105],"tags":[],"class_list":["post-11447","post","type-post","status-publish","format-standard","hentry","category-gundem","odd"],"_links":{"self":[{"href":"http:\/\/www.korhanyilmaz.com\/index.php?rest_route=\/wp\/v2\/posts\/11447","targetHints":{"allow":["GET"]}}],"collection":[{"href":"http:\/\/www.korhanyilmaz.com\/index.php?rest_route=\/wp\/v2\/posts"}],"about":[{"href":"http:\/\/www.korhanyilmaz.com\/index.php?rest_route=\/wp\/v2\/types\/post"}],"author":[{"embeddable":true,"href":"http:\/\/www.korhanyilmaz.com\/index.php?rest_route=\/wp\/v2\/users\/1"}],"replies":[{"embeddable":true,"href":"http:\/\/www.korhanyilmaz.com\/index.php?rest_route=%2Fwp%2Fv2%2Fcomments&post=11447"}],"version-history":[{"count":0,"href":"http:\/\/www.korhanyilmaz.com\/index.php?rest_route=\/wp\/v2\/posts\/11447\/revisions"}],"wp:attachment":[{"href":"http:\/\/www.korhanyilmaz.com\/index.php?rest_route=%2Fwp%2Fv2%2Fmedia&parent=11447"}],"wp:term":[{"taxonomy":"category","embeddable":true,"href":"http:\/\/www.korhanyilmaz.com\/index.php?rest_route=%2Fwp%2Fv2%2Fcategories&post=11447"},{"taxonomy":"post_tag","embeddable":true,"href":"http:\/\/www.korhanyilmaz.com\/index.php?rest_route=%2Fwp%2Fv2%2Ftags&post=11447"}],"curies":[{"name":"wp","href":"https:\/\/api.w.org\/{rel}","templated":true}]}}