{"id":11439,"date":"2009-07-15T15:41:46","date_gmt":"2009-07-15T12:41:46","guid":{"rendered":"http:\/\/www.korhanyilmaz.com\/?p=11439"},"modified":"2009-07-15T15:41:46","modified_gmt":"2009-07-15T12:41:46","slug":"chpden-deniz-fenerine-suc-duyurusu","status":"publish","type":"post","link":"http:\/\/www.korhanyilmaz.com\/?p=11439","title":{"rendered":"CHP&#039;den Deniz Feneri&#039;ne su\u00e7 duyurusu"},"content":{"rendered":"<p><img loading=\"lazy\" decoding=\"async\" class=\"aligncenter size-full wp-image-11440\" src=\"http:\/\/www.korhanyilmaz.com\/wp-content\/uploads\/2009\/07\/CHPlerb.jpg\" alt=\"\" width=\"275\" height=\"175\" \/><\/p>\n<p style=\"text-align: justify;\">Deniz Feneri Derne\u011fi&#8217;nin, &#8216;t\u00fczel ki\u015filiklerine sald\u0131r\u0131da bulunduklar\u0131&#8217; iddias\u0131yla 1 milyon TL manevi tazminat davas\u0131 a\u00e7t\u0131\u011f\u0131 CHP ile Genel Ba\u015fkan\u0131 Deniz Baykal, &#8216;dava i\u00e7in 14 bin TL har\u00e7 \u00f6deyerek derne\u011fi zarara u\u011fratt\u0131klar\u0131&#8217; iddias\u0131yla dernek y\u00f6neticileri hakk\u0131nda su\u00e7 duyurusunda bulundu.<\/p>\n<p style=\"text-align: justify;\">CHP ve Parti lideri Deniz Baykal, Deniz Feneri Yard\u0131mla\u015fma ve Dayan\u0131\u015fma Derne\u011fi hakk\u0131nda su\u00e7 duyurusunda bulundu. Baykal&#8217;\u0131n avukat\u0131 Mutluhan Karag\u00f6zo\u011flu, su\u00e7 duyurusu dilek\u00e7esini ge\u00e7en g\u00fcnlerde Ankara Cumhuriyet Ba\u015fsavc\u0131l\u0131\u011f\u0131&#8217;na verdi.<\/p>\n<p style=\"text-align: justify;\">Su\u00e7 duyurusu dilek\u00e7esinde, derne\u011fin, Bakanlar Kurulu karar\u0131yla kamu yarar\u0131na \u00e7al\u0131\u015fan dernek stat\u00fcs\u00fcnde oldu\u011fu belirtildi.<\/p>\n<p style=\"text-align: justify;\">Dernek taraf\u0131ndan, &#8221;Almanya&#8217;daki Deniz Feneri e.V. Derne\u011fi ile ilgili iddialar\u0131 kullanarak, t\u00fczel ki\u015filiklerine sald\u0131r\u0131da bulunduklar\u0131&#8221; iddias\u0131yla CHP ile Baykal aleyhine 1 milyon TL talepli manevi tazminat davas\u0131 a\u00e7\u0131ld\u0131\u011f\u0131 belirtilen dilek\u00e7ede, davan\u0131n a\u00e7\u0131labilmesi i\u00e7in dernek t\u00fczel ki\u015fili\u011fi ad\u0131na 14 bin TL har\u00e7 bedelinin nakden Maliye Veznesine \u00f6dendi\u011fi ifade edildi. <!--more--><\/p>\n<p style=\"text-align: justify;\">Dernekler Kanunu ile dernek t\u00fcz\u00fc\u011f\u00fcne g\u00f6re, derne\u011fin mal varl\u0131\u011f\u0131 ve paras\u0131n\u0131n, derne\u011fin ama\u00e7lar\u0131 do\u011frultusunda kullan\u0131lmas\u0131 gerekti\u011fi kaydedilen dilek\u00e7ede, &#8221;derne\u011fin genel merkez y\u00f6neticilerinin, siyasi tercihlerini \u00f6n planda tutarak, kamu yarar\u0131na faaliyette bulunmas\u0131 zorunlulu\u011fu bulunan bir derne\u011fin 14 bin TL&#8217;sini harcamaktan geri durmad\u0131klar\u0131&#8221; savunuldu.<\/p>\n<p style=\"text-align: justify;\">Derne\u011fin, manevi tazminat davas\u0131 a\u00e7ma hakk\u0131 bulundu\u011funun tart\u0131\u015fmas\u0131z oldu\u011funa yer verilen dilek\u00e7ede, &#8221;Dernek y\u00f6neticilerinin amac\u0131n\u0131n, derne\u011fin \u00e7\u0131karlar\u0131n\u0131 g\u00f6zeterek, u\u011fran\u0131ld\u0131\u011f\u0131 iddia edilen manevi zarar\u0131n giderilmesi de\u011fil, kendi siyasi \u00e7\u0131kar ve beklentilerini temin ile kamuoyunda sansasyon yaratmak oldu\u011funun en a\u00e7\u0131k g\u00f6stergesi, talep edilen 1 milyon TL manevi tazminat miktar\u0131ndan anla\u015f\u0131lmaktad\u0131r&#8221; denildi.<\/p>\n<p style=\"text-align: justify;\">Dilek\u00e7ede, &#8221;dava ile CHP ve Baykal&#8217;\u0131n a\u00e7\u0131klamalar\u0131yla u\u011fran\u0131lan itibar kayb\u0131n\u0131n giderilmesinin ama\u00e7lanmas\u0131 durumunda, mahkemenin, haks\u0131z sald\u0131r\u0131n\u0131n varl\u0131\u011f\u0131n\u0131n tespitini do\u011furacak herhangi bir miktardaki manevi tazminat\u0131 tayin etmesiyle bu amaca eri\u015filece\u011fi&#8221; ifade edildi.<\/p>\n<p style=\"text-align: justify;\">Dilek\u00e7ede, Deniz Feneri Yard\u0131mla\u015fma ve Dayan\u0131\u015fma Derne\u011fi Genel Ba\u015fkan\u0131 Engin Y\u0131lmaz, Genel Ba\u015fkan Yard\u0131mc\u0131s\u0131 \u0130brahim Altan, Genel Muhasibi Mehmet Cengiz, Genel Sekreteri Recep Ko\u00e7ak ve Y\u00f6netim Kurulu \u00dcyesi Nurullah Bayhan&#8217;\u0131n, &#8221;kamu yarar\u0131na \u00e7al\u0131\u015fan dernek stat\u00fcs\u00fcndeki derne\u011fe ait paralar\u0131, dernek ama\u00e7lar\u0131 d\u0131\u015f\u0131nda ve ki\u015fisel \u00e7\u0131karlar i\u00e7in gereksiz yere harcayarak, derne\u011fin mal varl\u0131\u011f\u0131nda eksilmeye neden olduklar\u0131 ve haks\u0131z yere ve ola\u011fan\u0131n d\u0131\u015f\u0131nda fahi\u015f harcamayla derne\u011fi zarara u\u011fratt\u0131klar\u0131&#8221; iddia edildi.<\/p>\n<p style=\"text-align: justify;\"><span style=\"color: #888888;\">SKY TURK<\/span><\/p>\n","protected":false},"excerpt":{"rendered":"<\/p>\n<p style=\"text-align: justify;\">Deniz Feneri Derne\u011fi&#8217;nin, &#8216;t\u00fczel ki\u015filiklerine sald\u0131r\u0131da bulunduklar\u0131&#8217; iddias\u0131yla 1 milyon TL manevi tazminat davas\u0131 a\u00e7t\u0131\u011f\u0131 CHP ile Genel Ba\u015fkan\u0131 Deniz Baykal, &#8216;dava i\u00e7in 14 bin TL har\u00e7 \u00f6deyerek derne\u011fi zarara u\u011fratt\u0131klar\u0131&#8217; iddias\u0131yla dernek y\u00f6neticileri hakk\u0131nda su\u00e7 duyurusunda bulundu.<\/p>\n<p style=\"text-align: justify;\">CHP ve Parti lideri Deniz Baykal, Deniz Feneri Yard\u0131mla\u015fma ve Dayan\u0131\u015fma Derne\u011fi <\/p>\n","protected":false},"author":1,"featured_media":0,"comment_status":"open","ping_status":"closed","sticky":false,"template":"","format":"standard","meta":{"footnotes":""},"categories":[105],"tags":[],"class_list":["post-11439","post","type-post","status-publish","format-standard","hentry","category-gundem","odd"],"_links":{"self":[{"href":"http:\/\/www.korhanyilmaz.com\/index.php?rest_route=\/wp\/v2\/posts\/11439","targetHints":{"allow":["GET"]}}],"collection":[{"href":"http:\/\/www.korhanyilmaz.com\/index.php?rest_route=\/wp\/v2\/posts"}],"about":[{"href":"http:\/\/www.korhanyilmaz.com\/index.php?rest_route=\/wp\/v2\/types\/post"}],"author":[{"embeddable":true,"href":"http:\/\/www.korhanyilmaz.com\/index.php?rest_route=\/wp\/v2\/users\/1"}],"replies":[{"embeddable":true,"href":"http:\/\/www.korhanyilmaz.com\/index.php?rest_route=%2Fwp%2Fv2%2Fcomments&post=11439"}],"version-history":[{"count":0,"href":"http:\/\/www.korhanyilmaz.com\/index.php?rest_route=\/wp\/v2\/posts\/11439\/revisions"}],"wp:attachment":[{"href":"http:\/\/www.korhanyilmaz.com\/index.php?rest_route=%2Fwp%2Fv2%2Fmedia&parent=11439"}],"wp:term":[{"taxonomy":"category","embeddable":true,"href":"http:\/\/www.korhanyilmaz.com\/index.php?rest_route=%2Fwp%2Fv2%2Fcategories&post=11439"},{"taxonomy":"post_tag","embeddable":true,"href":"http:\/\/www.korhanyilmaz.com\/index.php?rest_route=%2Fwp%2Fv2%2Ftags&post=11439"}],"curies":[{"name":"wp","href":"https:\/\/api.w.org\/{rel}","templated":true}]}}