{"id":11427,"date":"2009-07-15T17:24:22","date_gmt":"2009-07-15T14:24:22","guid":{"rendered":"http:\/\/www.korhanyilmaz.com\/?p=11427"},"modified":"2009-07-15T17:24:22","modified_gmt":"2009-07-15T14:24:22","slug":"basbakanlikta-yargi-zirvesi","status":"publish","type":"post","link":"http:\/\/www.korhanyilmaz.com\/?p=11427","title":{"rendered":"Ba\u015fbakanl\u0131k&#039;ta yarg\u0131 zirvesi!"},"content":{"rendered":"<p><img loading=\"lazy\" decoding=\"async\" class=\"aligncenter size-full wp-image-11428\" src=\"http:\/\/www.korhanyilmaz.com\/wp-content\/uploads\/2009\/07\/zirveaks_439.jpg\" alt=\"\" width=\"312\" height=\"181\" \/><\/p>\n<p style=\"text-align: justify;\">Ba\u015fbakanl\u0131k&#8217;taki s\u00fcrpriz zirvede Ba\u015fbakan Erdo\u011fan 6 bakan ile bir araya geldi. Zirveye, Meclis Anayasa Komisyonu Ba\u015fkan\u0131 Burhan Kuzu da \u00e7a\u011fr\u0131ld\u0131. B\u00fclent Ar\u0131n\u00e7 hasta oldu\u011fu, Savunma Bakan\u0131 da \u0130stanbul&#8217;da oldu\u011fu i\u00e7in toplant\u0131ya kat\u0131lamad\u0131. Zirve sonras\u0131 bir a\u00e7\u0131kalama yapan Cemil \u00c7i\u00e7ek, bu toplant\u0131lara haz\u0131rl\u0131kl\u0131 olun mesaj\u0131 verdi. \u00c7i\u00e7ek, Yarg\u0131tay Ba\u015fkan\u0131 Hasan Ger\u00e7eker&#8217;e sert \u00e7\u0131kt\u0131&#8230;<\/p>\n<p style=\"text-align: justify;\">ANKARA &#8211; Ergenekon savc\u0131s\u0131 Zekeriya \u00d6z&#8217;\u00fcn g\u00f6rev yerinin de\u011fi\u015ftirilece\u011fi y\u00f6n\u00fcnde spek\u00fclasyonu yap\u0131lan  Hakimler ve Savc\u0131lar Y\u00fcksek Kurulu (HSYK) kararnamesinde ya\u015fanan krizde yeni geli\u015fme. Ba\u015fbakan Erdo\u011fan 6 bakan ile Ba\u015fbakanl\u0131k&#8217;ta bir araya geldi. Toplant\u0131ya, Anayasa Komisyonu Ba\u015fkan\u0131 Burhan Kuzu da sonradan kat\u0131ld\u0131. <!--more--><\/p>\n<p style=\"text-align: justify;\"><strong>&#8220;KONU G\u00dcVENL\u0130K VE TER\u00d6RLE M\u00dcCADELE&#8221;<\/strong><\/p>\n<p style=\"text-align: justify;\">3 saat s\u00fcren zirve az \u00f6nce sona erdi. Zirve sonras\u0131 bas\u0131na a\u00e7\u0131klama, Ba\u015fbakan Yard\u0131mc\u0131s\u0131 ve H\u00fck\u00fcmet S\u00f6zc\u00fcs\u00fc Cemil \u00c7i\u00e7ek&#8217;ten geldi. \u00c7i\u00e7ek, kamuoyunu yanl\u0131\u015f bilgilendimelerin yap\u0131ld\u0131\u011f\u0131n\u0131 g\u00f6rd\u00fckleri i\u00e7in bir a\u00e7\u0131klama yapma gere\u011fi duyduklar\u0131n\u0131 s\u00f6ylerken, toplant\u0131 konusunun &#8220;g\u00fcvenlik ve ter\u00f6rle m\u00fccadele&#8221; oldu\u011funu s\u00f6yledi.<\/p>\n<p style=\"text-align: justify;\">\u00c7i\u00e7ek, Yarg\u0131tay Ba\u015fkan\u0131 hasan Ger\u00e7eker&#8217;in askere sivil yarg\u0131 yolunu a\u00e7an d\u00fczenlemeye y\u00f6nelik s\u00f6zleri i\u00e7in de sert konu\u015ftu: &#8220;Hem yarg\u0131ya m\u00fcdahale etmeyin diyorlar hem de \u015fu an Anayasa Mahkemesi&#8217;nde olan bir yasal d\u00fczenleme hakk\u0131nda yorum yaparak kendileri yarg\u0131ya m\u00fcdahale ediyorlar.&#8221;<\/p>\n<p style=\"text-align: justify;\"><strong>6 BAKAN VE BURHAN KUZU \u0130LE M\u0130N\u0130 Z\u0130RVE <\/strong><\/p>\n<p style=\"text-align: justify;\">Erdo\u011fan, Ba\u015fbakanl\u0131k Resmi Konutu&#8217;nda Devlet Bakan\u0131 ve Ba\u015fbakan Yard\u0131mc\u0131lar\u0131 Cemil \u00c7i\u00e7ek ile Ali Babacan, D\u0131\u015fi\u015fleri Bakan\u0131 Ahmet Davuto\u011flu, Adalet Bakan\u0131 Sadullah Ergin, Milli Savunma Bakan\u0131 Vecdi G\u00f6n\u00fcl ve \u0130\u00e7i\u015fleri Bakan\u0131 Be\u015fir Atalay ile bir araya geldi.<\/p>\n<p style=\"text-align: justify;\">Toplant\u0131da i\u00e7 ve d\u0131\u015f geli\u015fmelerin de\u011ferlendirildi\u011fi bilgisi verildi.<\/p>\n<p style=\"text-align: justify;\"><strong>ADALET BAKANI SON ANDA \u0130SVE\u00c7 GEZ\u0130S\u0130N\u0130 ERTELED\u0130<\/strong><\/p>\n<p style=\"text-align: justify;\">Adalet Bakan\u0131 Sadullah Ergin, HSYK kararnamaesindeki atama b\u00f6l\u00fcm\u00fcnde Ergenekon savc\u0131lar\u0131yla ilgili yer de\u011fi\u015ftirme talebi iddialar\u0131 nedeniyle bug\u00fcnk\u00fc \u0130sve\u00e7 gezisini ertelemi\u015f, Ba\u015fbakan ile g\u00f6r\u00fc\u015fmeye gitmi\u015fti. Ergin&#8217;in HSYK toplant\u0131s\u0131na da kat\u0131lmas\u0131 beklenirken, Ba\u015fbakanl\u0131k&#8217;taki mini zirvede askere sivil yarg\u0131 yolunu a\u00e7an yasa d\u00fczenlemesinin de g\u00f6r\u00fc\u015f\u00fcld\u00fc\u011f\u00fc \u00f6\u011frenildi.<\/p>\n<p style=\"text-align: justify;\"><strong>\u00c7\u0130\u00c7EK&#8217;TEN GER\u00c7EKER&#8217;E SERT MESAJ <\/strong><\/p>\n<p style=\"text-align: justify;\">Devlet Bakan\u0131 ve Ba\u015fbakan Yard\u0131mc\u0131s\u0131, H\u00fck\u00fcmet S\u00f6zc\u00fcs\u00fc Cemil \u00c7i\u00e7ek, Yarg\u0131tay Ba\u015fkan\u0131 Hasan Ger\u00e7eker&#8217;in, CHP taraf\u0131ndan iptal istemiyle Anayasa Mahkemesi&#8217;ne g\u00f6t\u00fcr\u00fclen, &#8221;Askerlerin sivil mahkemelerde yarg\u0131lanmas\u0131n\u0131n \u00f6n\u00fcn\u00fc a\u00e7an&#8221; yasaya ili\u015fkin de\u011ferlendirmeleri hakk\u0131nda, &#8221;Bir yasan\u0131n Anayasa&#8217;ya ayk\u0131r\u0131l\u0131\u011f\u0131n\u0131n tespit edilece\u011fi yer Yarg\u0131tay de\u011fil ki. Bir yasa, Anayasa&#8217;ya ayk\u0131r\u0131ysa bunu belirleyecek olan Anayasa Mahkemesi&#8217;dir ve dava da Anayasa Mahkemesi&#8217;nin \u00f6n\u00fcndedir&#8221; dedi.<\/p>\n<p style=\"text-align: justify;\">\u00c7i\u00e7ek, Ba\u015fbakan Recep Tayyip Erdo\u011fan ve Milli G\u00fcvenlik Kurulu (MGK) \u00fcyesi bakanlar\u0131n kat\u0131l\u0131m\u0131yla Ba\u015fbakanl\u0131k Resmi Bina&#8217;da ger\u00e7ekle\u015ftirilen toplant\u0131n\u0131n ard\u0131ndan, a\u00e7\u0131klamalarda bulundu.<\/p>\n<p style=\"text-align: justify;\">A\u00e7\u0131klama yapmak \u00fczere toplant\u0131ya gelmedi\u011fini, ancak yap\u0131lan yay\u0131nlarda toplant\u0131ya ili\u015fkin farkl\u0131 \u015feylerin konu\u015fuldu\u011funu, kamuoyunu do\u011fru bilgilendirmek ad\u0131na toplant\u0131n\u0131n nedenini a\u00e7\u0131klad\u0131\u011f\u0131n\u0131 anlatan Cemil \u00c7i\u00e7ek, \u015funlar\u0131 s\u00f6yledi:<\/p>\n<p style=\"text-align: justify;\">&#8221;Dikkat ederseniz, toplant\u0131ya kat\u0131lan arkada\u015flar\u0131m\u0131z, MGK toplant\u0131s\u0131na kat\u0131lan say\u0131n bakanlar. Say\u0131n Ba\u015fbakan\u0131m\u0131z, bug\u00fcn o konularla ilgili bir toplant\u0131 tertiplemi\u015ftir. Milli Savunma Bakan\u0131m\u0131z, \u0130stanbul&#8217;da. Say\u0131n Ba\u015fbakan Yard\u0131mc\u0131m\u0131z Ar\u0131n\u00e7 da rahats\u0131zl\u0131k nedeniyle kat\u0131lamad\u0131. Dolay\u0131s\u0131yla, toplant\u0131n\u0131n g\u00fcndemi t\u00fcm\u00fcyle g\u00fcvenlik ve \u00f6zellikle de ter\u00f6r konusudur. Her ne kadar T\u00fcrkiye ba\u015fka konular\u0131 tart\u0131\u015f\u0131yor, m\u00fcnaka\u015fa ediyor olsa bile g\u00fcvenlik ve ter\u00f6r konusu h\u00fck\u00fcmetimizin her zaman \u00f6nem verdi\u011fi, \u00f6ncelik verdi\u011fi konular\u0131n ba\u015f\u0131nda gelmektedir. Bug\u00fcn yap\u0131lan toplant\u0131da, son MGK Toplant\u0131s\u0131&#8217;nda yap\u0131lan de\u011ferlendirmelerin \u0131\u015f\u0131\u011f\u0131nda bug\u00fcn bir de\u011ferlendirme toplant\u0131s\u0131n\u0131 yapt\u0131k. Bu toplant\u0131lar zaman zaman devam edecek. Burada veya ba\u015fka bir yerde ve bu kompozisyonda bir toplant\u0131 olursa bilesiniz ki g\u00fcndemi g\u00fcvenlik konular\u0131d\u0131r ve ter\u00f6rle m\u00fccadelede gelinen nokta, al\u0131nan ve al\u0131nmas\u0131 gereken tedbirlerin bir defa daha de\u011ferlendirilmesiyle ilgilidir. Bug\u00fcnk\u00fc toplant\u0131n\u0131n \u00f6z\u00fc budur. Bunu a\u00e7\u0131klama l\u00fczumu duydum. \u00c7\u00fcnk\u00fc, \u00e7ok farkl\u0131 \u015feylerin konu\u015fuldu\u011fu gibi yay\u0131nlar yap\u0131l\u0131yor. Bu da do\u011fru de\u011fil.&#8221;<\/p>\n<p style=\"text-align: justify;\">Bir gazetecinin, &#8221;Yeni baz\u0131 kararlar m\u0131 bekleyelim ter\u00f6rle m\u00fccadele konusunda&#8221; sorusu \u00fczerine \u00c7i\u00e7ek, ter\u00f6rle m\u00fccadelenin ve g\u00fcvenlik konular\u0131n\u0131n zaten dinamik konular oldu\u011funu ifade ederek, her g\u00fcn, her zaman, her vesileyle al\u0131nan kararlar\u0131n yeniden g\u00f6zden ge\u00e7irilmesi, de\u011ferlendirilmesi, ilave tedbirler gerekiyorsa bunlar\u0131n da al\u0131nmas\u0131 gerekti\u011fini bildirdi.<\/p>\n<p style=\"text-align: justify;\">&#8221;MGK&#8217;n\u0131n h\u00fck\u00fcmete baz\u0131 tavsiye kararlar\u0131 olup olmad\u0131\u011f\u0131na&#8221; ili\u015fkin soruya ise Devlet Bakan\u0131 ve Ba\u015fbakan Yard\u0131mc\u0131s\u0131, H\u00fck\u00fcmet S\u00f6zc\u00fcs\u00fc \u00c7i\u00e7ek, &#8221;\u00c7ok fazla ayr\u0131nt\u0131 veremem ama MGK&#8217;n\u0131n zaten her defas\u0131nda birinci g\u00fcndem maddesi g\u00fcvenlik konular\u0131d\u0131r. G\u00fcvenlik konular\u0131 i\u00e7erisinde de her t\u00fcrl\u00fc ter\u00f6r faaliyetleridir. Biz zaten bu toplant\u0131lar\u0131 yap\u0131yorduk&#8221; cevab\u0131n\u0131 verdi.<\/p>\n<p style=\"text-align: justify;\"><strong>YARGITAY BA\u015eKANI GER\u00c7EKER&#8217;\u0130N S\u00d6ZLER\u0130<\/strong><\/p>\n<p style=\"text-align: justify;\">&#8221;Yarg\u0131tay Ba\u015fkan\u0131 Ger\u00e7eker&#8217;in, askerlerin sivil yarg\u0131da yarg\u0131lanmas\u0131na ili\u015fkin d\u00fczenleme konusunda a\u00e7\u0131klamalar\u0131n\u0131n oldu\u011funun&#8221; an\u0131msat\u0131lmas\u0131 \u00fczerine Cemil \u00c7i\u00e7ek, \u015funlar\u0131 kaydetti:<\/p>\n<p style=\"text-align: justify;\">&#8221;Do\u011frusunu isterseniz ben bu konulara fazla da girmek istemem. Bu a\u00e7\u0131klamay\u0131 da do\u011fru bulmuyorum. \u00c7\u00fcnk\u00fc, Anayasa Mahkemesi&#8217;nde tart\u0131\u015f\u0131lan konuyla ilgili olarak CHP bir ba\u015fvuruda bulundu, dava a\u00e7t\u0131. \u015eimdi her defas\u0131nda say\u0131n yarg\u0131 mensuplar\u0131, &#8216;yarg\u0131lama s\u00fcrecine m\u00fcdahale ediliyor&#8217; diye a\u00e7\u0131klamalarda bulunuyor. Yarg\u0131lama s\u00fcrecine yarg\u0131n\u0131n kendisinin de m\u00fcdahale etmemesi laz\u0131m. Bir yasan\u0131n Anayasa&#8217;ya ayk\u0131r\u0131l\u0131\u011f\u0131n\u0131n tespit edilece\u011fi yer Yarg\u0131tay de\u011fil ki. Bir yasa, Anayasa&#8217;ya ayk\u0131r\u0131ysa bunu belirleyecek olan Anayasa Mahkemesidir ve dava da Anayasa Mahkemesi&#8217;nin \u00f6n\u00fcndedir. Siz \u015fimdi bir yarg\u0131 mensubu olarak e\u011fer bu konuda sanki Anayasa Mahkemesi \u00fcyesiymi\u015f gibi ba\u015fkan\u0131ym\u0131\u015f gibi&#8230; Kald\u0131 ki b\u00f6yle bir a\u00e7\u0131klama hukuken de do\u011fru de\u011fildir. Anayasa&#8217;n\u0131n 138. maddesine ayk\u0131r\u0131d\u0131r. \u015eimdi g\u00f6r\u00fclmekte olan davalar sebebiyle yarg\u0131 mensuplar\u0131n\u0131n bu tip a\u00e7\u0131klamalarda bulunmu\u015f olmalar\u0131 yarg\u0131y\u0131 tart\u0131\u015fman\u0131n oda\u011f\u0131na getirir, oturtur. Ondan sonra hi\u00e7 kimsenin, &#8216;efendim yarg\u0131 y\u0131prat\u0131l\u0131yor, yarg\u0131 tart\u0131\u015fma konusu yap\u0131l\u0131yor&#8217; diye \u015fikayet etmeye de haklar\u0131 yoktur ve hele hele bir demokratik \u00fclkede yarg\u0131 ba\u015fkanlar\u0131 \u00f6yle siyaset\u00e7iler gibi her mikrofon uzat\u0131ld\u0131\u011f\u0131nda da konu\u015fma yapmamas\u0131 gerekir. Bu do\u011fru de\u011fildir, hukuk de\u011fildir, hukuki de\u011fildir ve Anayasa&#8217;n\u0131n 138. maddesi a\u00e7\u0131s\u0131nda da bu beyan\u0131 nereye koyaca\u011f\u0131z onu da do\u011frusu ben bilemiyorum.&#8221;<\/p>\n<p style=\"text-align: justify;\">&#8221;Sigara konusunda bir genelge olup olmad\u0131\u011f\u0131&#8221; \u015feklindeki soruya ise \u00c7i\u00e7ek, &#8221;Biz onlar\u0131 konu\u015fmad\u0131k. Onlar\u0131 bana de\u011fil. Sa\u011fl\u0131k Bakan\u0131&#8217;na sorun&#8221; kar\u015f\u0131l\u0131\u011f\u0131n\u0131 verdi.<\/p>\n<p style=\"text-align: justify;\">Bu arada, Devlet Bakan\u0131 ve Ba\u015fbakan Yard\u0131mc\u0131s\u0131 B\u00fclent Ar\u0131n\u00e7&#8217;\u0131n, \u00fcst solunum yolu enfeksiyonu nedeniyle d\u00fcn yap\u0131lan Bakanlar Kurulu Toplant\u0131s\u0131&#8217;na da kat\u0131lamad\u0131\u011f\u0131 ve bug\u00fcn evinde istirahat etti\u011fi bildirildi.<\/p>\n<p style=\"text-align: justify;\"><span style=\"color: #888888;\">Kaynak : Ak\u015fam <\/span><\/p>\n","protected":false},"excerpt":{"rendered":"<\/p>\n<p style=\"text-align: justify;\">Ba\u015fbakanl\u0131k&#8217;taki s\u00fcrpriz zirvede Ba\u015fbakan Erdo\u011fan 6 bakan ile bir araya geldi. Zirveye, Meclis Anayasa Komisyonu Ba\u015fkan\u0131 Burhan Kuzu da \u00e7a\u011fr\u0131ld\u0131. B\u00fclent Ar\u0131n\u00e7 hasta oldu\u011fu, Savunma Bakan\u0131 da \u0130stanbul&#8217;da oldu\u011fu i\u00e7in toplant\u0131ya kat\u0131lamad\u0131. Zirve sonras\u0131 bir a\u00e7\u0131kalama yapan Cemil \u00c7i\u00e7ek, bu toplant\u0131lara haz\u0131rl\u0131kl\u0131 olun mesaj\u0131 verdi. \u00c7i\u00e7ek, Yarg\u0131tay Ba\u015fkan\u0131 Hasan Ger\u00e7eker&#8217;e sert \u00e7\u0131kt\u0131&#8230;<\/p>\n","protected":false},"author":1,"featured_media":0,"comment_status":"open","ping_status":"closed","sticky":false,"template":"","format":"standard","meta":{"footnotes":""},"categories":[105],"tags":[],"class_list":["post-11427","post","type-post","status-publish","format-standard","hentry","category-gundem","odd"],"_links":{"self":[{"href":"http:\/\/www.korhanyilmaz.com\/index.php?rest_route=\/wp\/v2\/posts\/11427","targetHints":{"allow":["GET"]}}],"collection":[{"href":"http:\/\/www.korhanyilmaz.com\/index.php?rest_route=\/wp\/v2\/posts"}],"about":[{"href":"http:\/\/www.korhanyilmaz.com\/index.php?rest_route=\/wp\/v2\/types\/post"}],"author":[{"embeddable":true,"href":"http:\/\/www.korhanyilmaz.com\/index.php?rest_route=\/wp\/v2\/users\/1"}],"replies":[{"embeddable":true,"href":"http:\/\/www.korhanyilmaz.com\/index.php?rest_route=%2Fwp%2Fv2%2Fcomments&post=11427"}],"version-history":[{"count":0,"href":"http:\/\/www.korhanyilmaz.com\/index.php?rest_route=\/wp\/v2\/posts\/11427\/revisions"}],"wp:attachment":[{"href":"http:\/\/www.korhanyilmaz.com\/index.php?rest_route=%2Fwp%2Fv2%2Fmedia&parent=11427"}],"wp:term":[{"taxonomy":"category","embeddable":true,"href":"http:\/\/www.korhanyilmaz.com\/index.php?rest_route=%2Fwp%2Fv2%2Fcategories&post=11427"},{"taxonomy":"post_tag","embeddable":true,"href":"http:\/\/www.korhanyilmaz.com\/index.php?rest_route=%2Fwp%2Fv2%2Ftags&post=11427"}],"curies":[{"name":"wp","href":"https:\/\/api.w.org\/{rel}","templated":true}]}}