{"id":11400,"date":"2009-07-15T16:27:03","date_gmt":"2009-07-15T14:27:03","guid":{"rendered":"http:\/\/www.korhanyilmaz.com\/?p=11400"},"modified":"2009-07-15T16:27:03","modified_gmt":"2009-07-15T14:27:03","slug":"gokceke-kavsak-mesaji","status":"publish","type":"post","link":"http:\/\/www.korhanyilmaz.com\/?p=11400","title":{"rendered":"G\u00f6k\u00e7ek&#039;e &#039;kav\u015fak&#039; mesaj\u0131"},"content":{"rendered":"<p style=\"text-align: center;\"><img loading=\"lazy\" decoding=\"async\" class=\"aligncenter size-full wp-image-11401\" src=\"http:\/\/www.korhanyilmaz.com\/wp-content\/uploads\/2009\/07\/150720091721408032865.jpg\" alt=\"\" width=\"329\" height=\"210\" \/><\/p>\n<p style=\"text-align: justify;\">\u00c7ankaya&#8217;n\u0131n CHP&#8217;li belediye ba\u015fkan\u0131 B\u00fclent Tan\u0131k, &#8216;kav\u015fak krizi&#8217; i\u00e7in Melih G\u00f6k\u00e7ek&#8217;e mesaj g\u00f6nderdi.<\/p>\n<p style=\"text-align: justify;\">\u00c7ankaya Belediye Ba\u015fkan\u0131 B\u00fclent Tan\u0131k, Ankara B\u00fcy\u00fck\u015fehir Belediyesi aleyhine, \u00c7ankaya s\u0131n\u0131rlar\u0131 i\u00e7inde yapt\u0131r\u0131lan 40 kav\u015faktan 10&#8217;u ile ilgili a\u00e7t\u0131klar\u0131 davalardan 8&#8217;ini kazand\u0131klar\u0131n\u0131, 2 davan\u0131n da s\u00fcrd\u00fc\u011f\u00fcn\u00fc belirtti.<\/p>\n<p style=\"text-align: justify;\">Tan\u0131k, &#8220;Say\u0131n Ba\u015fkan\u0131n 8 davan\u0131n kayb\u0131ndan \u00f6t\u00fcr\u00fc oturup d\u00fc\u015f\u00fcnmesi, bizimle g\u00f6r\u00fc\u015fmesi, bizim de r\u0131zam\u0131z olan d\u00fczenlemeler y\u00f6n\u00fcnde bir e\u011filim ve y\u00f6ntem benimsemesi, uzla\u015fmac\u0131 ad\u0131mlar\u0131n ana hatlar\u0131ndan biri olacakt\u0131r&#8221; dedi.<\/p>\n<p style=\"text-align: justify;\">M\u00fclkiyeliler Birli\u011fi Lokali&#8217;nde d\u00fczenlenen bas\u0131n toplant\u0131s\u0131nda konu\u015fan Tan\u0131k, Konur, Karanfil ve Y\u00fcksel caddelerinin &#8220;\u00e7\u00f6k\u00fcnt\u00fc alan&#8221; g\u00f6r\u00fcn\u00fcm\u00fcnden uzakla\u015ft\u0131r\u0131lmas\u0131 i\u00e7in yapacaklar\u0131 d\u00fczenlemelere ili\u015fkin bilgiler verdi. <!--more--><\/p>\n<p style=\"text-align: justify;\"><strong>\u0130\u015fportac\u0131lara i\u015f<\/strong><\/p>\n<p style=\"text-align: justify;\">Tan\u0131k, K\u0131z\u0131lay b\u00f6lgesinde i\u015fportayla m\u00fccadeleye b\u00fcy\u00fck \u00f6nem verdiklerini, b\u00f6lgenin huzura kavu\u015fmas\u0131 ve yerle\u015fik esnaf\u0131n sorunlar\u0131n\u0131n \u00e7\u00f6z\u00fcm\u00fc i\u00e7in i\u015fportac\u0131l\u0131\u011f\u0131n &#8220;mutlaka&#8221; \u00f6n\u00fcne ge\u00e7eceklerini s\u00f6yledi.<\/p>\n<p style=\"text-align: justify;\">Bu konuda bask\u0131 ve g\u00fc\u00e7 uygulamaktan \u00f6te, uzla\u015fmac\u0131 tavr\u0131 \u00f6ne \u00e7\u0131karacaklar\u0131n\u0131 anlatan Tan\u0131k, &#8220;i\u015fportac\u0131lardan i\u015fsizlik nedeniyle seyyar sat\u0131c\u0131l\u0131k yapanlara, tezgahlar\u0131yla birlikte gelmeleri halinde, belediye \u015firketlerinde sigortal\u0131 i\u015f verilece\u011fini&#8221; bildirdi.<\/p>\n<p style=\"text-align: justify;\">Bu caddeler i\u00e7in fiziki ve altyap\u0131 d\u00fczenlemeleri yap\u0131laca\u011f\u0131n\u0131, i\u015f yerlerinin caddelere ta\u015fan i\u015fgallerine ve \u00e7irkin g\u00f6r\u00fcnt\u00fclerine son verilece\u011fini belirten Tan\u0131k, ayd\u0131nlatma, temizlik ve g\u00fcvenlik konular\u0131nda da baz\u0131 \u00f6nlemler al\u0131naca\u011f\u0131n\u0131 anlatt\u0131.<\/p>\n<p style=\"text-align: justify;\">Konur, Karanfil ve Y\u00fcksel caddelerindeki iyile\u015ftirmelerin k\u0131sa s\u00fcrede hissedilece\u011fine i\u015faret eden Tan\u0131k, K\u0131z\u0131lay&#8217;\u0131n yak\u0131n zamanda yeniden cazibe merkezi haline gelece\u011fini, bu nedenle buradaki m\u00fclk sahiplerinin m\u00fclklerini ellerinden \u00e7\u0131karmamalar\u0131 gerekti\u011fini kaydetti.<\/p>\n<p style=\"text-align: justify;\"><strong>&#8220;Akay Kav\u015fa\u011f\u0131 kapat\u0131lacak m\u0131?&#8221; <\/strong><\/p>\n<p style=\"text-align: justify;\">Konu\u015fmas\u0131n\u0131n ard\u0131ndan Akay Kav\u015fa\u011f\u0131 ile ilgili sorular\u0131 yan\u0131tlayan Tan\u0131k, bir gazetecinin &#8220;Akay Kav\u015fa\u011f\u0131&#8217;n\u0131n kapat\u0131laca\u011f\u0131na inan\u0131yor musunuz?&#8221;\u015feklindeki sorusuna, bunu kestirmenin g\u00fc\u00e7 oldu\u011funu, Ankara B\u00fcy\u00fck\u015fehir Belediye Ba\u015fkan\u0131 Melih G\u00f6k\u00e7ek&#8217;in bu konuda kararl\u0131 a\u00e7\u0131klamalarda bulundu\u011funu ifade etti.<\/p>\n<p style=\"text-align: justify;\">Bir ba\u015fka soru \u00fczerine Tan\u0131k, kav\u015fa\u011f\u0131n ne zaman ve ne \u015fekilde kapat\u0131laca\u011f\u0131na dair fikirlerinin olmad\u0131\u011f\u0131n\u0131 vurgulayarak, &#8220;Bu b\u00f6lgenin, ailenin babas\u0131 de\u011filsek bile delikanl\u0131s\u0131y\u0131z. B\u00f6lgenin delikanl\u0131s\u0131 olan sorumluya da &#8216;Karde\u015fim burada \u015f\u00f6yle bir d\u00fczenleme yapaca\u011f\u0131m, senin de g\u00f6r\u00fc\u015f\u00fcn nedir, gel beraber bunu \u00e7\u00f6zmeye \u00e7al\u0131\u015fal\u0131m evlad\u0131m&#8217; diyebilir. Baba da olsan\u0131z ailede herkesin s\u00f6z\u00fcne kulak vermeniz laz\u0131m. \u00c7ankayal\u0131lar\u0131n temsilcisiyiz biz. Belediye hizmetlerinin k\u0131smi sorumlusuyuz. Kimse, &#8216;davay\u0131 kazanan adam buray\u0131 a\u00e7s\u0131n&#8217; deme l\u00fcks\u00fcne sahip de\u011fildir&#8221; dedi.<\/p>\n<p style=\"text-align: justify;\">&#8220;Kav\u015faklarla ilgili, Ankara B\u00fcy\u00fck\u015fehir Belediyesi aleyhine \u00c7ankaya Belediyesi&#8217;nin a\u00e7t\u0131\u011f\u0131 10 dava var. 40 kav\u015fak yap\u0131ld\u0131 \u00c7ankaya s\u0131n\u0131rlar\u0131 i\u00e7inde, 10 tanesinin ula\u015f\u0131ma olumsuz etkileri oldu\u011funu, \u00f6nce s\u00f6z\u00fcm\u00fcz\u00fc dinletemedi\u011fimiz i\u00e7in dava a\u00e7t\u0131k&#8221; diyen Tan\u0131k, &#8220;Bunlardan 8&#8217;ini kazand\u0131k, 2&#8217;si s\u00fcr\u00fcyor. Onlar\u0131 da kazanaca\u011f\u0131m\u0131z\u0131 d\u00fc\u015f\u00fcn\u00fcyoruz. Kazanmasak bile, Say\u0131n Ba\u015fkan\u0131n (Melih G\u00f6k\u00e7ek) 8 davan\u0131n kayb\u0131ndan \u00f6t\u00fcr\u00fc oturup d\u00fc\u015f\u00fcnmesi, bizimle g\u00f6r\u00fc\u015fmesi, bizim de r\u0131zam\u0131z olan d\u00fczenlemeler y\u00f6n\u00fcnde bir e\u011filim ve y\u00f6ntem benimsemesi, uzla\u015fmac\u0131 ad\u0131mlar\u0131n ana hatlar\u0131ndan biri olacakt\u0131r&#8221; diye konu\u015ftu.<\/p>\n<p style=\"text-align: justify;\">B\u00fclent Tan\u0131k, bir ba\u015fka gazetecinin, &#8220;Say\u0131n G\u00f6k\u00e7ek, sizin davadan vazge\u00e7menizi istedi. Bununla ilgili ne d\u00fc\u015f\u00fcn\u00fcyorsunuz?&#8221; sorusuna, &#8220;Davadan vazge\u00e7memin istenmesi anla\u015f\u0131l\u0131r de\u011fil. B\u00fcy\u00fck\u015fehir Belediyesi \u00e7ok say\u0131da dava kaybetmi\u015f durumdad\u0131r. Bitmi\u015f davalarla ilgili yapabilece\u011fim bir \u015fey yoktur&#8221; dedi.<\/p>\n<p style=\"text-align: justify;\">Tan\u0131k, bundan sonra \u00c7ankaya Belediyesi&#8217;ni &#8220;kaale almadan&#8221; d\u00fczenleme yap\u0131l\u0131rsa hukuki yollarla haklar\u0131n\u0131 aramaktan da \u00e7ekinmeyeceklerini s\u00f6zlerine ekledi.<\/p>\n<p style=\"text-align: justify;\"><span style=\"color: #888888;\">ANKA<\/span><\/p>\n","protected":false},"excerpt":{"rendered":"<p style=\"text-align: center;\">\n<p style=\"text-align: justify;\">\u00c7ankaya&#8217;n\u0131n CHP&#8217;li belediye ba\u015fkan\u0131 B\u00fclent Tan\u0131k, &#8216;kav\u015fak krizi&#8217; i\u00e7in Melih G\u00f6k\u00e7ek&#8217;e mesaj g\u00f6nderdi.<\/p>\n<p style=\"text-align: justify;\">\u00c7ankaya Belediye Ba\u015fkan\u0131 B\u00fclent Tan\u0131k, Ankara B\u00fcy\u00fck\u015fehir Belediyesi aleyhine, \u00c7ankaya s\u0131n\u0131rlar\u0131 i\u00e7inde yapt\u0131r\u0131lan 40 kav\u015faktan 10&#8217;u ile ilgili a\u00e7t\u0131klar\u0131 davalardan 8&#8217;ini kazand\u0131klar\u0131n\u0131, 2 davan\u0131n da s\u00fcrd\u00fc\u011f\u00fcn\u00fc belirtti.<\/p>\n<p style=\"text-align: justify;\">Tan\u0131k, &#8220;Say\u0131n Ba\u015fkan\u0131n 8 davan\u0131n kayb\u0131ndan <\/p>\n","protected":false},"author":1,"featured_media":0,"comment_status":"open","ping_status":"closed","sticky":false,"template":"","format":"standard","meta":{"footnotes":""},"categories":[105],"tags":[],"class_list":["post-11400","post","type-post","status-publish","format-standard","hentry","category-gundem","odd"],"_links":{"self":[{"href":"http:\/\/www.korhanyilmaz.com\/index.php?rest_route=\/wp\/v2\/posts\/11400","targetHints":{"allow":["GET"]}}],"collection":[{"href":"http:\/\/www.korhanyilmaz.com\/index.php?rest_route=\/wp\/v2\/posts"}],"about":[{"href":"http:\/\/www.korhanyilmaz.com\/index.php?rest_route=\/wp\/v2\/types\/post"}],"author":[{"embeddable":true,"href":"http:\/\/www.korhanyilmaz.com\/index.php?rest_route=\/wp\/v2\/users\/1"}],"replies":[{"embeddable":true,"href":"http:\/\/www.korhanyilmaz.com\/index.php?rest_route=%2Fwp%2Fv2%2Fcomments&post=11400"}],"version-history":[{"count":0,"href":"http:\/\/www.korhanyilmaz.com\/index.php?rest_route=\/wp\/v2\/posts\/11400\/revisions"}],"wp:attachment":[{"href":"http:\/\/www.korhanyilmaz.com\/index.php?rest_route=%2Fwp%2Fv2%2Fmedia&parent=11400"}],"wp:term":[{"taxonomy":"category","embeddable":true,"href":"http:\/\/www.korhanyilmaz.com\/index.php?rest_route=%2Fwp%2Fv2%2Fcategories&post=11400"},{"taxonomy":"post_tag","embeddable":true,"href":"http:\/\/www.korhanyilmaz.com\/index.php?rest_route=%2Fwp%2Fv2%2Ftags&post=11400"}],"curies":[{"name":"wp","href":"https:\/\/api.w.org\/{rel}","templated":true}]}}