{"id":113078,"date":"2025-05-04T17:45:04","date_gmt":"2025-05-04T14:45:04","guid":{"rendered":"http:\/\/www.korhanyilmaz.com\/?p=113078"},"modified":"2025-05-07T10:14:22","modified_gmt":"2025-05-07T07:14:22","slug":"bilal-erdoganin-tugvasina-jet-karar","status":"publish","type":"post","link":"http:\/\/www.korhanyilmaz.com\/?p=113078","title":{"rendered":"Bilal Erdo\u011fan&#8217;\u0131n T\u00dcGVA&#8217;s\u0131na &#8220;jet&#8221; karar"},"content":{"rendered":"<p><center><iframe loading=\"lazy\" title=\"YouTube video player\" src=\"https:\/\/www.youtube.com\/embed\/o26SX-Vz9QA?si=bPisQKNTWsudRdz-\" width=\"100%\" height=\"399\" frameborder=\"0\" allowfullscreen=\"allowfullscreen\"><\/iframe><\/center><\/p>\n<p style=\"text-align: justify;\">Cumhurba\u015fkan\u0131 Recep Tayyip Erdo\u011fan&#8217;\u0131n o\u011flu Bilal Erdo\u011fan&#8217;\u0131n Y\u00fcksek \u0130sti\u015fare Kurulu \u00fcyesi oldu\u011fu T\u00dcGVA s\u0131k s\u0131k ele\u015ftirilerin hedefinde. Vak\u0131f yeniden g\u00fcndemde. Peki ne oldu?<\/p>\n","protected":false},"excerpt":{"rendered":"<\/p>\n<p style=\"text-align: justify;\">Cumhurba\u015fkan\u0131 Recep Tayyip Erdo\u011fan&#8217;\u0131n o\u011flu Bilal Erdo\u011fan&#8217;\u0131n Y\u00fcksek \u0130sti\u015fare Kurulu \u00fcyesi oldu\u011fu T\u00dcGVA s\u0131k s\u0131k ele\u015ftirilerin hedefinde. Vak\u0131f yeniden g\u00fcndemde. Peki ne oldu?<\/p>\n","protected":false},"author":1,"featured_media":0,"comment_status":"open","ping_status":"closed","sticky":false,"template":"","format":"standard","meta":{"footnotes":""},"categories":[6812,105,6813],"tags":[591,12,5777,3159,7127],"class_list":["post-113078","post","type-post","status-publish","format-standard","hentry","category-dw-turkce","category-gundem","category-youtube","tag-bilal-erdogan","tag-recep-tayyip-erdogan","tag-tugva","tag-turkiye-genclik-vakfi-tugva","tag-vakif","odd"],"_links":{"self":[{"href":"http:\/\/www.korhanyilmaz.com\/index.php?rest_route=\/wp\/v2\/posts\/113078","targetHints":{"allow":["GET"]}}],"collection":[{"href":"http:\/\/www.korhanyilmaz.com\/index.php?rest_route=\/wp\/v2\/posts"}],"about":[{"href":"http:\/\/www.korhanyilmaz.com\/index.php?rest_route=\/wp\/v2\/types\/post"}],"author":[{"embeddable":true,"href":"http:\/\/www.korhanyilmaz.com\/index.php?rest_route=\/wp\/v2\/users\/1"}],"replies":[{"embeddable":true,"href":"http:\/\/www.korhanyilmaz.com\/index.php?rest_route=%2Fwp%2Fv2%2Fcomments&post=113078"}],"version-history":[{"count":0,"href":"http:\/\/www.korhanyilmaz.com\/index.php?rest_route=\/wp\/v2\/posts\/113078\/revisions"}],"wp:attachment":[{"href":"http:\/\/www.korhanyilmaz.com\/index.php?rest_route=%2Fwp%2Fv2%2Fmedia&parent=113078"}],"wp:term":[{"taxonomy":"category","embeddable":true,"href":"http:\/\/www.korhanyilmaz.com\/index.php?rest_route=%2Fwp%2Fv2%2Fcategories&post=113078"},{"taxonomy":"post_tag","embeddable":true,"href":"http:\/\/www.korhanyilmaz.com\/index.php?rest_route=%2Fwp%2Fv2%2Ftags&post=113078"}],"curies":[{"name":"wp","href":"https:\/\/api.w.org\/{rel}","templated":true}]}}