{"id":1111,"date":"2008-09-16T09:48:56","date_gmt":"2008-09-16T06:48:56","guid":{"rendered":"http:\/\/www.korhanyilmaz.com\/?p=1111"},"modified":"2008-09-16T09:48:56","modified_gmt":"2008-09-16T06:48:56","slug":"turkiye-talep-ettikce-destege-devam","status":"publish","type":"post","link":"http:\/\/www.korhanyilmaz.com\/?p=1111","title":{"rendered":"&#8216;T\u00fcrkiye talep ettik\u00e7e deste\u011fe devam&#8217;"},"content":{"rendered":"<p style=\"text-align: center;\"><img loading=\"lazy\" decoding=\"async\" class=\"alignnone size-full wp-image-1112\" title=\"e0f56f4b8adf4840a6e3d43ax\" src=\"http:\/\/www.korhanyilmaz.com\/wp-content\/uploads\/2008\/09\/e0f56f4b8adf4840a6e3d43ax.jpg\" alt=\"\" width=\"475\" height=\"250\" \/><\/p>\n<p style=\"text-align: justify;\">\u00a0<\/p>\n<p style=\"text-align: justify;\">&#8220;Kerk\u00fck i\u00e7in endi\u015feliyim&#8221; diyen ABD Genelkurmay Ba\u015fkan\u0131 Mullen, PKK&#8217;ya kar\u015f\u0131 ABD&#8217;nin deste\u011finin talep edildi\u011fi s\u00fcrece devam edece\u011fini s\u00f6yledi..<\/p>\n<p style=\"text-align: justify;\">Ekimde s\u00fcresi dolacak olan s\u0131n\u0131r \u00f6tesi operasyona ili\u015fkin tezkerenin uzat\u0131lmas\u0131 i\u00e7in h\u00fck\u00fcmet d\u00fc\u011fmeye basarken, ABD Genelkurmay Ba\u015fkan\u0131 Michael Mullen, PKK&#8217;ya kar\u015f\u0131 TSK&#8217;n\u0131n s\u00fcrd\u00fcrd\u00fc\u011f\u00fc operasyonlarda ABD&#8217;nin deste\u011finin &#8220;talep oldu\u011fu m\u00fcddet\u00e7e&#8221; devam edece\u011fini s\u00f6yledi. <!--more-->Mullen, yeni tezkere ile birlikte T\u00fcrkiye&#8217;nin s\u0131n\u0131r \u00f6tesi operasyonlar\u0131na devam etme ihtimali hat\u0131rlat\u0131ld\u0131\u011f\u0131nda, T\u00fcrk h\u00fck\u00fcmetinden yeni bir talep gelmedi\u011fini belirtip, &#8220;Bu T\u00fcrk h\u00fck\u00fcmetinin verece\u011fi karar. ABD&#8217;nin destekledi\u011fi operasyonlar\u0131n faydal\u0131 oldu\u011funu d\u00fc\u015f\u00fcn\u00fcyorum&#8221; kar\u015f\u0131l\u0131\u011f\u0131n\u0131 verdi. Mullen, &#8220;PKK&#8217;ya kar\u015f\u0131 birlikte verilen m\u00fccadele devam edecektir. Bu m\u00fccadeleyi her zaman i\u00e7in s\u00fcrd\u00fcrmemiz gerekiyor. \u0130stihbarat payla\u015f\u0131m\u0131 devam edecek&#8221; dedi.<\/p>\n<p style=\"text-align: justify;\">MONTR\u00d6 GARANT\u0130S\u0130<\/p>\n<p style=\"text-align: justify;\">\n\u00d6nceki g\u00fcn \u0130stanbul&#8217;da Ba\u015fbakan Tayyip Erdo\u011fan ile g\u00f6r\u00fc\u015fen Mullen, d\u00fcn Cumhurba\u015fkan\u0131 Abdullah G\u00fcl ve Genelkurmay Ba\u015fkan\u0131 Org. Ba\u015fbu\u011f ile bir araya geldi. Mullen ele ald\u0131klar\u0131 konulara ili\u015fkin \u015fu bilgileri verdi:\n<\/p>\n<p style=\"text-align: justify;\">* Montr\u00f6&#8217;de bir de\u011fi\u015fiklik planlam\u0131yoruz. Amerikan gemileri bu anla\u015fmaya uydu ve bu \u00e7er\u00e7evede hareket etmeye devam edece\u011fiz.<\/p>\n<p style=\"text-align: justify;\">* G\u00fcrcistan, NATO&#8217;ya \u00fcyelik yolunda ilerliyor. E\u011fer \u00fcye olursa NATO kurallar\u0131 uygulanacak ve kolektif savunma yap\u0131lacakt\u0131r, NATO m\u00fcdahale edecektir.<\/p>\n<p style=\"text-align: justify;\">* Kuzey Irak&#8217;taki duruma da de\u011findik. Kerk\u00fck&#8217;te istikrar ve bar\u0131\u015f \u00f6nemli. Bu konuda biz de T\u00fcrkiye de endi\u015feli. Bu konuyu Irak&#8217;\u0131n b\u00fct\u00fcnl\u00fc\u011f\u00fc ve bar\u0131\u015f\u00e7\u0131l yolla ele almal\u0131y\u0131z.<\/p>\n<p style=\"text-align: justify;\"><span style=\"color: #888888;\">Kaynak : Sabah Gazetesi<\/span><\/p>\n","protected":false},"excerpt":{"rendered":"<p style=\"text-align: center;\">\n<p style=\"text-align: justify;\">\n<p style=\"text-align: justify;\">&#8220;Kerk\u00fck i\u00e7in endi\u015feliyim&#8221; diyen ABD Genelkurmay Ba\u015fkan\u0131 Mullen, PKK&#8217;ya kar\u015f\u0131 ABD&#8217;nin deste\u011finin talep edildi\u011fi s\u00fcrece devam edece\u011fini s\u00f6yledi..<\/p>\n<p style=\"text-align: justify;\">Ekimde s\u00fcresi dolacak olan s\u0131n\u0131r \u00f6tesi operasyona ili\u015fkin tezkerenin uzat\u0131lmas\u0131 i\u00e7in h\u00fck\u00fcmet d\u00fc\u011fmeye basarken, ABD Genelkurmay Ba\u015fkan\u0131 Michael Mullen, PKK&#8217;ya kar\u015f\u0131 TSK&#8217;n\u0131n s\u00fcrd\u00fcrd\u00fc\u011f\u00fc operasyonlarda ABD&#8217;nin deste\u011finin <\/p>\n","protected":false},"author":1,"featured_media":0,"comment_status":"open","ping_status":"open","sticky":false,"template":"","format":"standard","meta":{"footnotes":""},"categories":[3],"tags":[],"class_list":["post-1111","post","type-post","status-publish","format-standard","hentry","category-dunya","odd"],"_links":{"self":[{"href":"http:\/\/www.korhanyilmaz.com\/index.php?rest_route=\/wp\/v2\/posts\/1111","targetHints":{"allow":["GET"]}}],"collection":[{"href":"http:\/\/www.korhanyilmaz.com\/index.php?rest_route=\/wp\/v2\/posts"}],"about":[{"href":"http:\/\/www.korhanyilmaz.com\/index.php?rest_route=\/wp\/v2\/types\/post"}],"author":[{"embeddable":true,"href":"http:\/\/www.korhanyilmaz.com\/index.php?rest_route=\/wp\/v2\/users\/1"}],"replies":[{"embeddable":true,"href":"http:\/\/www.korhanyilmaz.com\/index.php?rest_route=%2Fwp%2Fv2%2Fcomments&post=1111"}],"version-history":[{"count":0,"href":"http:\/\/www.korhanyilmaz.com\/index.php?rest_route=\/wp\/v2\/posts\/1111\/revisions"}],"wp:attachment":[{"href":"http:\/\/www.korhanyilmaz.com\/index.php?rest_route=%2Fwp%2Fv2%2Fmedia&parent=1111"}],"wp:term":[{"taxonomy":"category","embeddable":true,"href":"http:\/\/www.korhanyilmaz.com\/index.php?rest_route=%2Fwp%2Fv2%2Fcategories&post=1111"},{"taxonomy":"post_tag","embeddable":true,"href":"http:\/\/www.korhanyilmaz.com\/index.php?rest_route=%2Fwp%2Fv2%2Ftags&post=1111"}],"curies":[{"name":"wp","href":"https:\/\/api.w.org\/{rel}","templated":true}]}}