{"id":10719,"date":"2009-07-02T14:14:21","date_gmt":"2009-07-02T11:14:21","guid":{"rendered":"http:\/\/www.korhanyilmaz.com\/?p=10719"},"modified":"2009-07-02T14:14:21","modified_gmt":"2009-07-02T11:14:21","slug":"albay-cicek-icin-yeterli-delil-yokmus","status":"publish","type":"post","link":"http:\/\/www.korhanyilmaz.com\/?p=10719","title":{"rendered":"Albay \u00c7i\u00e7ek i\u00e7in yeterli delil yokmu\u015f"},"content":{"rendered":"<p><img loading=\"lazy\" decoding=\"async\" class=\"aligncenter size-full wp-image-10720\" src=\"http:\/\/www.korhanyilmaz.com\/wp-content\/uploads\/2009\/07\/fft27_mf201134.Jpeg\" alt=\"\" width=\"322\" height=\"97\" \/><\/p>\n<p style=\"text-align: justify;\">Ergenekon soru\u015fturmas\u0131nda \u00f6nce tutuklanan daha sonra serbest b\u0131rak\u0131lan Albay Dursun \u00c7i\u00e7ek&#8217;in tahliye gerek\u00e7esi belli oldu: <strong>Delil yetersizli\u011fi <\/strong><\/p>\n<p style=\"text-align: justify;\">&#8216;\u0130rtica ile M\u00fccadele Eylem Plan\u0131&#8217; belgesinin alt\u0131nda imzas\u0131 oldu\u011fu iddia edilen ve Ergenekon soru\u015fturmas\u0131 kapsam\u0131nda \u00f6rg\u00fct \u00fcyesi oldu\u011fu gerek\u00e7esiyle tutuklanan Deniz K\u0131demli Kurmay Albay Dursun \u00c7i\u00e7ek i\u00e7in, avukat\u0131n\u0131n yapt\u0131\u011f\u0131 itiraz \u00fczerine, 18 saat sonra tahliye karar\u0131 verilmi\u015fti.<\/p>\n<p style=\"text-align: justify;\">14. A\u011f\u0131r Ceza&#8217;n\u0131n \u00c7i\u00e7ek hakk\u0131nda verdi\u011fi tahliye karar\u0131n\u0131n gerek\u00e7esinin, askeri savc\u0131l\u0131\u011f\u0131n &#8220;Soru\u015fturmaya gerek yok&#8221; karar\u0131n\u0131n gerek\u00e7esiyle ayn\u0131 oldu\u011fu \u00f6\u011frenildi. Mahkeme, dosyadaki fotokopi belgeyi &#8220;hukuki delil&#8221; olarak g\u00f6rmedi. <!--more--><\/p>\n<p style=\"text-align: justify;\">Ayr\u0131ca 13. A\u011f\u0131r Ceza Mahkemesi&#8217;nden \u00c7e\u00e7ik&#8217;in tutuklanmas\u0131na itiraz\u0131 g\u00f6r\u00fc\u015fen 14. A\u011f\u0131r Ceza Mahkemesi&#8217;ne ge\u00e7ici g\u00f6revle g\u00f6nderilen hakimle ilgili tart\u0131\u015fmalara da yan\u0131t verildi. S\u00f6z konusu hakimin 14. A\u011f\u0131r Ceza&#8217;daki hakimlerden birinin y\u0131ll\u0131k izinde olmas\u0131 nedeniyle bir haftal\u0131\u011f\u0131na g\u00f6revlendirildi\u011fi a\u00e7\u0131kland\u0131.<\/p>\n<p style=\"text-align: justify;\"><span style=\"color: #888888;\">Kaynak : Radikal<\/span><\/p>\n","protected":false},"excerpt":{"rendered":"<\/p>\n<p style=\"text-align: justify;\">Ergenekon soru\u015fturmas\u0131nda \u00f6nce tutuklanan daha sonra serbest b\u0131rak\u0131lan Albay Dursun \u00c7i\u00e7ek&#8217;in tahliye gerek\u00e7esi belli oldu: Delil yetersizli\u011fi <\/p>\n<p style=\"text-align: justify;\">&#8216;\u0130rtica ile M\u00fccadele Eylem Plan\u0131&#8217; belgesinin alt\u0131nda imzas\u0131 oldu\u011fu iddia edilen ve Ergenekon soru\u015fturmas\u0131 kapsam\u0131nda \u00f6rg\u00fct \u00fcyesi oldu\u011fu gerek\u00e7esiyle tutuklanan Deniz K\u0131demli Kurmay Albay Dursun \u00c7i\u00e7ek i\u00e7in, avukat\u0131n\u0131n yapt\u0131\u011f\u0131 itiraz \u00fczerine, 18 <\/p>\n","protected":false},"author":1,"featured_media":0,"comment_status":"open","ping_status":"closed","sticky":false,"template":"","format":"standard","meta":{"footnotes":""},"categories":[105],"tags":[],"class_list":["post-10719","post","type-post","status-publish","format-standard","hentry","category-gundem","odd"],"_links":{"self":[{"href":"http:\/\/www.korhanyilmaz.com\/index.php?rest_route=\/wp\/v2\/posts\/10719","targetHints":{"allow":["GET"]}}],"collection":[{"href":"http:\/\/www.korhanyilmaz.com\/index.php?rest_route=\/wp\/v2\/posts"}],"about":[{"href":"http:\/\/www.korhanyilmaz.com\/index.php?rest_route=\/wp\/v2\/types\/post"}],"author":[{"embeddable":true,"href":"http:\/\/www.korhanyilmaz.com\/index.php?rest_route=\/wp\/v2\/users\/1"}],"replies":[{"embeddable":true,"href":"http:\/\/www.korhanyilmaz.com\/index.php?rest_route=%2Fwp%2Fv2%2Fcomments&post=10719"}],"version-history":[{"count":0,"href":"http:\/\/www.korhanyilmaz.com\/index.php?rest_route=\/wp\/v2\/posts\/10719\/revisions"}],"wp:attachment":[{"href":"http:\/\/www.korhanyilmaz.com\/index.php?rest_route=%2Fwp%2Fv2%2Fmedia&parent=10719"}],"wp:term":[{"taxonomy":"category","embeddable":true,"href":"http:\/\/www.korhanyilmaz.com\/index.php?rest_route=%2Fwp%2Fv2%2Fcategories&post=10719"},{"taxonomy":"post_tag","embeddable":true,"href":"http:\/\/www.korhanyilmaz.com\/index.php?rest_route=%2Fwp%2Fv2%2Ftags&post=10719"}],"curies":[{"name":"wp","href":"https:\/\/api.w.org\/{rel}","templated":true}]}}