{"id":10710,"date":"2009-07-02T15:21:44","date_gmt":"2009-07-02T12:21:44","guid":{"rendered":"http:\/\/www.korhanyilmaz.com\/?p=10710"},"modified":"2009-07-02T15:21:44","modified_gmt":"2009-07-02T12:21:44","slug":"sampiyonun-sonu","status":"publish","type":"post","link":"http:\/\/www.korhanyilmaz.com\/?p=10710","title":{"rendered":"\u015eampiyonun sonu!"},"content":{"rendered":"<p style=\"text-align: center;\"><img loading=\"lazy\" decoding=\"async\" class=\"aligncenter size-full wp-image-10711\" src=\"http:\/\/www.korhanyilmaz.com\/wp-content\/uploads\/2009\/07\/020720091522398999455.jpg\" alt=\"\" width=\"263\" height=\"168\" \/><\/p>\n<p style=\"text-align: justify;\">DEN\u0130ZL\u0130\u2019de motor sporlar\u0131 yar\u0131\u015fmalar\u0131nda \u015fampiyonluklar\u0131 bulunan 33 ya\u015f\u0131ndaki Ali Ta\u015f, motorsikletiyle antrenmana giderken trafik kazas\u0131nda \u00f6ld\u00fc. Motor tutkunlar\u0131, T\u00fcrkiye Pist \u015eampiyonu Ali Ta\u015f&#8217;\u0131n ani \u00f6l\u00fcm\u00fcyle sars\u0131ld\u0131.<\/p>\n<p style=\"text-align: justify;\"><strong>KAZA KURBANI OLDU <\/strong><\/p>\n<p style=\"text-align: justify;\">Evli ve 2 \u00e7ocuk babas\u0131 olan, motor sporlar\u0131ndaki yar\u0131\u015flarda \u00e7e\u015fitli dereceleri bulunan Ali Ta\u015f, 5 Temmuz&#8217;da T\u00fcrkiye Motosiklet Federasyonu taraf\u0131ndan yap\u0131lacak Marmara Motokros \u015eampiyonas\u0131&#8217;na haz\u0131rlanmak i\u00e7in, ge\u00e7en pazartesi g\u00fcn\u00fc saat 19.00 s\u0131ralar\u0131nda yar\u0131\u015f motosikletiyle antrenman yapmak i\u00e7in Kiri\u015fhane Mahallesi&#8217;ndeki evinden yola \u00e7\u0131kt\u0131. Ali Ta\u015f, y\u00f6netimindeki yar\u0131\u015f motosikletiyle G\u00f6kp\u0131nar Baraj G\u00f6l\u00fc yan\u0131ndaki b\u00f6lgeye antrenman i\u00e7in giderken, Necip Ali K\u00fc\u00e7\u00fcka Caddesi&#8217;nde kar\u015f\u0131 y\u00f6nden gelen 33 ya\u015f\u0131ndaki Abdi Selek y\u00f6netimindeki 20 S 1067 plakal\u0131 otob\u00fcsle \u00e7arp\u0131\u015ft\u0131. Hatal\u0131 olarak tali yola girmek istedi\u011fi belirtilen otob\u00fcse plakas\u0131z motorsikletiyle \u00e7arpan Ta\u015f, a\u011f\u0131r yaraland\u0131. Ta\u015f, g\u00f6t\u00fcr\u00fcld\u00fc\u011f\u00fc Pamukkale \u00dcniversitesi Hastanesi&#8217;nde kurtar\u0131lamad\u0131. Polis otob\u00fcs \u015fof\u00f6r\u00fc Abdi Selek&#8217;i g\u00f6zalt\u0131na ald\u0131. Selek, \u00e7\u0131kar\u0131ld\u0131\u011f\u0131 mahkemece tutukland\u0131.<!--more--><\/p>\n<p style=\"text-align: justify;\">\u015eampiyon motosiklet\u00e7inin kazada hayat\u0131n\u0131 kaybetmesi, Denizli&#8217;deki motosiklet tutkunlar\u0131n\u0131 ve ailesini yasa bo\u011fdu. Ali Ta\u015f&#8217;\u0131n motor tutkunu arkada\u015flar\u0131, ac\u0131lar\u0131n\u0131n b\u00fcy\u00fck oldu\u011funu ve T\u00fcrkiye&#8217;nin bir \u015fampiyonunu kaybetti\u011fini s\u00f6yledi. Ali Ta\u015f, 2005 y\u0131l\u0131nda \u0130zmir&#8217;de yap\u0131lan T\u00fcrkiye Pist \u015eampiyonas\u0131&#8217;nda birinci, 2008 \u0130stanbul Park&#8217;ta yap\u0131lan T\u00fcrkiye Motokros \u015eampiyonas\u0131&#8217;nda ise \u00fc\u00e7\u00fcnc\u00fc olmu\u015ftu. T\u00fcrkiye Motosiklet Federasyonu&#8217;nun d\u00fczenledi\u011fi yar\u0131\u015fmalara s\u00fcrekli kat\u0131lan Ali Ta\u015f, yar\u0131\u015fmalarda ald\u0131\u011f\u0131 \u00e7e\u015fitli derecelerin yan\u0131 s\u0131ra 5 de kupa kazanm\u0131\u015ft\u0131. Ali Ta\u015f, Marmara Motokros \u015eampiyonas\u0131&#8217;nda birinci olmak i\u00e7in s\u00fcrekli yar\u0131\u015f motoruyla antrenman yap\u0131yordu.<\/p>\n<p style=\"text-align: justify;\"><span style=\"color: #888888;\">Kaynak : Vatan<\/span><\/p>\n<p style=\"text-align: center;\"><a href=\"http:\/\/www.korhanyilmaz.com\/wp-content\/uploads\/2009\/07\/020720091522398999455_3.jpg\"  class=\"lightview\"><img loading=\"lazy\" decoding=\"async\" class=\"aligncenter size-full wp-image-10712\" src=\"http:\/\/www.korhanyilmaz.com\/wp-content\/uploads\/2009\/07\/020720091522398999455_3.jpg\" alt=\"\" width=\"330\" height=\"520\" \/><\/a><\/p>\n","protected":false},"excerpt":{"rendered":"<p style=\"text-align: center;\">\n<p style=\"text-align: justify;\">DEN\u0130ZL\u0130\u2019de motor sporlar\u0131 yar\u0131\u015fmalar\u0131nda \u015fampiyonluklar\u0131 bulunan 33 ya\u015f\u0131ndaki Ali Ta\u015f, motorsikletiyle antrenmana giderken trafik kazas\u0131nda \u00f6ld\u00fc. Motor tutkunlar\u0131, T\u00fcrkiye Pist \u015eampiyonu Ali Ta\u015f&#8217;\u0131n ani \u00f6l\u00fcm\u00fcyle sars\u0131ld\u0131.<\/p>\n<p style=\"text-align: justify;\">KAZA KURBANI OLDU <\/p>\n<p style=\"text-align: justify;\">Evli ve 2 \u00e7ocuk babas\u0131 olan, motor sporlar\u0131ndaki yar\u0131\u015flarda \u00e7e\u015fitli dereceleri bulunan Ali Ta\u015f, 5 Temmuz&#8217;da <\/p>\n","protected":false},"author":1,"featured_media":0,"comment_status":"open","ping_status":"closed","sticky":false,"template":"","format":"standard","meta":{"footnotes":""},"categories":[105],"tags":[],"class_list":["post-10710","post","type-post","status-publish","format-standard","hentry","category-gundem","odd"],"_links":{"self":[{"href":"http:\/\/www.korhanyilmaz.com\/index.php?rest_route=\/wp\/v2\/posts\/10710","targetHints":{"allow":["GET"]}}],"collection":[{"href":"http:\/\/www.korhanyilmaz.com\/index.php?rest_route=\/wp\/v2\/posts"}],"about":[{"href":"http:\/\/www.korhanyilmaz.com\/index.php?rest_route=\/wp\/v2\/types\/post"}],"author":[{"embeddable":true,"href":"http:\/\/www.korhanyilmaz.com\/index.php?rest_route=\/wp\/v2\/users\/1"}],"replies":[{"embeddable":true,"href":"http:\/\/www.korhanyilmaz.com\/index.php?rest_route=%2Fwp%2Fv2%2Fcomments&post=10710"}],"version-history":[{"count":0,"href":"http:\/\/www.korhanyilmaz.com\/index.php?rest_route=\/wp\/v2\/posts\/10710\/revisions"}],"wp:attachment":[{"href":"http:\/\/www.korhanyilmaz.com\/index.php?rest_route=%2Fwp%2Fv2%2Fmedia&parent=10710"}],"wp:term":[{"taxonomy":"category","embeddable":true,"href":"http:\/\/www.korhanyilmaz.com\/index.php?rest_route=%2Fwp%2Fv2%2Fcategories&post=10710"},{"taxonomy":"post_tag","embeddable":true,"href":"http:\/\/www.korhanyilmaz.com\/index.php?rest_route=%2Fwp%2Fv2%2Ftags&post=10710"}],"curies":[{"name":"wp","href":"https:\/\/api.w.org\/{rel}","templated":true}]}}