{"id":10705,"date":"2009-07-02T10:22:58","date_gmt":"2009-07-02T08:22:58","guid":{"rendered":"http:\/\/www.korhanyilmaz.com\/?p=10705"},"modified":"2009-07-02T10:22:58","modified_gmt":"2009-07-02T08:22:58","slug":"sarigul-secimlere-hazirlaniyor","status":"publish","type":"post","link":"http:\/\/www.korhanyilmaz.com\/?p=10705","title":{"rendered":"Sar\u0131g\u00fcl se\u00e7imlere haz\u0131rlan\u0131yor"},"content":{"rendered":"<p><img loading=\"lazy\" decoding=\"async\" class=\"aligncenter size-full wp-image-10706\" src=\"http:\/\/www.korhanyilmaz.com\/wp-content\/uploads\/2009\/07\/020720091438404261804.jpg\" alt=\"\" width=\"320\" height=\"100\" \/><\/p>\n<p style=\"text-align: justify;\"><strong>Mustafa Sar\u0131g\u00fcl isim vermeden CHP Lideri Deniz Baykal&#8217;a meydan okudu. <\/strong><\/p>\n<p style=\"text-align: justify;\">\u015ei\u015fli Belediye Ba\u015fkan\u0131 Mustafa Sar\u0131g\u00fcl, T\u00fcrkiye De\u011fi\u015fim Hareketi ad\u0131 alt\u0131nda \u00f6n\u00fcm\u00fczdeki milletvekili genel se\u00e7imlerine gireceklerini a\u00e7\u0131klayarak, isim vermeden CHP Lideri Deniz Baykal&#8217;a meydan okudu.<\/p>\n<p style=\"text-align: justify;\">Samsun&#8217;dan karayolu ile Ordu&#8217;ya ge\u00e7en DSP \u015ei\u015fli Belediye Ba\u015fkan\u0131 Mustafa Sar\u0131g\u00fcl, Fatsa il\u00e7esine ba\u011fl\u0131 Yal\u0131k\u00f6y Belde Belediye Ba\u015fkan\u0131 CHP&#8217;li Tahsin Karamustafa&#8217;n\u0131n davetlisi olarak 1 Temmuz Kabotaj Bayram\u0131 \u015eenlikleri&#8217;ne kat\u0131ld\u0131.<\/p>\n<p style=\"text-align: justify;\">Sar\u0131g\u00fcl burada &#8220;Ba\u015fbakan Sar\u0131g\u00fcl&#8221; sloganlar\u0131 ve &#8220;Hepimizin ba\u015fkan\u0131 T\u00fcrkiye sevdal\u0131s\u0131&#8221;, &#8220;Sizi bekliyorduk umutlar\u0131m\u0131z ve eme\u011fimiz sizinle&#8221;, &#8220;Derde derman Sar\u0131g\u00fcl&#8221;, &#8220;Karao\u011flandan Ya\u011f\u0131zo\u011fluna&#8221; yaz\u0131l\u0131 pankartlarla kar\u015f\u0131land\u0131. <!--more--><\/p>\n<p style=\"text-align: justify;\">Sar\u0131 renkteki &#8220;Sar\u0131g\u00fcl&#8221; otob\u00fcs\u00fcyle beldeye giri\u015f yapan Mustafa Sar\u0131g\u00fcl&#8217;e sevgi g\u00f6sterisinde bulunuldu.<\/p>\n<p style=\"text-align: justify;\">Burada yakla\u015f\u0131k 3 bin ki\u015filik bir gruba seslenen Mustafa Sar\u0131g\u00fcl, konu\u015fmas\u0131na herkesi selamlayarak ba\u015flad\u0131.<\/p>\n<p style=\"text-align: justify;\">Konu\u015fmas\u0131 s\u0131k s\u0131k &#8220;Ba\u015fbakan Sar\u0131g\u00fcl, Halk\u00e7\u0131 Sar\u0131g\u00fcl&#8221; sloganlar\u0131yla kesilen \u015ei\u015fli Belediye Ba\u015fkan\u0131 Sar\u0131g\u00fcl, &#8220;T\u00fcrkiyemiz denizlerle \u00e7evreli ama biz neden d\u00fcnyan\u0131n ilk be\u015fine, ilk onuna giremiyoruz. Bunlar\u0131 s\u00f6ylemeye geldim. Ba\u015fka siyaset\u00e7iler gibi kara \u00e7almak i\u00e7in gelmedim. \u00dclkemizin sorunlar\u0131n\u0131, siz dostlar\u0131mla bismillah diyerek payla\u015fmaya geldim. Dertle\u015fmeye geldim. Dertlerinize derman olmaya geldim&#8221; dedi.<\/p>\n<p style=\"text-align: justify;\">\u015ei\u015fli Belediye Ba\u015fkan\u0131 Mustafa Sar\u0131g\u00fcl, T\u00fcrkiye De\u011fi\u015fim Hareketi ad\u0131 alt\u0131nda \u00f6n\u00fcm\u00fczdeki milletvekili genel se\u00e7imlerine gireceklerini de ilk kez a\u00e7\u0131klayarak, isim vermeden CHP Lideri Deniz Baykal&#8217;a meydan okudu.<\/p>\n<p style=\"text-align: justify;\">Sar\u0131g\u00fcl, &#8220;Buradan s\u00f6zde bir tane muhalefet var. 40 y\u0131ldan beri orada oturan, i\u015f yapmayan bir muhalefet var. Onlara da sesleniyorum. Ya d\u00fczeltin, ya 18 ay sonra bu meydanda biz d\u00fczeltece\u011fiz in\u015fallah&#8221; diye konu\u015ftu.<\/p>\n<p style=\"text-align: justify;\">Sar\u0131g\u00fcl, &#8220;Ordu seninle gurur duyuyor, Ba\u015fbakan Sar\u0131g\u00fcl&#8221; sloganlar\u0131yla s\u00f6z\u00fc kesilen \u015ei\u015fli Belediye Ba\u015fkan\u0131 Mustafa Sar\u0131g\u00fcl, alk\u0131\u015flar, sloganlar e\u015fli\u011finde Yal\u0131k\u00f6y Belediye Meydan\u0131&#8217;ndan ayr\u0131ld\u0131.<\/p>\n<p style=\"text-align: justify;\"><span style=\"color: #888888;\">Kaynak : Vatan<\/span><\/p>\n","protected":false},"excerpt":{"rendered":"<\/p>\n<p style=\"text-align: justify;\">Mustafa Sar\u0131g\u00fcl isim vermeden CHP Lideri Deniz Baykal&#8217;a meydan okudu. <\/p>\n<p style=\"text-align: justify;\">\u015ei\u015fli Belediye Ba\u015fkan\u0131 Mustafa Sar\u0131g\u00fcl, T\u00fcrkiye De\u011fi\u015fim Hareketi ad\u0131 alt\u0131nda \u00f6n\u00fcm\u00fczdeki milletvekili genel se\u00e7imlerine gireceklerini a\u00e7\u0131klayarak, isim vermeden CHP Lideri Deniz Baykal&#8217;a meydan okudu.<\/p>\n<p style=\"text-align: justify;\">Samsun&#8217;dan karayolu ile Ordu&#8217;ya ge\u00e7en DSP \u015ei\u015fli Belediye Ba\u015fkan\u0131 Mustafa Sar\u0131g\u00fcl, Fatsa il\u00e7esine <\/p>\n","protected":false},"author":1,"featured_media":0,"comment_status":"open","ping_status":"closed","sticky":false,"template":"","format":"standard","meta":{"footnotes":""},"categories":[105],"tags":[],"class_list":["post-10705","post","type-post","status-publish","format-standard","hentry","category-gundem","odd"],"_links":{"self":[{"href":"http:\/\/www.korhanyilmaz.com\/index.php?rest_route=\/wp\/v2\/posts\/10705","targetHints":{"allow":["GET"]}}],"collection":[{"href":"http:\/\/www.korhanyilmaz.com\/index.php?rest_route=\/wp\/v2\/posts"}],"about":[{"href":"http:\/\/www.korhanyilmaz.com\/index.php?rest_route=\/wp\/v2\/types\/post"}],"author":[{"embeddable":true,"href":"http:\/\/www.korhanyilmaz.com\/index.php?rest_route=\/wp\/v2\/users\/1"}],"replies":[{"embeddable":true,"href":"http:\/\/www.korhanyilmaz.com\/index.php?rest_route=%2Fwp%2Fv2%2Fcomments&post=10705"}],"version-history":[{"count":0,"href":"http:\/\/www.korhanyilmaz.com\/index.php?rest_route=\/wp\/v2\/posts\/10705\/revisions"}],"wp:attachment":[{"href":"http:\/\/www.korhanyilmaz.com\/index.php?rest_route=%2Fwp%2Fv2%2Fmedia&parent=10705"}],"wp:term":[{"taxonomy":"category","embeddable":true,"href":"http:\/\/www.korhanyilmaz.com\/index.php?rest_route=%2Fwp%2Fv2%2Fcategories&post=10705"},{"taxonomy":"post_tag","embeddable":true,"href":"http:\/\/www.korhanyilmaz.com\/index.php?rest_route=%2Fwp%2Fv2%2Ftags&post=10705"}],"curies":[{"name":"wp","href":"https:\/\/api.w.org\/{rel}","templated":true}]}}