{"id":10701,"date":"2009-07-02T13:39:26","date_gmt":"2009-07-02T10:39:26","guid":{"rendered":"http:\/\/www.korhanyilmaz.com\/?p=10701"},"modified":"2009-07-02T13:39:26","modified_gmt":"2009-07-02T10:39:26","slug":"akp-hangi-yol-ayiriminda","status":"publish","type":"post","link":"http:\/\/www.korhanyilmaz.com\/?p=10701","title":{"rendered":"AKP Hangi Yol Ay\u0131r\u0131m\u0131nda?"},"content":{"rendered":"<p style=\"text-align: center;\"><img loading=\"lazy\" decoding=\"async\" class=\"aligncenter size-full wp-image-10702\" src=\"http:\/\/www.korhanyilmaz.com\/wp-content\/uploads\/2009\/07\/akp.gif\" alt=\"\" width=\"162\" height=\"180\" \/><\/p>\n<p style=\"text-align: justify;\">H\u00fcrriyet yazar\u0131 C\u00fcneyt \u00dclsever k\u00f6\u015fesinde d\u00f6rt g\u00fcnd\u00fcr s\u00fcrd\u00fcrd\u00fc\u011f\u00fc \u201cABD&#8217;nin T\u00fcrkiye&#8217;deki m\u00fcttefikleri de\u011fi\u015fiyor (mu?)\u201d konusundaki yaz\u0131 dizisini, bug\u00fcn \u201cAKP yol ayr\u0131m\u0131nda\u201d yorumunu yaparak bitirdi.<\/p>\n<p style=\"text-align: justify;\">AKP\u2019nin hem i\u00e7eride hem de ABD nezdinde bir yol ayr\u0131m\u0131nda oldu\u011funu belirten \u00dclsever, AKP i\u00e7in \u201c2003\u2019ten sonra kadim dost haline gelen \u00e7ok g\u00fc\u00e7l\u00fc bir Hareket\u2019ten vazge\u00e7ip, onun adeta alternatifi haline sokulan TSK ile i\u015fbirli\u011fi yapabilecek mi?\u201d sorusunu sordu.<\/p>\n<p style=\"text-align: justify;\">\u00dclsever\u2019in yaz\u0131n\u0131n iligli b\u00f6l\u00fcm\u00fc \u015f\u00f6yle:<\/p>\n<p style=\"text-align: justify;\">2003\u2019ten beri ama \u00f6zellikle 22 Temmuz\u2019dan sonra <strong>Fethullah G\u00fclen <\/strong>Hareketi ile <strong>Erdo\u011fan <\/strong>eski y\u0131llar\u0131n husumetini bir kenara itmi\u015f ve ittifak kurmu\u015f vaziyette. <!--more--><\/p>\n<p style=\"text-align: justify;\">Emniyet Te\u015fkilat\u0131 ve Adalet mekanizmas\u0131na <strong>\u201cG\u00fclenciler\u201d<\/strong>in yerle\u015fti\u011fi inanc\u0131 yayg\u0131n. Ben \u015eahsen <strong>Fethullah G\u00fclen <\/strong>ve yak\u0131n \u00e7evresinin bu kadrola\u015fmay\u0131 ne kadar denetleyebildi\u011finden \u015f\u00fcpheliyim.<\/p>\n<p style=\"text-align: justify;\">B\u00fcy\u00fck \u00e7apta yurtd\u0131\u015f\u0131nda \u015fekillendirildi\u011fine inand\u0131\u011f\u0131m orijinal <strong>\u201cErgenekon Dosyas\u0131\u201d<\/strong> (Bkz: <strong>Tuncay G\u00fcney\u2019<\/strong>in \u00e7uval \u00e7uval belgeleri) AKP ile <strong>G\u00fclen <\/strong>sempatizan\u0131 veya o posta b\u00fcr\u00fcnm\u00fc\u015f ki\u015fileri daha da yakla\u015ft\u0131rd\u0131.<\/p>\n<p style=\"text-align: justify;\">Ancak \u015fimdi <strong>AKP<\/strong>; Cumhurba\u015fkan\u0131\u2019n\u0131n deyimi ile <strong>\u201ctarihi f\u0131rsat\u201d<\/strong>\u0131 yakalay\u0131p hem <strong>G\u00fcneydo\u011fu<\/strong>\u2019da, hem de <strong>Kuzey Irak<\/strong>\u2019ta <strong>TSK<\/strong> ile i\u015fbirli\u011fi yapabilecek mi? Bu i\u015fbirli\u011fi i\u00e7in TSK, H\u00fck\u00fcmet\u2019in <strong>G\u00fclen\u2019<\/strong>den uzakla\u015fmas\u0131n\u0131 istiyor.<\/p>\n<p style=\"text-align: justify;\"><strong> <\/strong><\/p>\n<p style=\"text-align: justify;\"><strong>AKP, <\/strong>2003\u2019ten sonra kadim dost haline gelen \u00e7ok g\u00fc\u00e7l\u00fc bir Hareket\u2019ten vazge\u00e7ip, onun adeta alternatifi haline sokulan TSK ile i\u015fbirli\u011fi yapabilecek mi?<strong> <\/strong><\/p>\n<p style=\"text-align: justify;\"><strong>Bence soru bu!<\/strong><\/p>\n<p style=\"text-align: justify;\">AKP <strong>Obama\u2019<\/strong>y\u0131 Ermenistan konusunda hayal k\u0131r\u0131kl\u0131\u011f\u0131na u\u011fratt\u0131, \u00fcstelik Azerbaycan\u2019\u0131 \u00fcrk\u00fct\u00fcp Azerileri Rusya\u2019ya itti. Azerbaycan, Yukar\u0131 Karaba\u011f sorununun \u00e7\u00f6z\u00fcm\u00fc kar\u015f\u0131l\u0131\u011f\u0131 do\u011falgaz\u0131n\u0131 Rusya\u2019ya sat\u0131p Nabucco Projesi\u2019ni \u00f6ld\u00fcrmek \u00fczere. \u0130srail de art\u0131k T\u00fcrkiye\u2019yi arabulucu olarak istemiyor. ABD\u2019li World Public Opinion \u015eirketi\u2019nin yapt\u0131\u011f\u0131 saha ara\u015ft\u0131rmas\u0131na g\u00f6re <strong>\u201cOne minute\u201d<\/strong> ile Ortado\u011fu\u2019da parlayan <strong>Erdo\u011fan <\/strong>pop\u00fclaritesi <strong>\u201cmay\u0131n yasas\u0131\u201d<\/strong> ile yerle bir oluyor. Yani ABD\u2019nin \u00e7\u0131karlar\u0131 a\u00e7\u0131s\u0131ndan AKP verimli de\u011fil.<\/p>\n<p style=\"text-align: justify;\">AKP Kuzey Irak\u2019ta da ABD\u2019ye yard\u0131mc\u0131 olamazsa yand\u0131 bitti keten helva!<\/p>\n<p style=\"text-align: justify;\">AKP ger\u00e7ekten yol ayr\u0131m\u0131nda! Hem i\u00e7eride, hem ABD nezdinde!<\/p>\n<p style=\"text-align: justify;\"><span style=\"color: #888888;\">Odatv.com<\/span><\/p>\n<p style=\"text-align: justify;\"><span style=\"color: #888888;\">2 Temmuz 2009<\/span><\/p>\n","protected":false},"excerpt":{"rendered":"<p style=\"text-align: center;\">\n<p style=\"text-align: justify;\">H\u00fcrriyet yazar\u0131 C\u00fcneyt \u00dclsever k\u00f6\u015fesinde d\u00f6rt g\u00fcnd\u00fcr s\u00fcrd\u00fcrd\u00fc\u011f\u00fc \u201cABD&#8217;nin T\u00fcrkiye&#8217;deki m\u00fcttefikleri de\u011fi\u015fiyor (mu?)\u201d konusundaki yaz\u0131 dizisini, bug\u00fcn \u201cAKP yol ayr\u0131m\u0131nda\u201d yorumunu yaparak bitirdi.<\/p>\n<p style=\"text-align: justify;\">AKP\u2019nin hem i\u00e7eride hem de ABD nezdinde bir yol ayr\u0131m\u0131nda oldu\u011funu belirten \u00dclsever, AKP i\u00e7in \u201c2003\u2019ten sonra kadim dost haline gelen \u00e7ok g\u00fc\u00e7l\u00fc bir Hareket\u2019ten <\/p>\n","protected":false},"author":1,"featured_media":0,"comment_status":"open","ping_status":"closed","sticky":false,"template":"","format":"standard","meta":{"footnotes":""},"categories":[105],"tags":[],"class_list":["post-10701","post","type-post","status-publish","format-standard","hentry","category-gundem","odd"],"_links":{"self":[{"href":"http:\/\/www.korhanyilmaz.com\/index.php?rest_route=\/wp\/v2\/posts\/10701","targetHints":{"allow":["GET"]}}],"collection":[{"href":"http:\/\/www.korhanyilmaz.com\/index.php?rest_route=\/wp\/v2\/posts"}],"about":[{"href":"http:\/\/www.korhanyilmaz.com\/index.php?rest_route=\/wp\/v2\/types\/post"}],"author":[{"embeddable":true,"href":"http:\/\/www.korhanyilmaz.com\/index.php?rest_route=\/wp\/v2\/users\/1"}],"replies":[{"embeddable":true,"href":"http:\/\/www.korhanyilmaz.com\/index.php?rest_route=%2Fwp%2Fv2%2Fcomments&post=10701"}],"version-history":[{"count":0,"href":"http:\/\/www.korhanyilmaz.com\/index.php?rest_route=\/wp\/v2\/posts\/10701\/revisions"}],"wp:attachment":[{"href":"http:\/\/www.korhanyilmaz.com\/index.php?rest_route=%2Fwp%2Fv2%2Fmedia&parent=10701"}],"wp:term":[{"taxonomy":"category","embeddable":true,"href":"http:\/\/www.korhanyilmaz.com\/index.php?rest_route=%2Fwp%2Fv2%2Fcategories&post=10701"},{"taxonomy":"post_tag","embeddable":true,"href":"http:\/\/www.korhanyilmaz.com\/index.php?rest_route=%2Fwp%2Fv2%2Ftags&post=10701"}],"curies":[{"name":"wp","href":"https:\/\/api.w.org\/{rel}","templated":true}]}}