{"id":10681,"date":"2009-07-01T11:20:29","date_gmt":"2009-07-01T08:20:29","guid":{"rendered":"http:\/\/www.korhanyilmaz.com\/?p=10681"},"modified":"2009-07-01T11:20:29","modified_gmt":"2009-07-01T08:20:29","slug":"savci-oz-gece-vakti-adliyeye-neden-geri-geldi","status":"publish","type":"post","link":"http:\/\/www.korhanyilmaz.com\/?p=10681","title":{"rendered":"Savc\u0131 \u00d6z Gece Vakti Adliyeye Neden Geri Geldi ?"},"content":{"rendered":"<p><img loading=\"lazy\" decoding=\"async\" class=\"aligncenter size-full wp-image-10682\" title=\"Ergenekon soru\u015fturmas\u0131n\u0131 y\u00fcr\u00fcten Savc\u0131 Zekeriya \u00d6z\" src=\"http:\/\/www.korhanyilmaz.com\/wp-content\/uploads\/2009\/07\/savc\u0131-z.jpg\" alt=\"Ergenekon soru\u015fturmas\u0131n\u0131 y\u00fcr\u00fcten Savc\u0131 Zekeriya \u00d6z\" width=\"300\" height=\"210\" \/><\/p>\n<p style=\"text-align: justify;\">D\u00fcn ya\u015fananlar saat saat analiz edildi\u011finde, \u00c7ankaya K\u00f6\u015fk\u00fc ile \u0130stanbul Adliyesi aras\u0131nda e\u015fzamanl\u0131 baz\u0131 olaylar meydana geldi\u011fi anla\u015f\u0131l\u0131yor.<\/p>\n<p style=\"text-align: justify;\">MGK \u00f6ncesinden ba\u015flayacak olursak; Albay Dursun \u00c7i\u00e7ek ve sekiz albay\u0131n Ergenekon savc\u0131l\u0131k ifadeleri Pazartesi g\u00fcn\u00fc al\u0131nacakken Sal\u0131 g\u00fcn\u00fcne, yani MGK\u2019n\u0131n yap\u0131laca\u011f\u0131 g\u00fcne ertelendi!<\/p>\n<p style=\"text-align: justify;\">Saat <strong>9.00<\/strong> Albay Dursun \u00c7i\u00e7ek hari\u00e7 di\u011fer albaylar ifade vermek \u00fczere adliyeye geldiler. Dursun \u00c7i\u00e7ek\u2019in gelmeyece\u011fine dair s\u00f6ylentiler yay\u0131ld\u0131 ama sonunda onun da geldi\u011fi a\u00e7\u0131kland\u0131. Savc\u0131l\u0131k sorgular\u0131 ba\u015flad\u0131.<!--more--><\/p>\n<p style=\"text-align: justify;\"><strong>13.00 <\/strong>Milli G\u00fcvenlik Kurulu Toplant\u0131s\u0131 ba\u015flad\u0131.<\/p>\n<p style=\"text-align: justify;\"><strong>17.00 <\/strong>Toplant\u0131ya yar\u0131m saat ara verildi. MGK\u2019n\u0131n h\u00fck\u00fcmet ve askeri kanad\u0131 kendi aralar\u0131nda g\u00f6r\u00fc\u015fmelere \u00e7ekildi.<\/p>\n<p style=\"text-align: justify;\"><strong>17.50<\/strong> tekrar toplant\u0131 d\u00fczenine ge\u00e7ildi ve Genelkurmay Ba\u015fkan\u0131\u2019n\u0131n &#8220;MGK\u2019ya ta\u015f\u0131yaca\u011f\u0131m&#8221; dedi\u011fi konunun tart\u0131\u015f\u0131lmas\u0131na ba\u015fland\u0131.<\/p>\n<p style=\"text-align: justify;\"><strong>19.00 <\/strong>Albay Dursun \u00c7i\u00e7ek\u2019in tutuklanma talebiyle mahkemeye sevk edildi\u011fi haberi ana haber b\u00fcltenlerinde verildi.<\/p>\n<p style=\"text-align: justify;\"><strong>19.30<\/strong> \u00c7i\u00e7ek\u2019in tutuklama talebiyle mahkemeye sevk edildi\u011fi <strong>haberi<\/strong>, Cumhurba\u015fkan\u0131 G\u00fcl, Ba\u015fbakan Erdo\u011fan ve Genelkurmay Ba\u015fkan\u0131 Ba\u015fbu\u011f\u2019a <strong>not olarak iletildi<\/strong>.<\/p>\n<p style=\"text-align: justify;\"><strong>21.10<\/strong> MGK toplant\u0131s\u0131 sona erdi.<\/p>\n<p style=\"text-align: justify;\"><strong>21. 20<\/strong> Ba\u015fbakan Erdo\u011fan, Genelkurmay Ba\u015fkan\u0131 Ba\u015fbu\u011f, Ba\u015fbakan Yard\u0131mc\u0131s\u0131 \u00c7i\u00e7ek ve Adalet Bakan\u0131 Ergin K\u00f6\u015fk\u2019te kalarak Cumhurba\u015fkan\u0131 G\u00fcl ile bir toplant\u0131 daha yapt\u0131lar. Bas\u0131n bu mini zirvede G\u00fcl\u2019\u00fcn \u201cgece yar\u0131s\u0131 yasas\u0131n\u0131\u201d veto etme olas\u0131l\u0131\u011f\u0131n\u0131n konu\u015fuldu\u011funu yazd\u0131.<\/p>\n<p style=\"text-align: justify;\"><strong>21.30 <\/strong>Dursun \u00c7i\u00e7ek&#8217;in tutuklama istemiyle adliyeye sevk edilmesinin ard\u0131ndan adliyeden ayr\u0131lan <strong>Savc\u0131 Zekeriya \u00d6z s\u00fcrpriz bir \u015fekilde adliyeye geri d\u00f6nd\u00fc!<\/strong><\/p>\n<p style=\"text-align: justify;\"><strong>22.20<\/strong> Mini Zirve sona erdi.<\/p>\n<p style=\"text-align: justify;\">\u2026Ve Kurmay Albay Dursun \u00c7i\u00e7ek gece yar\u0131s\u0131ndan sonra tutukland\u0131!<\/p>\n<p style=\"text-align: justify;\">G\u00f6r\u00fcld\u00fc\u011f\u00fc gibi, bu senkronize i\u015fler s\u0131ras\u0131ndaki en ilgin\u00e7 olay, Savc\u0131 \u00d6z\u2019\u00fcn saat 21.30\u2019da adliyeye geri d\u00f6nm\u00fc\u015f olmas\u0131yd\u0131. <strong>O s\u0131rada MGK bitmi\u015f, mini zirve devam etmekteydi.<\/strong> Albay \u00c7i\u00e7ek\u2019in\u00a0 mahkeme sorgusu s\u00fcrerken, Savc\u0131 \u00d6z hakimleri tutuklamaya ikna edecek yeni bir kan\u0131t m\u0131, yoksa haber mi getirmi\u015fti?<\/p>\n<p style=\"text-align: justify;\">D\u00fcnk\u00fc b\u00fct\u00fcn bu e\u015fzamanl\u0131 olaylar s\u0131ras\u0131nda Ankara ile \u0130stanbul hatt\u0131nda ne gibi haberle\u015fmelerin oldu\u011fu art\u0131k isteyenin istedi\u011fi \u015fekilde yorumlamas\u0131na a\u00e7\u0131kt\u0131r.<\/p>\n<p style=\"text-align: justify;\">\u015eimdi Albay \u00c7i\u00e7ek\u2019in malum fotokopi nedeniyle de\u011fil, \u00f6rg\u00fct \u00fcyesi olma su\u00e7undan tutukland\u0131\u011f\u0131 s\u00f6yleniyor. Elbette \u00f6yle denecek! \u201cBelge\u201d y\u00fcz\u00fcnden dense, hem askeri mahkemeyle yetki uyu\u015fmazl\u0131\u011f\u0131 \u00e7\u0131kacak, hem de savc\u0131ya \u201cfotokopinin asl\u0131n\u0131 m\u0131 buldun?\u201d diye sorulacak.<\/p>\n<p style=\"text-align: justify;\">Ama Albay \u00c7i\u00e7ek \u00f6rg\u00fct \u00fcyeli\u011finden tutuklanm\u0131\u015f olsa bile savc\u0131l\u0131\u011f\u0131n yan\u0131tlamas\u0131 gereken baz\u0131 sorular yine ortada kalm\u0131\u015ft\u0131r.<\/p>\n<p style=\"text-align: justify;\">O malum fotokopi\u00a0 avukat\u0131n b\u00fcrosunda 4 Haziran\u2019da bulundu. Yani savc\u0131l\u0131k Albay \u00c7i\u00e7ek ad\u0131n\u0131 <strong>en ge\u00e7<\/strong> 4 Haziran da duymu\u015ftur. O fotokopi Taraf\u2019ta 12 Haziran\u2019da yay\u0131nland\u0131. Savc\u0131l\u0131k Albay\u0131n \u00f6rg\u00fct \u00fcyesi oldu\u011funu d\u00fc\u015f\u00fcn\u00fcyorsa neden o 8 g\u00fcn i\u00e7inde g\u00f6zalt\u0131na al\u0131p sorgulamam\u0131\u015ft\u0131r? Yoksa belgenin servis edilip k\u0131z\u0131lca k\u0131yametin kopmas\u0131n\u0131 m\u0131 beklemi\u015ftir?<\/p>\n<p style=\"text-align: justify;\">Diyelim ki geciktiler! \u00d6yleyse MGK toplant\u0131s\u0131ndan sonraki g\u00fcnler torbaya m\u0131 girdi de tutuklama i\u00e7in tam o toplant\u0131n\u0131n yap\u0131ld\u0131\u011f\u0131 g\u00fcn\u00fc ve bittikten sonraki bir saati se\u00e7tiler? Bunun \u00e7ok b\u00fcy\u00fck bir \u201crastlant\u0131\u201d\u00a0 oldu\u011funa art\u0131k kimi inand\u0131rabilirler?<\/p>\n<p style=\"text-align: justify;\">30 Haziran g\u00fcn\u00fc meydana gelen senkronize i\u015flerden sonra, art\u0131k Ergenekon davas\u0131n\u0131n siyasi de\u011fil hukuki oldu\u011funa inand\u0131rabilecek kimseyi bulmak \u00e7ok zordur.<\/p>\n<p style=\"text-align: justify;\"><span style=\"color: #888888;\">Kaynak : Odatv.com<\/span><\/p>\n<p style=\"text-align: justify;\"><span style=\"color: #888888;\">1 Temmuz 2009<br \/>\n<\/span><\/p>\n","protected":false},"excerpt":{"rendered":"<\/p>\n<p style=\"text-align: justify;\">D\u00fcn ya\u015fananlar saat saat analiz edildi\u011finde, \u00c7ankaya K\u00f6\u015fk\u00fc ile \u0130stanbul Adliyesi aras\u0131nda e\u015fzamanl\u0131 baz\u0131 olaylar meydana geldi\u011fi anla\u015f\u0131l\u0131yor.<\/p>\n<p style=\"text-align: justify;\">MGK \u00f6ncesinden ba\u015flayacak olursak; Albay Dursun \u00c7i\u00e7ek ve sekiz albay\u0131n Ergenekon savc\u0131l\u0131k ifadeleri Pazartesi g\u00fcn\u00fc al\u0131nacakken Sal\u0131 g\u00fcn\u00fcne, yani MGK\u2019n\u0131n yap\u0131laca\u011f\u0131 g\u00fcne ertelendi!<\/p>\n<p style=\"text-align: justify;\">Saat 9.00 Albay Dursun \u00c7i\u00e7ek hari\u00e7 di\u011fer <\/p>\n","protected":false},"author":1,"featured_media":0,"comment_status":"open","ping_status":"closed","sticky":false,"template":"","format":"standard","meta":{"footnotes":""},"categories":[105],"tags":[],"class_list":["post-10681","post","type-post","status-publish","format-standard","hentry","category-gundem","odd"],"_links":{"self":[{"href":"http:\/\/www.korhanyilmaz.com\/index.php?rest_route=\/wp\/v2\/posts\/10681","targetHints":{"allow":["GET"]}}],"collection":[{"href":"http:\/\/www.korhanyilmaz.com\/index.php?rest_route=\/wp\/v2\/posts"}],"about":[{"href":"http:\/\/www.korhanyilmaz.com\/index.php?rest_route=\/wp\/v2\/types\/post"}],"author":[{"embeddable":true,"href":"http:\/\/www.korhanyilmaz.com\/index.php?rest_route=\/wp\/v2\/users\/1"}],"replies":[{"embeddable":true,"href":"http:\/\/www.korhanyilmaz.com\/index.php?rest_route=%2Fwp%2Fv2%2Fcomments&post=10681"}],"version-history":[{"count":0,"href":"http:\/\/www.korhanyilmaz.com\/index.php?rest_route=\/wp\/v2\/posts\/10681\/revisions"}],"wp:attachment":[{"href":"http:\/\/www.korhanyilmaz.com\/index.php?rest_route=%2Fwp%2Fv2%2Fmedia&parent=10681"}],"wp:term":[{"taxonomy":"category","embeddable":true,"href":"http:\/\/www.korhanyilmaz.com\/index.php?rest_route=%2Fwp%2Fv2%2Fcategories&post=10681"},{"taxonomy":"post_tag","embeddable":true,"href":"http:\/\/www.korhanyilmaz.com\/index.php?rest_route=%2Fwp%2Fv2%2Ftags&post=10681"}],"curies":[{"name":"wp","href":"https:\/\/api.w.org\/{rel}","templated":true}]}}