{"id":10676,"date":"2009-07-01T12:11:30","date_gmt":"2009-07-01T09:11:30","guid":{"rendered":"http:\/\/www.korhanyilmaz.com\/?p=10676"},"modified":"2009-07-01T12:11:30","modified_gmt":"2009-07-01T09:11:30","slug":"nihat-genc-belgenin-ne-oldugunu-yazdi-%e2%80%9ccin-belge%e2%80%9d","status":"publish","type":"post","link":"http:\/\/www.korhanyilmaz.com\/?p=10676","title":{"rendered":"Nihat Gen\u00e7 Belgenin Ne Oldu\u011funu Yazd\u0131 \u201cC\u0130N BELGE\u201d"},"content":{"rendered":"<p style=\"text-align: center;\"><a href=\"http:\/\/www.korhanyilmaz.com\/wp-content\/uploads\/2009\/07\/010720091026550069744.jpg\"  class=\"lightview\"><img loading=\"lazy\" decoding=\"async\" class=\"aligncenter size-full wp-image-10677\" src=\"http:\/\/www.korhanyilmaz.com\/wp-content\/uploads\/2009\/07\/010720091026550069744.jpg\" alt=\"\" width=\"324\" height=\"178\" \/><\/a><\/p>\n<p style=\"text-align: justify;\"><strong>T\u00fcrkiye\u2019yi kar\u0131\u015ft\u0131ran sahte imzal\u0131 belge ka\u011f\u0131t par\u00e7as\u0131 de\u011fil, tam anlam\u0131yla bir \u2018muska\u2019d\u0131r. <\/strong><\/p>\n<p style=\"text-align: justify;\">Atat\u00fcrk heykellerine sald\u0131r\u0131lar profesyonelle\u015ferek \u2018cin-belge\u2019 d\u00fczenleme inceli\u011fine y\u00fckselmesi hepimizin kafas\u0131n\u0131 kar\u0131\u015ft\u0131rd\u0131.<\/p>\n<p style=\"text-align: justify;\">\u00c7\u00fcnk\u00fc bizler bodoslama sald\u0131r\u0131lara al\u0131\u015f\u0131kt\u0131k, \u015fimdi ise gizli ellerce d\u00fczenlenmi\u015f \u015feytani ve kafa kar\u0131\u015ft\u0131r\u0131c\u0131 bir cin belgeyle kar\u015f\u0131 kar\u015f\u0131yay\u0131z.<\/p>\n<p style=\"text-align: justify;\">E\u011fer bir belgeyi kimin haz\u0131rlad\u0131\u011f\u0131 resmi kurumlarca bilinmiyor ve a\u00e7\u0131klanam\u0131yorsa ve belgeyi bilimsel tetkik eden labarotuvarlar da bir cevap veremiyorsa ve belgenin asl\u0131 ger\u00e7e\u011fi de yoksa, kar\u015f\u0131m\u0131zda \u2018cinlerin\u2019 haz\u0131rlad\u0131\u011f\u0131 bir belge var demektir.<\/p>\n<p style=\"text-align: justify;\">Hat\u0131rlay\u0131n, asit kuyular\u0131 iddias\u0131yla aylarca ekranlar\u0131nda \u2018kemik fal\u0131\u2019 a\u00e7t\u0131lar, bu da bir b\u00fcy\u00fcd\u00fcr, ad\u0131na \u2018sakatat fal\u0131\u2019 denir ve kemiklerle a\u00e7\u0131l\u0131r, yanda\u015f ekranlar kemik fal\u0131na bak\u0131p b\u00fcy\u00fck su\u00e7lamalar korkun\u00e7 deh\u015fet man\u015fetleri a\u00e7t\u0131lar, sonra kaplumba\u011fa kemikleri \u00e7\u0131kt\u0131.. <!--more--><\/p>\n<p style=\"text-align: justify;\">B\u00fcy\u00fcy\u00fc \u2018bilimden\u2019 ay\u0131ran nelerdir, mesela bir u\u00e7ak kaza yaparsa teknik ar\u0131za bilimsel olarak tespit edilebilir, ancak, b\u00fcy\u00fc tutmazsa yani b\u00fcy\u00fc ba\u015far\u0131s\u0131z olursa kimse \u00fcst\u00fcne gitmez.<\/p>\n<p style=\"text-align: justify;\">B\u00fcy\u00fclerin de re\u00e7eteleri vard\u0131r, Ergenekon Davas\u0131\u2019nda bir y\u0131\u011f\u0131n kroki konu\u015fma dinleme belgeleri b\u00fcy\u00fclerin \u00e7e\u015fitlili\u011fini ortaya koyuyor, Kemal K\u0131l\u0131\u00e7daro\u011flu\u2019nun Almanya\u2019da kerhaneye gitti cin belgesinden Baykal\u2019\u0131n Avrupa bankalar\u0131ndaki cin belgelerine ve polis aramalar\u0131nda ortaya \u00e7\u0131kan krokiler ve uydurma dinlemelere kadar bir y\u0131\u011f\u0131n cin belge..<\/p>\n<p style=\"text-align: justify;\">Bu b\u00fcy\u00fclerin amac\u0131, haf\u0131za kayb\u0131na yol a\u00e7makt\u0131r, mesela bu \u2018cin belge\u2019 \u00f6rne\u011finde oldu\u011fu gibi, bu belgeyi nerden buldunuz demeden sahte oldu\u011funa bakmadan \u2018belge \u00fczerine\u2019 konu\u015fmaya ba\u015flars\u0131n\u0131z, i\u015fte bu cin belgelerin ba\u015far\u0131s\u0131 budur.<\/p>\n<p style=\"text-align: justify;\">Bu cin belgeler hepinizi asl\u0131 astar\u0131n\u0131 bilmeden kendi \u00fczerinde konu\u015fturdu mu konu\u015fturmad\u0131 m\u0131, \u00f6yleyse bu \u2018cin belgeler\u2019in b\u00fcy\u00fcl\u00fc oldu\u011fu ve herkesin g\u00f6z\u00fcn\u00fc b\u00fcy\u00fcledi\u011fi ortada.<\/p>\n<p style=\"text-align: justify;\">B\u00fcy\u00fcn\u00fcn bir ba\u015fka \u00f6zelli\u011fi, ger\u00e7ek d\u00fc\u015f\u00fcnceleri ger\u00e7ek ba\u011flant\u0131lar yerine b\u00fcy\u00fcy\u00fc haz\u0131rlayanlar\u0131n istedi\u011fi yorumlara ba\u011flar. Aynen b\u00f6yle olmad\u0131 m\u0131, belgeyi haz\u0131rlayan cinler ger\u00e7eklik yerine kendi arzulad\u0131klar\u0131 \u2018komplo\u2019 iddialar\u0131na ba\u011flamad\u0131lar m\u0131?<\/p>\n<p style=\"text-align: justify;\">B\u00fcy\u00fc\u2019n\u00fcn en b\u00fcy\u00fck \u00f6zelli\u011fi ise, gizlilik i\u00e7inde yap\u0131l\u0131r, cahil, \u015feytans\u0131 niyetler ta\u015f\u0131r, bu cin belge, tam anlam\u0131yla cahil insanlar\u0131 kand\u0131r\u0131p \u015feytans\u0131 niyetlerle \u00fclkeyi darmada\u011f\u0131n\u0131k yapmad\u0131 m\u0131?<\/p>\n<p style=\"text-align: justify;\">Mesela bat\u0131 tarihinde cad\u0131 avc\u0131l\u0131\u011f\u0131 vard\u0131r, cad\u0131lar\u0131 avlay\u0131p yakanlar kilisenin birka\u00e7 yarg\u0131\u00e7 rahibi de\u011fildi, \u015fa\u015f\u0131racaks\u0131n\u0131z, o y\u00fczy\u0131llarda kiliseye yak\u0131n bir grup ayd\u0131n ve uzman insan, \u2018garip ama tutarl\u0131 ve sistemli bir \u015fekilde bu cad\u0131 avlar\u0131n\u0131 normalle\u015ftiren a\u00e7\u0131klamalar yapt\u0131lar\u2019..<\/p>\n<p style=\"text-align: justify;\">Evet, bug\u00fcn de bu cin belgeler \u00fczerine bir tak\u0131m e\u011fitimli ki\u015filer \u00e7ok garip ama tutarl\u0131 a\u00e7\u0131klamalar yap\u0131p bu cin belge ve cad\u0131 av\u0131n\u0131 sistemle\u015ftiren a\u00e7\u0131klamalar\u0131 hala yapm\u0131yorlar m\u0131?<\/p>\n<p style=\"text-align: justify;\">Ve bu cin belgenin ortaya \u00e7\u0131k\u0131\u015f\u0131yla ba\u015fbakan\u0131m\u0131z\u0131n o \u00e7ok korktu\u011fumuz \u00f6fkesini serbest b\u0131rak\u0131p hepimizi d\u00f6vmeye yarg\u0131lamaya ba\u015flad\u0131\u011f\u0131n\u0131 g\u00f6rmedik mi? Demek ki ba\u015fbakan\u0131m\u0131z\u0131n \u00f6fkesini harekete ge\u00e7iren bu cin-belgeler.<\/p>\n<p style=\"text-align: justify;\">B\u00fcy\u00fc yapan insanlar, a\u015fa\u011f\u0131l\u0131k ve adi bir \u2018din anlay\u0131\u015f\u0131na\u2019 sahiptir, \u00e7\u00fcnk\u00fc b\u00fcy\u00fc yaparak kendi ki\u015fisel \u00e7\u0131karlar\u0131n\u0131 d\u00fc\u015f\u00fcn\u00fcr. Aynen b\u00f6yle olmad\u0131 m\u0131, d\u00fc\u015f\u00fck bir din anlay\u0131\u015f\u0131na sahip insanlar kendi partizan ve cemaat \u00e7\u0131karlar\u0131 i\u00e7in bu cin belge ve nice muskal\u0131 belgelere haz\u0131rlamad\u0131lar m\u0131?<\/p>\n<p style=\"text-align: justify;\">B\u00fcy\u00fcde bir neden-sonu\u00e7 ili\u015fkisi yoktur, ancak, yoruma a\u00e7\u0131kt\u0131r. Bu cin belge\u2019de de aynen hi\u00e7bir neden-sonu\u00e7 ili\u015fkisi yok ama herkes istedi\u011fi \u015fekilde yorumlamad\u0131 m\u0131?<\/p>\n<p style=\"text-align: justify;\">B\u00fcy\u00fc, dinden daha eskidir, Yontma Ta\u015f Devri\u2019nde rahipler yok ama b\u00fcy\u00fcc\u00fclerin oldu\u011fu kesin. Bu cin belgeyi d\u00fczenleyenlerin zekas\u0131 tam anlam\u0131yla Yontma Ta\u015f Devri\u2019nde kald\u0131klar\u0131n\u0131 g\u00f6stermiyor mu?<\/p>\n<p style=\"text-align: justify;\">Ben, bu cin-belgeyi haz\u0131rlayanlar\u0131n d\u00fc\u015f\u00fcncelerine elbette kar\u015f\u0131 de\u011filim, mesela bu d\u00fc\u015f\u00fcnceleri on bin y\u0131l \u00f6nce dile getirseydiler hakl\u0131 olabilirlerdi, ancak ben bu cin belgeleri haz\u0131rlayanlar\u0131n \u2018zamanlamas\u0131na\u2019 kar\u015f\u0131y\u0131m, bug\u00fcne uymuyor.<\/p>\n<p style=\"text-align: justify;\">B\u00fcy\u00fcler tarihi hep geriye sarar, bu cin belgenin hedefi de tarihi geri saymak, Vahdettinler\u2019i aklamaktan tutun 12 Mart 12 Eyl\u00fcl b\u00fct\u00fcn ihtilaller asl\u0131nda Fethullah G\u00fclen\u2019e kar\u015f\u0131 yap\u0131ld\u0131 gibi bir sonuca ula\u015f\u0131yoruz, ki, i\u015fte kendi yanda\u015f\u0131 gazetecilerin geldi\u011fi fikir budur. Ancak o yazarlar maa\u015f al\u0131yor bu b\u00fcy\u00fclere inan\u0131yor, biz maa\u015f almad\u0131\u011f\u0131m\u0131z halde bu muskalara niye inanal\u0131m.<\/p>\n<p style=\"text-align: justify;\">G\u00fcn\u00fcm\u00fczde b\u00fcy\u00fc yapanlar, doland\u0131ran ve doland\u0131r\u0131lan ili\u015fkisiyle mahkeme edilir ve her yakalanan b\u00fcy\u00fcc\u00fc ba\u015far\u0131s\u0131z b\u00fcy\u00fcs\u00fcn\u00fc kurnazl\u0131kla ge\u00e7i\u015ftirmeye \u00e7al\u0131\u015f\u0131r, \u015fu anda da olan tam bu de\u011fil mi cin b\u00fcy\u00fc hedefine ula\u015fmay\u0131nca kurnazl\u0131k ve laf cambazl\u0131\u011f\u0131yla ge\u00e7i\u015ftirmeye \u00e7al\u0131\u015fm\u0131yorlar m\u0131?<\/p>\n<p style=\"text-align: justify;\">Antropoloji derslerinde b\u00fcy\u00fc \u00fczerine \u00e7al\u0131\u015fan bilim adamlar\u0131, ki, \u015fu anda elimde Dost Kitabevi\u2019nden B\u00fcy\u00fc, Bilim, Din kitab\u0131 var, iddias\u0131 \u015fudur, b\u00fcy\u00fc re\u00e7eteleri \u2018anlam\u0131 belirsiz \u015feyler\u2019 ve \u2018\u00fcst\u00fc kapal\u0131 ifadeler\u2019 ve \u2018kehanetli s\u00f6zler iddialar\u0131\u2019 \u00fczerinde durur.<\/p>\n<p style=\"text-align: justify;\">Aynen bu cin belgede oldu\u011fu gibi \u2018kehanetler ortal\u0131kla kol geziyor\u2019, y\u00fczlerce yazar \u2018anlam\u0131 belirsiz ve \u00fcst\u00fc kapal\u0131\u2019 ifadelerle konu\u015fup duruyor.<\/p>\n<p style=\"text-align: justify;\">Ve b\u00fcy\u00fcn\u00fcn g\u00fcn\u00fcm\u00fczde hala varl\u0131\u011f\u0131n\u0131 s\u00fcrd\u00fcrmesinin sebebi \u2018din b\u00fcy\u00fcye tam cevap verememi\u015f ve garip bir bo\u015fluk b\u0131rakm\u0131\u015ft\u0131r\u2019.<\/p>\n<p style=\"text-align: justify;\">Bu cin belge\u2019de de g\u00f6r\u00fcld\u00fc\u011f\u00fc \u00fczre, ne s\u00f6ylerseniz s\u00f6yleyin garip bir bo\u015fluk hep kalacakt\u0131r.<\/p>\n<p style=\"text-align: justify;\">Yani cin belge g\u00f6revini kusursuz yapm\u0131\u015f, bilimin teknolojinin bu denli y\u00fcksek oldu\u011fu bir \u00e7a\u011fda \u2018garip bir bo\u015fluk\u2019 b\u0131rakm\u0131\u015ft\u0131r.<\/p>\n<p style=\"text-align: justify;\"><span style=\"color: #888888;\">Kaynak : Nihat Gen\u00e7 -Odatv.com<\/span><\/p>\n<p style=\"text-align: justify;\"><span style=\"color: #888888;\">30 Haziran 2009<\/span><\/p>\n","protected":false},"excerpt":{"rendered":"<p style=\"text-align: center;\">\n<p style=\"text-align: justify;\">T\u00fcrkiye\u2019yi kar\u0131\u015ft\u0131ran sahte imzal\u0131 belge ka\u011f\u0131t par\u00e7as\u0131 de\u011fil, tam anlam\u0131yla bir \u2018muska\u2019d\u0131r. <\/p>\n<p style=\"text-align: justify;\">Atat\u00fcrk heykellerine sald\u0131r\u0131lar profesyonelle\u015ferek \u2018cin-belge\u2019 d\u00fczenleme inceli\u011fine y\u00fckselmesi hepimizin kafas\u0131n\u0131 kar\u0131\u015ft\u0131rd\u0131.<\/p>\n<p style=\"text-align: justify;\">\u00c7\u00fcnk\u00fc bizler bodoslama sald\u0131r\u0131lara al\u0131\u015f\u0131kt\u0131k, \u015fimdi ise gizli ellerce d\u00fczenlenmi\u015f \u015feytani ve kafa kar\u0131\u015ft\u0131r\u0131c\u0131 bir cin belgeyle kar\u015f\u0131 kar\u015f\u0131yay\u0131z.<\/p>\n<p style=\"text-align: justify;\">E\u011fer <\/p>\n","protected":false},"author":1,"featured_media":0,"comment_status":"open","ping_status":"closed","sticky":false,"template":"","format":"standard","meta":{"footnotes":""},"categories":[16],"tags":[],"class_list":["post-10676","post","type-post","status-publish","format-standard","hentry","category-kose-yazilari","odd"],"_links":{"self":[{"href":"http:\/\/www.korhanyilmaz.com\/index.php?rest_route=\/wp\/v2\/posts\/10676","targetHints":{"allow":["GET"]}}],"collection":[{"href":"http:\/\/www.korhanyilmaz.com\/index.php?rest_route=\/wp\/v2\/posts"}],"about":[{"href":"http:\/\/www.korhanyilmaz.com\/index.php?rest_route=\/wp\/v2\/types\/post"}],"author":[{"embeddable":true,"href":"http:\/\/www.korhanyilmaz.com\/index.php?rest_route=\/wp\/v2\/users\/1"}],"replies":[{"embeddable":true,"href":"http:\/\/www.korhanyilmaz.com\/index.php?rest_route=%2Fwp%2Fv2%2Fcomments&post=10676"}],"version-history":[{"count":0,"href":"http:\/\/www.korhanyilmaz.com\/index.php?rest_route=\/wp\/v2\/posts\/10676\/revisions"}],"wp:attachment":[{"href":"http:\/\/www.korhanyilmaz.com\/index.php?rest_route=%2Fwp%2Fv2%2Fmedia&parent=10676"}],"wp:term":[{"taxonomy":"category","embeddable":true,"href":"http:\/\/www.korhanyilmaz.com\/index.php?rest_route=%2Fwp%2Fv2%2Fcategories&post=10676"},{"taxonomy":"post_tag","embeddable":true,"href":"http:\/\/www.korhanyilmaz.com\/index.php?rest_route=%2Fwp%2Fv2%2Ftags&post=10676"}],"curies":[{"name":"wp","href":"https:\/\/api.w.org\/{rel}","templated":true}]}}