{"id":10668,"date":"2009-07-01T10:48:36","date_gmt":"2009-07-01T07:48:36","guid":{"rendered":"http:\/\/www.korhanyilmaz.com\/?p=10668"},"modified":"2009-07-01T10:48:36","modified_gmt":"2009-07-01T07:48:36","slug":"bambaska-bir-surec","status":"publish","type":"post","link":"http:\/\/www.korhanyilmaz.com\/?p=10668","title":{"rendered":"Bamba\u015fka bir s\u00fcre\u00e7"},"content":{"rendered":"<p style=\"text-align: center;\"><img loading=\"lazy\" decoding=\"async\" class=\"aligncenter size-full wp-image-10669\" src=\"http:\/\/www.korhanyilmaz.com\/wp-content\/uploads\/2009\/07\/010720091019486483329.jpg\" alt=\"\" width=\"329\" height=\"210\" \/><\/p>\n<p style=\"text-align: justify;\"><img loading=\"lazy\" decoding=\"async\" class=\"size-full wp-image-10441 alignleft\" style=\"margin: 10px;\" title=\"Ru\u015fen \u00c7ak\u0131r - Vatan Gazetesi Yazar\u0131\" src=\"http:\/\/www.korhanyilmaz.com\/wp-content\/uploads\/2009\/06\/73.jpg\" alt=\"Ru\u015fen \u00c7ak\u0131r - Vatan Gazetesi Yazar\u0131\" width=\"102\" height=\"102\" \/><\/p>\n<p style=\"text-align: justify;\">Org. \u0130lker Ba\u015fbu\u011f\u2019un Genelkurmay Ba\u015fkan\u0131 olmas\u0131yla birlikte asker-sivil ili\u015fkileri bir \u00f6l\u00e7\u00fcde yoluna girmi\u015f gibi g\u00f6r\u00fcn\u00fcyordu. Y\u0131llar sonra devletin kurumlar\u0131 aras\u0131nda olu\u015fmaya ba\u015flayan mutabakat Cumhurba\u015fkan\u0131 Abdullah G\u00fcl\u2019e K\u00fcrt sorununun \u00e7\u00f6z\u00fcm\u00fc i\u00e7in tarihi bir f\u0131rsat yakaland\u0131\u011f\u0131 ilham\u0131n\u0131 bile vermi\u015fti. Demek ki bu g\u00f6r\u00fcnt\u00fc aldat\u0131c\u0131ym\u0131\u015f. En az\u0131ndan, geli\u015fmelere fazla iyimser yakla\u015fm\u0131\u015f, barda\u011f\u0131n genellikle dolu taraf\u0131na bakm\u0131\u015f\u0131z. (En az\u0131ndan ben b\u00f6yle yapmaya \u00e7al\u0131\u015ft\u0131m) Ger\u00e7eklerle y\u00fczle\u015fmek i\u00e7in d\u00fcn\u00fc ya\u015famam\u0131z gerekiyormu\u015f zira ne konu\u015fmu\u015f, nas\u0131l konu\u015fmu\u015f olurlarsa olsunlar, saatler s\u00fcren bir MGK toplant\u0131s\u0131 kesinlikle hayra alamet de\u011fildir.<\/p>\n<p style=\"text-align: justify;\">D\u00fcn itibariyle hayli \u00e7etin bir d\u00f6neme girdi\u011fimiz tart\u0131\u015f\u0131lmaz. Hatta bu s\u00fcrecin daha Ergenekon soru\u015fturmaas\u0131n\u0131n ilk ad\u0131mlar\u0131yla ba\u015flam\u0131\u015f oldu\u011funu, d\u00fcnse \u00e7ok kritik bir e\u015fi\u011fin ge\u00e7ildi\u011fini de s\u00f6yleyebiliriz. \u015eimdilik \u201c30 Haziran s\u00fcreci\u201d olarak adland\u0131rabilece\u011fimiz bu yeni d\u00f6nemin simgesinin \u201c\u0130rtica ile m\u00fccadele eylem plan\u0131\u201d oldu\u011fu muhakkak. TSK ile h\u00fck\u00fcmet bu konuda tamamen z\u0131t yakla\u015f\u0131mlara sahip. \u00d6rne\u011fin Org. Ba\u015fbu\u011f \u201cka\u011f\u0131t par\u00e7as\u0131\u201d, Ba\u015fbakan \u201cbelge\u201d olarak tan\u0131ml\u0131yor; askeri savc\u0131l\u0131k \u201csahte\u201d oldu\u011funu s\u00f6ylerken Ergenekon savc\u0131lar\u0131 Albay Dursun \u00c7i\u00e7ek\u2019i saatlerce sorgulay\u0131p tutuklanmas\u0131n\u0131 isteyebiliyorlar.<!--more--><\/p>\n<p style=\"text-align: justify;\"><strong>\u0130ki farkl\u0131 s\u00fcre\u00e7 <\/strong><\/p>\n<p style=\"text-align: justify;\">Yer yer benzerlikler ta\u015f\u0131makla birlikte 30 Haziran\u2019\u0131n 28 \u015eubat s\u00fcrecinden epey farkl\u0131 seyredece\u011fini d\u00fc\u015f\u00fcnmemiz i\u00e7in \u00e7ok neden var. \u00d6ncelikle 28 \u015eubat\u2019\u0131n Genelkurmay Ba\u015fkan\u0131 \u0130smail Hakk\u0131 Karaday\u0131 ile Org. Ba\u015fbu\u011f\u2019un asker-sivil ili\u015fkilerine bak\u0131\u015flar\u0131 aras\u0131ndaki derin farkl\u0131l\u0131klara dikkat \u00e7ekmek \u015fart. Akt\u00fct\u00fcn sald\u0131r\u0131s\u0131n\u0131n ard\u0131ndan Taraf Gazetesi\u2019ne y\u00f6nelik a\u015f\u0131r\u0131 sert \u00e7\u0131k\u0131\u015f\u0131n\u0131 bir kenara b\u0131rak\u0131rsak, Org. Ba\u015fbu\u011f\u2019un \u00e7ok zor durumlarda olabildi\u011fince serinkanl\u0131, a\u00e7\u0131k, samimi ve \u015feffaf davranabildi\u011fine tan\u0131k olduk. Onun bu tav\u0131rlar\u0131n\u0131n, AKP\u2019ye kar\u015f\u0131 muhalefeti TSK\u2019ya devretmi\u015f ya da devretmek isteyen \u00e7evreleri memnun etmedi\u011fini de biliyoruz.<\/p>\n<p style=\"text-align: justify;\">\u0130kinci \u00f6nemli husus, aradan ge\u00e7en 12 y\u0131lda g\u00fc\u00e7ler dengesinin alabildi\u011fine de\u011fi\u015fmi\u015f olmas\u0131. AB reformlar\u0131 kapsam\u0131nda siyasi hayat\u0131n siville\u015fmesine paralel olarak TSK\u2019n\u0131n iktidar\u0131 iyice s\u0131n\u0131rland\u0131 ve daha da s\u0131n\u0131rlan\u0131yor. En son geceyar\u0131s\u0131 yap\u0131lan yasa de\u011fi\u015fikli\u011finin bu kadar g\u00fcr\u00fclt\u00fc koparmas\u0131 bo\u015funa de\u011fil.<\/p>\n<p style=\"text-align: justify;\">\u00c7\u0131plak g\u00f6zle g\u00f6r\u00fcld\u00fc\u011f\u00fc gibi, 28 \u015eubat\u2019\u0131n atak TSK\u2019s\u0131n\u0131n yerini s\u00fcrekli savunma halindeki bir ordu alm\u0131\u015f durumda. 28 \u015eubat\u2019ta askerlerin ard\u0131ndaki sivil deste\u011fin de, aradan ge\u00e7en s\u00fcre i\u00e7inde b\u00fcy\u00fck \u00f6l\u00e7\u00fcde erimi\u015f, en az\u0131ndan azalm\u0131\u015f oldu\u011funu s\u00f6yleyebiliriz. Tabii bu denge kaymalar\u0131nda esas neden, TSK\u2019n\u0131n topluma yukar\u0131dan a\u015fa\u011f\u0131ya \u015fekillendirme tutkusu ve bunu yapmaya \u00e7al\u0131\u015f\u0131rken sosyo-ekonomik realiteleri do\u011fru okuyamamas\u0131, hatta okumaya bile \u00e7al\u0131\u015fmamas\u0131d\u0131r. \u00d6rne\u011fin AKP\u2019nin bu kadar g\u00fc\u00e7lenmesinde, baz\u0131lar\u0131n\u0131n dinsel hayata sadece \u201cirtica\u201d parametresinden bakmas\u0131n\u0131n rol\u00fc y\u00fcksektir. Yine bug\u00fcn medyada TSK\u2019ya y\u00f6nelik ele\u015ftirilerin bu kadar yayg\u0131nla\u015fm\u0131\u015f olmas\u0131nda, d\u00fcn y\u00fcksek r\u00fctbeli subaylar\u0131n gazetecileri emir-komuta zincirinde g\u00f6rm\u00fc\u015f olmalar\u0131n\u0131n pay\u0131 yabana at\u0131lamaz.<\/p>\n<p style=\"text-align: justify;\">\u00c7ok k\u0131r\u0131lgan bir d\u00f6nemin i\u00e7inden ge\u00e7iyoruz. Genellikle bu t\u00fcr anlarda birileri yang\u0131na k\u00f6r\u00fckle gitmeyi pek sever. \u00d6zellikle etkili ter\u00f6r eylemleri tezgahlamak isteyenler \u00e7\u0131kabilir. Bu nedenle herkes \u00e7ok \u00f6zenli ve dikkatli olmak zorunda.<\/p>\n<p style=\"text-align: justify;\"><span style=\"color: #888888;\">Kaynak : Ru\u015fen \u00c7ak\u0131r &#8211; Vatan Gazetesi<\/span><\/p>\n","protected":false},"excerpt":{"rendered":"<p style=\"text-align: center;\">\n<p style=\"text-align: justify;\">\n<p style=\"text-align: justify;\">Org. \u0130lker Ba\u015fbu\u011f\u2019un Genelkurmay Ba\u015fkan\u0131 olmas\u0131yla birlikte asker-sivil ili\u015fkileri bir \u00f6l\u00e7\u00fcde yoluna girmi\u015f gibi g\u00f6r\u00fcn\u00fcyordu. Y\u0131llar sonra devletin kurumlar\u0131 aras\u0131nda olu\u015fmaya ba\u015flayan mutabakat Cumhurba\u015fkan\u0131 Abdullah G\u00fcl\u2019e K\u00fcrt sorununun \u00e7\u00f6z\u00fcm\u00fc i\u00e7in tarihi bir f\u0131rsat yakaland\u0131\u011f\u0131 ilham\u0131n\u0131 bile vermi\u015fti. Demek ki bu g\u00f6r\u00fcnt\u00fc aldat\u0131c\u0131ym\u0131\u015f. En az\u0131ndan, geli\u015fmelere fazla iyimser <\/p>\n","protected":false},"author":1,"featured_media":0,"comment_status":"open","ping_status":"closed","sticky":false,"template":"","format":"standard","meta":{"footnotes":""},"categories":[16],"tags":[],"class_list":["post-10668","post","type-post","status-publish","format-standard","hentry","category-kose-yazilari","odd"],"_links":{"self":[{"href":"http:\/\/www.korhanyilmaz.com\/index.php?rest_route=\/wp\/v2\/posts\/10668","targetHints":{"allow":["GET"]}}],"collection":[{"href":"http:\/\/www.korhanyilmaz.com\/index.php?rest_route=\/wp\/v2\/posts"}],"about":[{"href":"http:\/\/www.korhanyilmaz.com\/index.php?rest_route=\/wp\/v2\/types\/post"}],"author":[{"embeddable":true,"href":"http:\/\/www.korhanyilmaz.com\/index.php?rest_route=\/wp\/v2\/users\/1"}],"replies":[{"embeddable":true,"href":"http:\/\/www.korhanyilmaz.com\/index.php?rest_route=%2Fwp%2Fv2%2Fcomments&post=10668"}],"version-history":[{"count":0,"href":"http:\/\/www.korhanyilmaz.com\/index.php?rest_route=\/wp\/v2\/posts\/10668\/revisions"}],"wp:attachment":[{"href":"http:\/\/www.korhanyilmaz.com\/index.php?rest_route=%2Fwp%2Fv2%2Fmedia&parent=10668"}],"wp:term":[{"taxonomy":"category","embeddable":true,"href":"http:\/\/www.korhanyilmaz.com\/index.php?rest_route=%2Fwp%2Fv2%2Fcategories&post=10668"},{"taxonomy":"post_tag","embeddable":true,"href":"http:\/\/www.korhanyilmaz.com\/index.php?rest_route=%2Fwp%2Fv2%2Ftags&post=10668"}],"curies":[{"name":"wp","href":"https:\/\/api.w.org\/{rel}","templated":true}]}}